{"id":361101,"date":"2025-09-02T15:56:11","date_gmt":"2025-09-02T15:56:11","guid":{"rendered":"https:\/\/www.europesays.com\/fr\/361101\/"},"modified":"2025-09-02T15:56:11","modified_gmt":"2025-09-02T15:56:11","slug":"elections-dans-la-metropole-de-lyon-bruno-bernard-pose-le-cadre-de-lunion-de-la-gauche","status":"publish","type":"post","link":"https:\/\/www.europesays.com\/fr\/361101\/","title":{"rendered":"\u00c9lections dans la m\u00e9tropole de Lyon : Bruno Bernard pose le cadre de l&rsquo;union de la gauche"},"content":{"rendered":"<p>                            <img loading=\"lazy\" width=\"1200\" height=\"750\" class=\"attachment-article size-article wp-post-image lazyload\" alt=\"\" decoding=\"async\" src=\"https:\/\/www.europesays.com\/fr\/wp-content\/uploads\/2025\/09\/IMG_7609-e1756827771934.jpg\" data-eio-rwidth=\"1200\" data-eio-rheight=\"750\"\/><\/p>\n<p>C\u00e9dric Van Styvendael, maire de Villeurbanne et Bruno Bernard, pr\u00e9sident de la M\u00e9tropole de Lyon sur la place Grandcl\u00e9ment. (@Vincent Guiraud)<\/p>\n<p class=\"content\" style=\"font-size:1.2em;font-weight:700\">Le pr\u00e9sident de la m\u00e9tropole de Lyon, Bruno Bernard, a confirm\u00e9 son soutien \u00e0 une union large de la gauche pour les \u00e9lections de 2026. Pour l&rsquo;heure, LFI n&rsquo;y est pas int\u00e9gr\u00e9, mais pas exclu pour autant.<\/p>\n<p>Dans les colonnes de <a href=\"https:\/\/tribunedelyon.fr\/politique\/gauche-lyon-municipales-metropolitaines-2026\/\" target=\"_blank\" rel=\"noreferrer noopener nofollow\">Tribune de Lyon<\/a>, le pr\u00e9sident de la M\u00e9tropole de Lyon, Bruno Bernard, et les maires de gauche des principales communes de l&rsquo;agglom\u00e9ration signent une tribune en commun, deux jours apr\u00e8s le d\u00e9but de la campagne \u00e9lectorale des \u00e9lections municipales et m\u00e9tropolitaines de 2026.<\/p>\n<p><strong>Lire aussi :<\/strong>\u00a0<a href=\"https:\/\/www.lyoncapitale.fr\/actualite\/municipales-2026-a-lyon-reprimande-apres-avoir-appele-a-l-unite-de-la-gauche-bosetti-quitte-lfi\" target=\"_blank\" rel=\"noreferrer noopener nofollow\">Municipales 2026 \u00e0 Lyon : r\u00e9primand\u00e9 apr\u00e8s avoir appel\u00e9 \u00e0 l&rsquo;unit\u00e9 de la gauche, Bosetti quitte LFI<\/a><a href=\"https:\/\/www.lyoncapitale.fr\/#facebook\" target=\"_blank\" rel=\"noreferrer noopener nofollow\"><\/p>\n<p>LFI ? \u00ab\u00a0C&rsquo;est \u00e0 eux de se positionner\u00a0\u00bb<\/p>\n<p>Parmi les signataires, on y retrouve le maire \u00e9cologiste de Lyon et candidat \u00e0 sa succession Gr\u00e9gory Doucet et le maire PS de Villeurbanne C\u00e9dric Van Styvendael, mais aussi la maire socialiste de Vaulx-en-Velin H\u00e9l\u00e8ne Geoffroy et la maire communiste de V\u00e9nissieux Mich\u00e8le Picard. Une nouvelle indication qui pousse \u00e0 croire qu&rsquo;\u00e9cologistes, socialistes et communistes devraient partir sans la France insoumise \u00e0 leurs c\u00f4t\u00e9s. Les signataires disent vouloir poursuivre leur \u00ab\u00a0dynamique collective\u00a0\u00bb engag\u00e9e durant le mandat actuel.<\/p>\n<p>Dans le num\u00e9ro de septembre de Lyon Capitale, Bruno Bernard rappelait : \u00ab\u00a0Il y a plusieurs gauches mais nous avons vocation \u00e0 travailler ensemble et nous le faisons \u00e0 la M\u00e9tropole de Lyon. Je ne suis pas candidat aujourd\u2019hui mais je souhaite que cette majorit\u00e9 reparte autour d\u2019un projet\u00a0\u00bb. Son soutien aux maires de gauche signifie-t-il un premier pas vers une candidature ? <\/p>\n<p>Si aucun \u00e9lu LFI n&rsquo;est signataire de cette tribune, le pr\u00e9sident de la M\u00e9tropole rappelle que le parti de Jean-Luc M\u00e9lenchon fait partie \u00ab\u00a0des forces politiques qui, aujourd&rsquo;hui, sont dans l&rsquo;ex\u00e9cutif de la M\u00e9tropole de Lyon\u00a0\u00bb. Et d&rsquo;ajouter : \u00ab\u00a0C&rsquo;est \u00e0 eux de se positionner.\u00a0\u00bb Pour l&rsquo;heure, La France insoumise semble s&rsquo;orienter vers des candidatures face \u00e0 la gauche au premier tour,<a href=\"https:\/\/www.lyoncapitale.fr\/actualite\/municipales-2026-vers-une-candidature-d-anais-belouassa-cherifi-a-lyon\" target=\"_blank\" rel=\"noreferrer noopener nofollow\"> notamment \u00e0 Vaulx-en-Velin ou \u00e0 Lyon<\/a>. Pas s\u00fbr n\u00e9anmoins qu&rsquo;une telle strat\u00e9gie trouve ses soutiens localement, plusieurs de ses membres ont d\u00e9j\u00e0 quitt\u00e9 le mouvement pour soutenir l&rsquo;union d\u00e8s le premier tour et d\u00e9fendre le bilan du mandat \u00e9coul\u00e9.  <\/p>\n<p><strong>Lire aussi :<\/strong> <a href=\"https:\/\/www.lyoncapitale.fr\/politique\/a-lyon-trois-nouveaux-elus-rejoignent-l-apres-mouvement-lance-par-des-dissidents-de-lfi\" target=\"_blank\" rel=\"noreferrer noopener nofollow\">\u00c0 Lyon, trois nouveaux \u00e9lus rejoignent \u00ab\u00a0L&rsquo;Apr\u00e8s\u00a0\u00bb, mouvement lanc\u00e9 par des dissidents de LFI<\/a><\/p>\n","protected":false},"excerpt":{"rendered":"C\u00e9dric Van Styvendael, maire de Villeurbanne et Bruno Bernard, pr\u00e9sident de la M\u00e9tropole de Lyon sur la place&hellip;\n","protected":false},"author":2,"featured_media":361102,"comment_status":"","ping_status":"","sticky":false,"template":"","format":"standard","meta":{"footnotes":""},"categories":[1889],"tags":[1111,11,2430,1777,674,1011,27,2428,12,25],"class_list":{"0":"post-361101","1":"post","2":"type-post","3":"status-publish","4":"format-standard","5":"has-post-thumbnail","7":"category-lyon","8":"tag-actu","9":"tag-actualites","10":"tag-auvergne-rhone-alpes","11":"tag-eu","12":"tag-europe","13":"tag-fr","14":"tag-france","15":"tag-lyon","16":"tag-news","17":"tag-republique-francaise"},"share_on_mastodon":{"url":"https:\/\/pubeurope.com\/@fr\/115135525106019032","error":""},"_links":{"self":[{"href":"https:\/\/www.europesays.com\/fr\/wp-json\/wp\/v2\/posts\/361101","targetHints":{"allow":["GET"]}}],"collection":[{"href":"https:\/\/www.europesays.com\/fr\/wp-json\/wp\/v2\/posts"}],"about":[{"href":"https:\/\/www.europesays.com\/fr\/wp-json\/wp\/v2\/types\/post"}],"author":[{"embeddable":true,"href":"https:\/\/www.europesays.com\/fr\/wp-json\/wp\/v2\/users\/2"}],"replies":[{"embeddable":true,"href":"https:\/\/www.europesays.com\/fr\/wp-json\/wp\/v2\/comments?post=361101"}],"version-history":[{"count":0,"href":"https:\/\/www.europesays.com\/fr\/wp-json\/wp\/v2\/posts\/361101\/revisions"}],"wp:featuredmedia":[{"embeddable":true,"href":"https:\/\/www.europesays.com\/fr\/wp-json\/wp\/v2\/media\/361102"}],"wp:attachment":[{"href":"https:\/\/www.europesays.com\/fr\/wp-json\/wp\/v2\/media?parent=361101"}],"wp:term":[{"taxonomy":"category","embeddable":true,"href":"https:\/\/www.europesays.com\/fr\/wp-json\/wp\/v2\/categories?post=361101"},{"taxonomy":"post_tag","embeddable":true,"href":"https:\/\/www.europesays.com\/fr\/wp-json\/wp\/v2\/tags?post=361101"}],"curies":[{"name":"wp","href":"https:\/\/api.w.org\/{rel}","templated":true}]}}