{"id":361105,"date":"2025-09-02T15:59:09","date_gmt":"2025-09-02T15:59:09","guid":{"rendered":"https:\/\/www.europesays.com\/fr\/361105\/"},"modified":"2025-09-02T15:59:09","modified_gmt":"2025-09-02T15:59:09","slug":"malgre-lengouement-lun-des-trois-sites-de-baignade-dans-la-seine-ne-sera-plus-jamais-accessible","status":"publish","type":"post","link":"https:\/\/www.europesays.com\/fr\/361105\/","title":{"rendered":"malgr\u00e9 l&rsquo;engouement, l&rsquo;un des trois sites de baignade dans la Seine ne sera plus jamais accessible"},"content":{"rendered":"<p>            Par<br \/>\n        <strong><br \/>\n            <a href=\"https:\/\/actu.fr\/auteur\/julie-bossart-actu-fr\" title=\"Consulter tous les articles de Julie Bossart\" target=\"_blank\" rel=\"noopener\">Julie Bossart<\/a><br \/>\n        <\/strong><\/p>\n<p>        Publi\u00e9 le<\/p>\n<p>            2 sept. 2025 \u00e0 17h52        <\/p>\n<p>Sujet \u00e0 contre-courant. Alors que les esprits sont tout accapar\u00e9s par la rentr\u00e9e scolaire et que la <a href=\"https:\/\/actu.fr\/meteo\/un-temps-plus-agite-que-prevu-a-paris-et-en-ile-de-france-meteo-france-declenche-la-vigilance-orages_63098504.html\" target=\"_blank\" rel=\"noopener\">m\u00e9t\u00e9o fait des siennes<\/a>, on vous reparle de la baignade dans la Seine \u00e0 <a href=\"https:\/\/actu.fr\/paris\/dernieres-actus\" target=\"_blank\" rel=\"noopener\">Paris<\/a>. Succ\u00e8s populaire (pr\u00e8s de 100\u2009000\u00a0personnes ont fait trempette dans le fleuve) et sanitaire (<a href=\"https:\/\/actu.fr\/ile-de-france\/paris_75056\/baignade-dans-la-seine-face-au-succes-populaire-et-sanitaire-paris-fait-mentir-les-oiseaux-de-mauvais-augure_63065267.html\" target=\"_blank\" rel=\"noopener\">aucun cas grave d\u2019infection<\/a> n\u2019a \u00e9t\u00e9 d\u00e9tect\u00e9 jusqu\u2019\u00e0 pr\u00e9sent) pour la maire de Paris, <a href=\"https:\/\/actu.fr\/tag\/anne-hidalgo\" target=\"_blank\" rel=\"noopener\">Anne Hidalgo<\/a> (PS), cette activit\u00e9 gratuite a \u00e9t\u00e9 <a href=\"https:\/\/actu.fr\/ile-de-france\/paris_75056\/un-succes-exceptionnel-anne-hidalgo-annonce-le-prolongement-de-la-baignade-dans-la-seine-en-septembre_63082519.html\" target=\"_blank\" rel=\"noopener\">prolong\u00e9e<\/a>, mais seulement sur deux des <a href=\"https:\/\/actu.fr\/ile-de-france\/paris_75056\/carte-baignade-dans-la-seine-les-trois-sites-ou-il-sera-possible-de-nager-a-paris_59835239.html\" target=\"_blank\" rel=\"noopener\">trois sites retenus cette ann\u00e9e.<\/a><\/p>\n<p>Permettre aux bateaux de naviguer<\/p>\n<p class=\" wall-content\">Si le <a href=\"https:\/\/actu.fr\/ile-de-france\/paris_75056\/baignade-dans-la-seine-a-paris-un-meccano-geant-pour-accueillir-plus-d-une-centaine-de-nageurs-cet-ete_62792453.html\" target=\"_blank\" rel=\"noopener\">site de Grenelle<\/a> (15e) restera accessible jusqu\u2019au 7\u00a0septembre, et <a href=\"https:\/\/actu.fr\/ile-de-france\/paris_75056\/paris-elle-est-douce-et-chaude-on-a-nage-dans-la-seine-a-bercy-avec-les-premiers-baigneurs_62873044.html\" target=\"_blank\" rel=\"noopener\">celui de Bercy<\/a> jusqu\u2019au 14\u00a0septembre (avec un week-end bonus dans le 12e, les 20 et 21\u00a0septembre), celui du Bras Marie, situ\u00e9 au pied du pont de Sully et face \u00e0 l\u2019\u00eele Saint-Louis (4e), a d\u00e9finitivement ferm\u00e9 son bassin. Une d\u00e9cision prise il y a des mois, recontextualise la pr\u00e9fecture d\u2019\u00cele-de-France\u2009: \u00ab\u2009Depuis l\u2019officialisation des trois sites de baignade en mai dernier, il a \u00e9t\u00e9 annonc\u00e9 que le site serait d\u00e9plac\u00e9 les ann\u00e9es suivantes. C\u2019est un engagement pris par l\u2019\u00c9tat avec la Ville de Paris de proposer un lieu plus adapt\u00e9 \u00e0 la navigation des bateaux.\u2009\u00bb<\/p>\n<p class=\" wall-content\">Fin mars, les acteurs de l\u2019industrie fluviale avaient en effet alert\u00e9 sur <a href=\"https:\/\/actu.fr\/ile-de-france\/paris_75056\/baignade-dans-la-seine-a-paris-les-acteurs-de-l-industrie-fluviale-se-sentent-trahis-par-anne-hidalgo_62452016.html\" target=\"_blank\" rel=\"noopener\">le risque<\/a> que ferait peser sur leur fili\u00e8re la baignade dans la Seine. Le site du Bras Marie les inqui\u00e9tait particuli\u00e8rement du fait de sa configuration\u2009: la navigation y est coup\u00e9e en deux, l\u2019une sur le bras principal, l\u2019autre sur le Bras Marie.<\/p>\n<p class=\" wall-content\">\u00ab\u2009Si on [le] ferme [pour des raisons de s\u00e9curit\u00e9 li\u00e9e \u00e0 la baignade], les navires de croisi\u00e8re devront passer par le bras principal et s\u2019ins\u00e9rer dans une circulation altern\u00e9e, ce qui cr\u00e9erait des embouteillages\u2009\u00bb, relavait Didier Leandri, pr\u00e9sident d\u2019Entreprises fluviales de France (E2F). De son c\u00f4t\u00e9, Olivier Jamey, pr\u00e9sident de la Communaut\u00e9 portuaire de Paris (CPP), redoutait \u00ab\u2009des pertes financi\u00e8res colossales\u2009\u00bb pour le secteur du tourisme fluvial, \u00ab\u2009qui transporte chaque ann\u00e9e 9\u00a0millions de passagers\u2009\u00bb, dont la plupart en juillet et en ao\u00fbt, mais aussi un ralentissement de l\u2019activit\u00e9 fret.<\/p>\n<p>Deux autres sites \u00e0 l\u2019\u00e9tude<\/p>\n<p class=\" wall-content\">Dans un r\u00e9cent article du <a href=\"https:\/\/www.lefigaro.fr\/actualite-france\/nous-reflechissons-a-ouvrir-deux-des-trois-sites-jusqu-a-la-mi-septembre-face-a-l-engouement-paris-veut-prolonger-la-baignade-dans-la-seine-20250825\" target=\"_blank\" rel=\"noopener\">Figaro<\/a>, Taoufiq El Amrani, responsable des Bateaux-Mouches, reconnaissait qu\u2019ils avaient pu travailler la plupart du temps, mais regrettait que l\u2019information des jours de fermeture des sites pour cause de pluie n\u2019ait pas bien circul\u00e9, ce qui a ajout\u00e9 des contraintes suppl\u00e9mentaires inutiles aux pilotes.\u2009\u00bb Un patron de bateau de marchandise expliquait quant \u00e0 lui que, pour \u00e9viter la fermeture de Bras Marie le dimanche dans le sens province-Paris, il avait d\u00fb travailler de nuit le samedi. Et de trancher\u2009: \u00ab\u2009Ce n\u2019est pas \u00e0 refaire.\u2009\u00bb<\/p>\n<p class=\" wall-content\">\u00ab\u2009Aucun bateau ni aucune barge n\u2019a \u00e9t\u00e9 emp\u00each\u00e9 de naviguer\u2009\u00bb, pr\u00e9cise pour sa part la pr\u00e9fecture. La question d\u00e9sormais est de savoir quel autre site viendra remplacer celui du 4e, l\u2019an prochain. Des solutions de repli sont envisag\u00e9es, assure la pr\u00e9fecture\u2009: \u00ab\u2009Des \u00e9tudes sont en cours pour \u00e9valuer deux options au pont Louis-Philippe [4e] ou \u00e0 la hauteur des jardins Tino-Rossi [5e].\u2009\u00bb<\/p>\n<p class=\" wall-content\">Personnalisez votre actualit\u00e9 en ajoutant vos villes et m\u00e9dias en favori avec <a href=\"https:\/\/moncompte.actu.fr\" title=\"D\u00e9couvez Mon Actu\" rel=\"nofollow noopener\" data-trk=\"{&quot;cta&quot;:{&quot;action&quot;:&quot;https:\\\/\\\/moncompte.actu.fr&quot;,&quot;category&quot;:&quot;mon compte&quot;,&quot;from&quot;:&quot;article footer&quot;,&quot;name&quot;:&quot;Mon actu&quot;,&quot;type&quot;:&quot;cta&quot;}}\" target=\"_blank\">Mon Actu<\/a>.<\/p>\n","protected":false},"excerpt":{"rendered":"Par Julie Bossart Publi\u00e9 le 2 sept. 2025 \u00e0 17h52 Sujet \u00e0 contre-courant. Alors que les esprits sont&hellip;\n","protected":false},"author":2,"featured_media":361106,"comment_status":"","ping_status":"","sticky":false,"template":"","format":"standard","meta":{"footnotes":""},"categories":[1592],"tags":[1111,11,1777,674,652,1011,27,662,5353,1652,12,626,25,517],"class_list":{"0":"post-361105","1":"post","2":"type-post","3":"status-publish","4":"format-standard","5":"has-post-thumbnail","7":"category-ile-de-france","8":"tag-actu","9":"tag-actualites","10":"tag-eu","11":"tag-europe","12":"tag-famille","13":"tag-fr","14":"tag-france","15":"tag-ile-de-france","16":"tag-la-seine","17":"tag-loisirs-culture","18":"tag-news","19":"tag-paris","20":"tag-republique-francaise","21":"tag-sport"},"share_on_mastodon":{"url":"https:\/\/pubeurope.com\/@fr\/115135536472361671","error":""},"_links":{"self":[{"href":"https:\/\/www.europesays.com\/fr\/wp-json\/wp\/v2\/posts\/361105","targetHints":{"allow":["GET"]}}],"collection":[{"href":"https:\/\/www.europesays.com\/fr\/wp-json\/wp\/v2\/posts"}],"about":[{"href":"https:\/\/www.europesays.com\/fr\/wp-json\/wp\/v2\/types\/post"}],"author":[{"embeddable":true,"href":"https:\/\/www.europesays.com\/fr\/wp-json\/wp\/v2\/users\/2"}],"replies":[{"embeddable":true,"href":"https:\/\/www.europesays.com\/fr\/wp-json\/wp\/v2\/comments?post=361105"}],"version-history":[{"count":0,"href":"https:\/\/www.europesays.com\/fr\/wp-json\/wp\/v2\/posts\/361105\/revisions"}],"wp:featuredmedia":[{"embeddable":true,"href":"https:\/\/www.europesays.com\/fr\/wp-json\/wp\/v2\/media\/361106"}],"wp:attachment":[{"href":"https:\/\/www.europesays.com\/fr\/wp-json\/wp\/v2\/media?parent=361105"}],"wp:term":[{"taxonomy":"category","embeddable":true,"href":"https:\/\/www.europesays.com\/fr\/wp-json\/wp\/v2\/categories?post=361105"},{"taxonomy":"post_tag","embeddable":true,"href":"https:\/\/www.europesays.com\/fr\/wp-json\/wp\/v2\/tags?post=361105"}],"curies":[{"name":"wp","href":"https:\/\/api.w.org\/{rel}","templated":true}]}}