{"id":361107,"date":"2025-09-02T16:00:13","date_gmt":"2025-09-02T16:00:13","guid":{"rendered":"https:\/\/www.europesays.com\/fr\/361107\/"},"modified":"2025-09-02T16:00:13","modified_gmt":"2025-09-02T16:00:13","slug":"un-serrurier-des-hauts-de-seine-et-deux-acolytes-sous-les-verrous","status":"publish","type":"post","link":"https:\/\/www.europesays.com\/fr\/361107\/","title":{"rendered":"un serrurier des Hauts-de-Seine et deux acolytes sous les verrous"},"content":{"rendered":"<p>            Par<br \/>\n        <strong><br \/>\n            <a href=\"https:\/\/actu.fr\/auteur\/hugo-hancewicz\" title=\"Consulter tous les articles de Hugo Hancewicz\" rel=\"nofollow noopener\" target=\"_blank\">Hugo Hancewicz<\/a><br \/>\n        <\/strong><\/p>\n<p>        Publi\u00e9 le<\/p>\n<p>            2 sept. 2025 \u00e0 6h34        <\/p>\n<p>Depuis le d\u00e9but de l\u2019\u00e9t\u00e9, certains habitants d\u2019<a href=\"https:\/\/actu.fr\/ile-de-france\/asnieres-sur-seine_92004\" rel=\"nofollow noopener\" target=\"_blank\">Asni\u00e8res-sur-Seine<\/a> (<a href=\"https:\/\/actu.fr\/ile-de-france\/hauts-de-seine_92\" rel=\"nofollow noopener\" target=\"_blank\">Hauts-de-Seine<\/a>) avaient bien du mal \u00e0 rentrer chez eux. Et pour cause, <strong>leurs serrures se retrouvaient soudainement bouch\u00e9es \u00e0 la colle<\/strong>, scell\u00e9es par une main mal intentionn\u00e9e. Et les premi\u00e8res plaintes sont rapidement tomb\u00e9es d\u00e8s le 8\u00a0juillet 2025. Mais \u00e0 partir du 21\u00a0ao\u00fbt, l\u2019affaire a pris une tout autre ampleur <strong>avec une vague impressionnante de d\u00e9gradations<\/strong>. En quelques jours, pr\u00e8s de 110 serrures ont ainsi \u00e9t\u00e9 mises hors d\u2019usage pour un pr\u00e9judice fr\u00f4lant les 90\u2009000\u00a0euros.<\/p>\n<p>Les malfaiteurs pris la main dans le sac<\/p>\n<p class=\" wall-content\">Pour d\u00e9nouer ce dr\u00f4le de feuilleton, les enqu\u00eateurs du commissariat d\u2019Asni\u00e8res n\u2019ont pas m\u00e9nag\u00e9 leurs efforts. <a href=\"https:\/\/actu.fr\/ile-de-france\/asnieres-sur-seine_92004\/l-ia-deployee-dans-cette-ville-des-hauts-de-seine-pour-la-videosurveillance-et-les-enquetes_62899455.html\" rel=\"nofollow noopener\" target=\"_blank\">Images de vid\u00e9osurveillance<\/a> en main, recoupements techniques \u00e0 l\u2019appui, <strong>ils ont fini par cibler deux individus<\/strong> \u00e0 l\u2019allure un peu trop famili\u00e8re sur les lieux des m\u00e9faits. Les policiers ont ensuite pouss\u00e9 l\u2019investigation plus loin et, surprise, derri\u00e8re ces colleurs de serrures se cachait un commanditaire pas vraiment d\u00e9sint\u00e9ress\u00e9, <strong>puisqu\u2019il s\u2019agissait d\u2019une entreprise de serrurerie<\/strong>. Sous le nom trompeur de \u00ab\u2009Serruriers de confiance\u2009\u00bb, les brigands d\u00e9posaient ensuite des flyers frauduleux dans la bo\u00eete aux lettres des victimes.<\/p>\n<p class=\" wall-content\">Le 25\u00a0ao\u00fbt, le plan des enqu\u00eateurs se concr\u00e9tise. Les deux auteurs pr\u00e9sum\u00e9s sont cueillis <strong>en flagrant d\u00e9lit<\/strong>, tubes de colle dans les poches, alors qu\u2019ils venaient de s\u2019attaquer une nouvelle fois \u00e0 des portes d\u2019immeubles.<\/p>\n<p class=\" wall-content\">Pris sur le fait, ils ne contestent pas longtemps. Pay\u00e9s \u00e0 la journ\u00e9e, <strong>ils reconnaissent avoir agi sur instruction<\/strong>. Le lendemain, c\u2019est au tour du serrurier commanditaire d\u2019\u00eatre interpell\u00e9 \u00e0 son domicile, en petite couronne. Face aux preuves r\u00e9unies, lui aussi finit par admettre son r\u00f4le.<\/p>\n<p>Un jugement \u00e0 venir<\/p>\n<p class=\" wall-content\">Tous trois ont \u00e9t\u00e9 pr\u00e9sent\u00e9s \u00e0 un magistrat pour des faits <strong>\u00ab\u2009d\u2019escroquerie en bande organis\u00e9e et d\u00e9gradations volontaires en r\u00e9union\u2009\u00bb<\/strong>. Ils se trouvent d\u00e9sormais en d\u00e9tention provisoire, en attendant leur jugement qui se tiendra le 15\u00a0octobre prochain.<\/p>\n<p class=\" wall-content\">\u00ab\u2009Saluons ce remarquable travail d\u2019enqu\u00eate des services d\u2019investigation de la police nationale d\u2019Asni\u00e8res, s\u2019est f\u00e9licit\u00e9 le maire d\u2019Asni\u00e8res, Manuel Aeschlimann (<a href=\"https:\/\/actu.fr\/tag\/les-republicains-lr\" rel=\"nofollow noopener\" target=\"_blank\">LR<\/a>) sur ses r\u00e9seaux sociaux. Ils ont pu s\u2019appuyer <strong>sur les images fournies par notre vid\u00e9oprotection<\/strong> pour identifier les individus auteurs des d\u00e9gradations\u2009\u00bb.<\/p>\n<p class=\" wall-content\">Personnalisez votre actualit\u00e9 en ajoutant vos villes et m\u00e9dias en favori avec <a href=\"https:\/\/moncompte.actu.fr\" title=\"D\u00e9couvez Mon Actu\" rel=\"nofollow noopener\" data-trk=\"{&quot;cta&quot;:{&quot;action&quot;:&quot;https:\\\/\\\/moncompte.actu.fr&quot;,&quot;category&quot;:&quot;mon compte&quot;,&quot;from&quot;:&quot;article footer&quot;,&quot;name&quot;:&quot;Mon actu&quot;,&quot;type&quot;:&quot;cta&quot;}}\" target=\"_blank\">Mon Actu<\/a>.<\/p>\n","protected":false},"excerpt":{"rendered":"Par Hugo Hancewicz Publi\u00e9 le 2 sept. 2025 \u00e0 6h34 Depuis le d\u00e9but de l\u2019\u00e9t\u00e9, certains habitants d\u2019Asni\u00e8res-sur-Seine&hellip;\n","protected":false},"author":2,"featured_media":361108,"comment_status":"","ping_status":"","sticky":false,"template":"","format":"standard","meta":{"footnotes":""},"categories":[1888],"tags":[1111,1928,11,1927,3514,3513,1777,674,118,1011,27,303,12,1926,626,1925,25],"class_list":{"0":"post-361107","1":"post","2":"type-post","3":"status-publish","4":"format-standard","5":"has-post-thumbnail","7":"category-paris","8":"tag-actu","9":"tag-actu-paris","10":"tag-actualites","11":"tag-actualites-paris","12":"tag-arnaque","13":"tag-escroquerie","14":"tag-eu","15":"tag-europe","16":"tag-faits-divers","17":"tag-fr","18":"tag-france","19":"tag-justice","20":"tag-news","21":"tag-news-paris","22":"tag-paris","23":"tag-paris-news","24":"tag-republique-francaise"},"share_on_mastodon":{"url":"https:\/\/pubeurope.com\/@fr\/115135541958451931","error":""},"_links":{"self":[{"href":"https:\/\/www.europesays.com\/fr\/wp-json\/wp\/v2\/posts\/361107","targetHints":{"allow":["GET"]}}],"collection":[{"href":"https:\/\/www.europesays.com\/fr\/wp-json\/wp\/v2\/posts"}],"about":[{"href":"https:\/\/www.europesays.com\/fr\/wp-json\/wp\/v2\/types\/post"}],"author":[{"embeddable":true,"href":"https:\/\/www.europesays.com\/fr\/wp-json\/wp\/v2\/users\/2"}],"replies":[{"embeddable":true,"href":"https:\/\/www.europesays.com\/fr\/wp-json\/wp\/v2\/comments?post=361107"}],"version-history":[{"count":0,"href":"https:\/\/www.europesays.com\/fr\/wp-json\/wp\/v2\/posts\/361107\/revisions"}],"wp:featuredmedia":[{"embeddable":true,"href":"https:\/\/www.europesays.com\/fr\/wp-json\/wp\/v2\/media\/361108"}],"wp:attachment":[{"href":"https:\/\/www.europesays.com\/fr\/wp-json\/wp\/v2\/media?parent=361107"}],"wp:term":[{"taxonomy":"category","embeddable":true,"href":"https:\/\/www.europesays.com\/fr\/wp-json\/wp\/v2\/categories?post=361107"},{"taxonomy":"post_tag","embeddable":true,"href":"https:\/\/www.europesays.com\/fr\/wp-json\/wp\/v2\/tags?post=361107"}],"curies":[{"name":"wp","href":"https:\/\/api.w.org\/{rel}","templated":true}]}}