{"id":361109,"date":"2025-09-02T16:01:13","date_gmt":"2025-09-02T16:01:13","guid":{"rendered":"https:\/\/www.europesays.com\/fr\/361109\/"},"modified":"2025-09-02T16:01:13","modified_gmt":"2025-09-02T16:01:13","slug":"le-nrf-retails-big-show-prepare-sa-premiere-edition-parisienne","status":"publish","type":"post","link":"https:\/\/www.europesays.com\/fr\/361109\/","title":{"rendered":"Le NRF Retail\u2019s Big Show pr\u00e9pare sa premi\u00e8re \u00e9dition parisienne"},"content":{"rendered":"<p>\n                                    <b>Publi\u00e9 le<\/b><br \/>\n                                    <\/p>\n<p>                                        2 septembre 2025<\/p>\n<p class=\"article-content col-md-8 offset-md-1\">\n                                L\u2019ex-Paris Retail Week va s&rsquo;installer du 16 au 18 septembre dans les pavillons 4 et 6 du Parc des Expositions de la Porte de Versailles. D\u00e9sormais baptis\u00e9 <a class=\"fnwAddLinks\" href=\"https:\/\/fr.fashionnetwork.com\/tags-nrf\" title=\"NRF\" rel=\"nofollow noopener\" target=\"_blank\">NRF<\/a>\u201925 Retail\u2019s Big Show, le rendez-vous attend 480 fournisseurs de solutions et pr\u00e8s de 15.000 participants.<\/p>\n<p><img decoding=\"async\" class=\"news-image\" style=\"width:100%;\" src=\"https:\/\/www.europesays.com\/fr\/wp-content\/uploads\/2025\/09\/386f.jpg\" alt=\"\" loading=\"lazy\"\/> NRF&rsquo;s 25 Retail&rsquo;s Big Show Europe<\/p>\n<p class=\"col-md-8 offset-md-1 article-content--texte\">Les repr\u00e9sentants de quelque 7.000 d\u00e9taillants internationaux sont notamment attendus sur les 25.000 m\u00e8tres carr\u00e9s de cette \u00e9dition parisienne destin\u00e9e \u00e0 devenir le grand rendez-vous europ\u00e9en du NRF, salon n\u00e9 \u00e0 New York sous l\u2019\u00e9gide de la National Retail Federation am\u00e9ricaine (ou NRF, soit, en fran\u00e7ais, la f\u00e9d\u00e9ration nationale des d\u00e9taillants).<\/p>\n<p>N\u00e9 de la fusion des salons E-commerce Paris et Equipmag, Paris Retail Week laisse ainsi la place \u00e0 un rendez-vous qui proposera pr\u00e8s de 70 pr\u00e9sentations par des exposants, auxquelles s&rsquo;ajoutent des d\u00e9monstrations d\u2019une trentaine de solutions innovantes. Les professionnels peuvent \u00e9galement s\u2019appuyer sur des rendez-vous personnalis\u00e9s en fonction de leurs besoins du moment, sur un \u00ab\u00a0Startup Hub\u00a0\u00bb r\u00e9unissant les solutions \u00e9mergentes, et sur plusieurs \u201cTours\u201d d\u00e9di\u00e9s \u00e0 accompagner les visiteurs entre divers stands clefs de cette \u00e9dition, mais \u00e9galement dans la d\u00e9couverte de commerces notables de la capitale.<\/p>\n<p class=\"col-md-8 offset-md-1 article-content--texte\">Le salon sera accompagn\u00e9 d\u2019un cycle de conf\u00e9rences th\u00e9matiques, pour une \u00e9dition tourn\u00e9e vers huit grands sujets du secteur: le retail unifi\u00e9, l\u2019innovation en point de vente, les enjeux logistiques, la responsabilit\u00e9 sociale et environnementale, l\u2019essor des marketplaces, l\u2019innovation dans le paiement, la relation client, et les opportunit\u00e9s cr\u00e9\u00e9es par la data.<\/p>\n<p>Parmi les intervenants annonc\u00e9s figurent notamment les dirigeants ou repr\u00e9sentants de <a class=\"fnwAddLinks\" href=\"https:\/\/fr.fashionnetwork.com\/tags-lvmh\" title=\"LVMH\" rel=\"nofollow noopener\" target=\"_blank\">LVMH<\/a>, On, <a class=\"fnwAddLinks\" href=\"https:\/\/fr.fashionnetwork.com\/tags-galeries-lafayette\" title=\"Galeries Lafayette\" rel=\"nofollow noopener\" target=\"_blank\">Galeries Lafayette<\/a>, <a class=\"fnwAddLinks\" href=\"https:\/\/fr.fashionnetwork.com\/tags-tara-jarmon\" title=\"Tara Jarmon\" rel=\"nofollow noopener\" target=\"_blank\">Tara Jarmon<\/a>, <a class=\"fnwAddLinks\" href=\"https:\/\/fr.fashionnetwork.com\/tags-authentic-brands-group\" title=\"Authentic Brands Group\" rel=\"nofollow noopener\" target=\"_blank\">Authentic Brands Group<\/a> (<a class=\"fnwAddLinks\" href=\"https:\/\/fr.fashionnetwork.com\/tags-reebok\" title=\"Reebok\" rel=\"nofollow noopener\" target=\"_blank\">Reebok<\/a>, <a class=\"fnwAddLinks\" href=\"https:\/\/fr.fashionnetwork.com\/tags-forever-21\" title=\"Forever 21\" rel=\"nofollow noopener\" target=\"_blank\">Forever 21<\/a>, <a class=\"fnwAddLinks\" href=\"https:\/\/fr.fashionnetwork.com\/tags-dockers\" title=\"Dockers\" rel=\"nofollow noopener\" target=\"_blank\">Dockers<\/a>\u2026), <a class=\"fnwAddLinks\" href=\"https:\/\/fr.fashionnetwork.com\/tags-kiabi\" title=\"Kiabi\" rel=\"nofollow noopener\" target=\"_blank\">Kiabi<\/a>, Norrona, <a class=\"fnwAddLinks\" href=\"https:\/\/fr.fashionnetwork.com\/tags-kiko\" title=\"Kiko\" rel=\"nofollow noopener\" target=\"_blank\">Kiko<\/a>, <a class=\"fnwAddLinks\" href=\"https:\/\/fr.fashionnetwork.com\/tags-sephora\" title=\"Sephora\" rel=\"nofollow noopener\" target=\"_blank\">Sephora<\/a>, <a class=\"fnwAddLinks\" href=\"https:\/\/fr.fashionnetwork.com\/tags-zalando\" title=\"Zalando\" rel=\"nofollow noopener\" target=\"_blank\">Zalando<\/a>, Tiktok Shop, <a class=\"fnwAddLinks\" href=\"https:\/\/fr.fashionnetwork.com\/tags-veja\" title=\"Veja\" rel=\"nofollow noopener\" target=\"_blank\">Veja<\/a>, Snipes ou <a class=\"fnwAddLinks\" href=\"https:\/\/fr.fashionnetwork.com\/tags-douglas\" title=\"Douglas\" rel=\"nofollow noopener\" target=\"_blank\">Douglas<\/a>. S\u2019y ajoutent ceux de la f\u00e9d\u00e9ration fran\u00e7aise du e-commerce (<a class=\"fnwAddLinks\" href=\"https:\/\/fr.fashionnetwork.com\/tags-fevad\" title=\"Fevad\" rel=\"nofollow noopener\" target=\"_blank\">Fevad<\/a>), de l\u2019association internationale des grands magasins (IADS) ainsi que d\u2019<a class=\"fnwAddLinks\" href=\"https:\/\/fr.fashionnetwork.com\/tags-amazon\" title=\"Amazon\" rel=\"nofollow noopener\" target=\"_blank\">Amazon<\/a>, Google, <a class=\"fnwAddLinks\" href=\"https:\/\/fr.fashionnetwork.com\/tags-apple\" title=\"Apple\" rel=\"nofollow noopener\" target=\"_blank\">Apple<\/a>, Nvidia, <a class=\"fnwAddLinks\" href=\"https:\/\/fr.fashionnetwork.com\/tags-carrefour\" title=\"Carrefour\" rel=\"nofollow noopener\" target=\"_blank\">Carrefour<\/a>, <a class=\"fnwAddLinks\" href=\"https:\/\/fr.fashionnetwork.com\/tags-ikea\" title=\"Ikea\" rel=\"nofollow noopener\" target=\"_blank\">Ikea<\/a> ou Mirakl.<\/p>\n<p>Le rendez-vous sera, comme Paris Retail Week pr\u00e9c\u00e9demment, l\u2019occasion pour un jury de professionnels de r\u00e9compenser une s\u00e9lection d\u2019entreprises innovantes. Des r\u00e9compenses seront ainsi d\u00e9cern\u00e9es cette ann\u00e9e dans neuf cat\u00e9gories distinctes.<\/p>\n<p>Pour son \u00e9dition tenue du 17 au 19 septembre 2024, la Paris Retail Week avait r\u00e9uni 18.000 participants autour de 380 exposants, pour une \u00e9dition proposant 150 conf\u00e9rences et ateliers.<br \/>\u00a0\n                            <\/p>\n<p>\n                                Tous droits de reproduction et de repr\u00e9sentation r\u00e9serv\u00e9s.<br \/>\u00a9 2025 FashionNetwork.com\n                            <\/p>\n","protected":false},"excerpt":{"rendered":"Publi\u00e9 le 2 septembre 2025 L\u2019ex-Paris Retail Week va s&rsquo;installer du 16 au 18 septembre dans les pavillons&hellip;\n","protected":false},"author":2,"featured_media":361110,"comment_status":"","ping_status":"","sticky":false,"template":"","format":"standard","meta":{"footnotes":""},"categories":[1888],"tags":[1111,1928,11,1927,4239,733,8745,2424,4304,537,2423,28164,38735,1777,674,6297,49659,1011,27,4238,714,30404,49660,2425,7484,985,12,1926,49662,2298,626,1925,2426,2427,49657,25,2421,15030,49658,2422,48942,49661],"class_list":{"0":"post-361109","1":"post","2":"type-post","3":"status-publish","4":"format-standard","5":"has-post-thumbnail","7":"category-paris","8":"tag-actu","9":"tag-actu-paris","10":"tag-actualites","11":"tag-actualites-paris","12":"tag-amazon","13":"tag-apple","14":"tag-authentic-brands-group","15":"tag-beaute","16":"tag-carrefour","17":"tag-contact","18":"tag-cosmetiques","19":"tag-dockers","20":"tag-douglas","21":"tag-eu","22":"tag-europe","23":"tag-fevad","24":"tag-forever-21","25":"tag-fr","26":"tag-france","27":"tag-galeries-lafayette","28":"tag-ikea","29":"tag-kiabi","30":"tag-kiko","31":"tag-luxe","32":"tag-lvmh","33":"tag-mode","34":"tag-news","35":"tag-news-paris","36":"tag-nrf","37":"tag-parfum","38":"tag-paris","39":"tag-paris-news","40":"tag-professionnel","41":"tag-professionnels","42":"tag-reebok","43":"tag-republique-francaise","44":"tag-reseau","45":"tag-sephora","46":"tag-tara-jarmon","47":"tag-textile","48":"tag-veja","49":"tag-zalando"},"share_on_mastodon":{"url":"https:\/\/pubeurope.com\/@fr\/115135544243761681","error":""},"_links":{"self":[{"href":"https:\/\/www.europesays.com\/fr\/wp-json\/wp\/v2\/posts\/361109","targetHints":{"allow":["GET"]}}],"collection":[{"href":"https:\/\/www.europesays.com\/fr\/wp-json\/wp\/v2\/posts"}],"about":[{"href":"https:\/\/www.europesays.com\/fr\/wp-json\/wp\/v2\/types\/post"}],"author":[{"embeddable":true,"href":"https:\/\/www.europesays.com\/fr\/wp-json\/wp\/v2\/users\/2"}],"replies":[{"embeddable":true,"href":"https:\/\/www.europesays.com\/fr\/wp-json\/wp\/v2\/comments?post=361109"}],"version-history":[{"count":0,"href":"https:\/\/www.europesays.com\/fr\/wp-json\/wp\/v2\/posts\/361109\/revisions"}],"wp:featuredmedia":[{"embeddable":true,"href":"https:\/\/www.europesays.com\/fr\/wp-json\/wp\/v2\/media\/361110"}],"wp:attachment":[{"href":"https:\/\/www.europesays.com\/fr\/wp-json\/wp\/v2\/media?parent=361109"}],"wp:term":[{"taxonomy":"category","embeddable":true,"href":"https:\/\/www.europesays.com\/fr\/wp-json\/wp\/v2\/categories?post=361109"},{"taxonomy":"post_tag","embeddable":true,"href":"https:\/\/www.europesays.com\/fr\/wp-json\/wp\/v2\/tags?post=361109"}],"curies":[{"name":"wp","href":"https:\/\/api.w.org\/{rel}","templated":true}]}}