{"id":361116,"date":"2025-09-02T16:05:11","date_gmt":"2025-09-02T16:05:11","guid":{"rendered":"https:\/\/www.europesays.com\/fr\/361116\/"},"modified":"2025-09-02T16:05:11","modified_gmt":"2025-09-02T16:05:11","slug":"guerre-en-ukraine-les-americains-seront-tres-certainement-associes-aux-travaux-de-la-coalition-des-volontaires","status":"publish","type":"post","link":"https:\/\/www.europesays.com\/fr\/361116\/","title":{"rendered":"Guerre en Ukraine : Les Am\u00e9ricains seront \u00ab\u00a0tr\u00e8s certainement\u00a0\u00bb associ\u00e9s aux travaux de la \u00ab\u00a0Coalition des volontaires\u00a0\u00bb"},"content":{"rendered":"<p>C\u2019est un pas de plus dans le chemin long et tortueux vers la paix en Ukraine. Jeudi, la \u00ab\u00a0Coalition des volontaires\u00a0\u00bb se r\u00e9unira \u00e0 Paris en pr\u00e9sence de Volodymyr Zelensky, convoqu\u00e9e par Emmanuel Macron et Keir Starmer, le Premier ministre britannique.<\/p>\n<p>Cette instance, lanc\u00e9e le 17\u00a0f\u00e9vrier 2025 entre autres par la France, rassemble une trentaine de membres, en grande majorit\u00e9 des pays europ\u00e9ens. Mais elle compte aussi des organisations comme l\u2019Union europ\u00e9enne ou l\u2019Otan, ou encore des pays hors de l\u2019Europe comme l\u2019Australie et le Canada. La raison d\u2019\u00eatre de cette coalition est de r\u00e9unir les acteurs qui soutiennent militairement l\u2019Ukraine.<\/p>\n<p>\u00ab\u00a0On est pr\u00eats \u00e0 donner ces garanties de s\u00e9curit\u00e9\u00a0\u00bb<\/p>\n<p>Apr\u00e8s la rencontre entre Donald Trump et Vladimir Poutine le 15\u00a0ao\u00fbt dernier en Alaska, au cours de laquelle le pr\u00e9sident am\u00e9ricain n\u2019\u00e9tait pas parvenu \u00e0 arracher les pr\u00e9mices d\u2019un accord de cessez-le-feu au chef du Kremlin, et apr\u00e8s la <a href=\"https:\/\/www.publicsenat.fr\/actualites\/international\/rencontre-trump-zelensky-en-refusant-de-mettre-la-pression-sur-les-russes-les-americains-biaisent-la-negociation\" rel=\"nofollow noopener\" target=\"_blank\">r\u00e9union de chefs d\u2019Etats europ\u00e9ens<\/a> avec le m\u00eame Donald Trump trois jours plus tard, cette nouvelle r\u00e9union veut apporter un message politique clair concernant les garanties de s\u00e9curit\u00e9 que les alli\u00e9s de l\u2019Ukraine lui ont promis en cas de cessez-le-feu. \u00ab\u00a0On est au terme des travaux techniques et on est pr\u00eats \u00e0 donner ces garanties de s\u00e9curit\u00e9\u00a0\u00bb, explique une source de l\u2019Elys\u00e9e proche du dossier.<\/p>\n<p>En clair, les pays de la coalition se disent pr\u00eats \u00e0 soutenir l\u2019arm\u00e9e ukrainienne sur le sol, dans les airs et dans les mers afin qu\u2019elle ne c\u00e8de pas face \u00e0 la Russie, mais ils veulent aussi signifier \u00e0 Vladimir Poutine que s\u2019il venait \u00e0 agresser \u00e0 nouveau l\u2019Ukraine apr\u00e8s un cessez-le-feu, \u00ab\u00a0il aurait \u00e0 compter sur [leur] engagement\u00a0\u00bb. Ces derniers insistent sur la n\u00e9cessit\u00e9, avant toute chose, de parvenir \u00e0 ce cessez-le-feu.<\/p>\n<p>Garanties de s\u00e9curit\u00e9\u00a0: \u00ab\u00a0Donald Trump a dit aux leaders europ\u00e9ens le 18\u00a0ao\u00fbt qu\u2019il \u00e9tait pr\u00eat \u00e0 r\u00e9fl\u00e9chir et \u00e0 y travailler\u00a0\u00bb<\/p>\n<p>Le pr\u00e9sident russe n\u2019est pas le seul destinataire du message que veulent envoyer ces pays ce jeudi. Les Am\u00e9ricains, dont la position de soutien \u00e0 l\u2019Ukraine est, pour dire le moins, difficile \u00e0 pr\u00e9dire, sont au c\u0153ur du message que veulent envoyer Emmanuel Macron et ses alli\u00e9s. \u00ab\u00a0Nous sommes capables de tenir les engagements pris \u00e0 l\u2019\u00e9gard des Etats-Unis, \u00e0 charge pour eux d\u2019augmenter ou de maintenir la pression sur la Russie pour obtenir le cessez-le-feu\u00a0\u00bb, d\u00e9taille notre source \u00e9lys\u00e9enne. Un message qui pourrait bien \u00eatre entendu, car les Am\u00e9ricains seront \u00ab\u00a0tr\u00e8s certainement\u00a0\u00bb associ\u00e9s aux travaux de jeudi, sans que les modalit\u00e9s de leur participation ne soient bien connues. Ce que visent les membres de la coalition, c\u2019est l\u2019affichage clair de la part de Donald Trump que les Etats-Unis emp\u00eacheront net une violation d\u2019un \u00e9ventuel cessez-le-feu de la part de Vladimir Poutine. Du c\u00f4t\u00e9 de l\u2019Elys\u00e9e, on se montre plut\u00f4t confiant\u00a0: \u00ab\u00a0Donald Trump a dit aux leaders europ\u00e9ens le 18\u00a0ao\u00fbt qu\u2019il \u00e9tait pr\u00eat \u00e0 r\u00e9fl\u00e9chir et \u00e0 y travailler\u00a0\u00bb, affirme-t-on au palais. Par ailleurs, ce dernier a fait du cessez-le-feu en Ukraine l\u2019un de ses chevaux de bataille d\u00e8s sa campagne \u00e9lectorale.<\/p>\n<p>\u00ab\u00a0L\u2019Ukraine est une question g\u00e9n\u00e9rale et le camp de la paix, c\u2019est nous\u00a0\u00bb<\/p>\n<p>Enfin, la r\u00e9union de la coalition des volontaires a lieu quelques jours apr\u00e8s la venue en Chine de Vladimir Poutine, mais aussi du Premier ministre indien Narendra Modi pour un <a href=\"https:\/\/www.publicsenat.fr\/actualites\/international\/sommet-de-tianjin-la-chine-veut-montrer-lunite-des-pays-du-sud-global-contre-la-guerre-commerciale-des-etats-unis\" rel=\"nofollow noopener\" target=\"_blank\">sommet de l\u2019Organisation de coop\u00e9ration de Shanghai<\/a>. Sans vouloir voir dans cet \u00e9v\u00e9nement un soutien \u00e0 Vladimir Poutine de la part des participants, l\u2019un des objectifs de la r\u00e9union de jeudi est d\u2019affirmer \u00e0 ces pays, qui se tiennent officiellement \u00e9loign\u00e9s du conflit en Ukraine, que \u00ab\u00a0l\u2019Ukraine est une question g\u00e9n\u00e9rale et que le camp de la paix, c\u2019est nous\u00a0\u00bb.<\/p>\n<p>Pas d\u2019annonce pr\u00e9cise concernant les capacit\u00e9s et les moyens d\u00e9ploy\u00e9s \u00e0 attendre \u00e0 l\u2019issue de la r\u00e9union de jeudi, mais un message politique. Avant de copr\u00e9sider la r\u00e9union de la \u00ab\u00a0Coalition des volontaires\u00a0\u00bb jeudi, Emmanuel Macron s\u2019entretiendra avec Volodymyr Zelensky la veille au soir.<\/p>\n","protected":false},"excerpt":{"rendered":"C\u2019est un pas de plus dans le chemin long et tortueux vers la paix en Ukraine. Jeudi, la&hellip;\n","protected":false},"author":2,"featured_media":361117,"comment_status":"","ping_status":"","sticky":false,"template":"","format":"standard","meta":{"footnotes":""},"categories":[1590],"tags":[11,1777,674,12,220],"class_list":{"0":"post-361116","1":"post","2":"type-post","3":"status-publish","4":"format-standard","5":"has-post-thumbnail","7":"category-ukraine","8":"tag-actualites","9":"tag-eu","10":"tag-europe","11":"tag-news","12":"tag-ukraine"},"share_on_mastodon":{"url":"https:\/\/pubeurope.com\/@fr\/115135560074544368","error":""},"_links":{"self":[{"href":"https:\/\/www.europesays.com\/fr\/wp-json\/wp\/v2\/posts\/361116","targetHints":{"allow":["GET"]}}],"collection":[{"href":"https:\/\/www.europesays.com\/fr\/wp-json\/wp\/v2\/posts"}],"about":[{"href":"https:\/\/www.europesays.com\/fr\/wp-json\/wp\/v2\/types\/post"}],"author":[{"embeddable":true,"href":"https:\/\/www.europesays.com\/fr\/wp-json\/wp\/v2\/users\/2"}],"replies":[{"embeddable":true,"href":"https:\/\/www.europesays.com\/fr\/wp-json\/wp\/v2\/comments?post=361116"}],"version-history":[{"count":0,"href":"https:\/\/www.europesays.com\/fr\/wp-json\/wp\/v2\/posts\/361116\/revisions"}],"wp:featuredmedia":[{"embeddable":true,"href":"https:\/\/www.europesays.com\/fr\/wp-json\/wp\/v2\/media\/361117"}],"wp:attachment":[{"href":"https:\/\/www.europesays.com\/fr\/wp-json\/wp\/v2\/media?parent=361116"}],"wp:term":[{"taxonomy":"category","embeddable":true,"href":"https:\/\/www.europesays.com\/fr\/wp-json\/wp\/v2\/categories?post=361116"},{"taxonomy":"post_tag","embeddable":true,"href":"https:\/\/www.europesays.com\/fr\/wp-json\/wp\/v2\/tags?post=361116"}],"curies":[{"name":"wp","href":"https:\/\/api.w.org\/{rel}","templated":true}]}}