{"id":361118,"date":"2025-09-02T16:06:11","date_gmt":"2025-09-02T16:06:11","guid":{"rendered":"https:\/\/www.europesays.com\/fr\/361118\/"},"modified":"2025-09-02T16:06:11","modified_gmt":"2025-09-02T16:06:11","slug":"le-congres-americain-fait-sa-rentree-avec-un-mois-pour-eviter-la-paralysie-de-letat","status":"publish","type":"post","link":"https:\/\/www.europesays.com\/fr\/361118\/","title":{"rendered":"le Congr\u00e8s am\u00e9ricain fait sa rentr\u00e9e avec un mois pour \u00e9viter la paralysie de l&rsquo;\u00c9tat"},"content":{"rendered":"<p>Les r\u00e9publicains disposent de la majorit\u00e9 aux deux chambres, mais le parti de Trump va devoir n\u00e9gocier avec les d\u00e9mocrates pour obtenir au moins sept de leurs voix et ainsi faire passer une loi budg\u00e9taire et \u00e9viter le \u00abshutdown\u00bb.<\/p>\n<p class=\"fig-paragraph\">Les parlementaires am\u00e9ricains font leur rentr\u00e9e mardi apr\u00e8s plus d&rsquo;un mois de cong\u00e9 pendant lequel la perspective d&rsquo;une paralysie de l&rsquo;\u00c9tat f\u00e9d\u00e9ral, le fameux \u00ab<a href=\"http:\/\/www.lefigaro.fr\/international\/quelles-seraient-les-consequences-d-un-shutdown-aux-etats-unis-20241219\" target=\"_blank\" data-fig-type=\"NewsFlash\" rel=\"noopener\" data-gtm-custom-categorie=\"navigation\" data-gtm-custom-action=\"crossclick\" data-gtm-custom-label=\"Contextuel\" data-gtm-event=\"customEventSPE\" data-fig-domain=\"LEFIGARO\">shutdown<\/a> \u00bb, n&rsquo;a fait que se rapprocher. Avec une date limite fix\u00e9e au 30 septembre, le Congr\u00e8s a d\u00e9sormais moins d&rsquo;un mois pour agir et adopter un budget m\u00eame temporaire.<\/p>\n<p class=\"fig-paragraph\">Sans quoi, une grande partie des services f\u00e9d\u00e9raux seraient mis \u00e0 l&rsquo;arr\u00eat, avec des centaines de milliers de fonctionnaires au ch\u00f4mage technique, un trafic a\u00e9rien chambard\u00e9, mais aussi de fortes perturbations dans le versement de nombreuses aides sociales. Autant de turbulences qui mettraient \u00e0 mal la premi\u00e8re \u00e9conomie mondiale.<\/p>\n<p>                                    <a class=\"fig-a11y-skip a11y-hidden\" href=\"#fig-a11y-skip-main-inarticle\"><br \/>\n        Passer la publicit\u00e9<br \/>\n    <\/a><\/p>\n<p class=\"fig-paragraph\">Les r\u00e9publicains disposent de la majorit\u00e9 aux deux chambres du Congr\u00e8s, mais en raison des r\u00e8gles en vigueur au S\u00e9nat, le parti de\u00a0<a href=\"http:\/\/www.lefigaro.fr\/international\/chicago-donald-trump-promet-de-regler-la-criminalite-dans-la-ville-la-plus-dangereuse-du-monde-20250902\" target=\"_blank\" data-fig-type=\"NewsFlash\" rel=\"noopener\" data-gtm-custom-categorie=\"navigation\" data-gtm-custom-action=\"crossclick\" data-gtm-custom-label=\"Contextuel\" data-gtm-event=\"customEventSPE\" data-fig-domain=\"LEFIGARO\">Donald Trump<\/a>\u00a0va devoir n\u00e9gocier avec les d\u00e9mocrates pour obtenir au moins sept de leurs voix et ainsi faire passer une loi budg\u00e9taire. Seul hic\u00a0: la d\u00e9cision prise la semaine derni\u00e8re par l&rsquo;administration Trump de\u00a0<a href=\"http:\/\/www.lefigaro.fr\/international\/etats-unis-donald-trump-demande-au-congres-americain-de-couper-pres-de-5-milliards-de-dollars-d-aide-internationale-20250829\" target=\"_blank\" data-fig-type=\"NewsFlash\" rel=\"noopener\" data-gtm-custom-categorie=\"navigation\" data-gtm-custom-action=\"crossclick\" data-gtm-custom-label=\"Contextuel\" data-gtm-event=\"customEventSPE\" data-fig-domain=\"LEFIGARO\">couper pr\u00e8s de cinq milliards de dollars<\/a>\u00a0suppl\u00e9mentaires destin\u00e9s \u00e0 l&rsquo;aide internationale.<\/p>\n<p class=\"fig-paragraph\">Les responsables d\u00e9mocrates avaient averti que toute volont\u00e9 de revenir sur des fonds d\u00e9j\u00e0 approuv\u00e9s par le Congr\u00e8s an\u00e9antirait les chances de les voir s&rsquo;asseoir \u00e0 la table des n\u00e9gociations.<\/p>\n<p>\u00abGuerre totale\u00bb<\/p>\n<p class=\"fig-paragraph\">Avec ces nouvelles coupes, \u00abil est clair que les r\u00e9publicains donnent la priorit\u00e9 au chaos plut\u00f4t qu&rsquo;\u00e0 la gouvernance, au sectarisme plut\u00f4t qu&rsquo;au partenariat, et \u00e0 leur propre pouvoir plut\u00f4t qu&rsquo;au peuple am\u00e9ricain\u00bb, a affirm\u00e9 le chef de la minorit\u00e9 d\u00e9mocrate au S\u00e9nat, Chuck Schumer, dans une lettre \u00e0 ses troupes. Pour le s\u00e9nateur new-yorkais, \u00abla seule mani\u00e8re d&rsquo;\u00e9viter un \u201cshutdown\u201d est de travailler avec une d\u00e9marche conciliante, sur un texte qui peut obtenir \u00e0 la fois les voies r\u00e9publicaines et d\u00e9mocrates au S\u00e9nat\u00bb.<\/p>\n<p class=\"fig-paragraph\">Mais il est loin d&rsquo;\u00eatre s\u00fbr que la Maison-Blanche accepte des concessions avec l&rsquo;opposition, elle qui n&rsquo;en a fait quasiment aucune au Congr\u00e8s depuis le retour au pouvoir de Donald Trump. Chuck Schumer d\u00e9nonce ainsi \u00abune guerre totale\u00bb men\u00e9e par l&rsquo;ex\u00e9cutif contre le pouvoir l\u00e9gislatif et ses pr\u00e9rogatives constitutionnelles d&rsquo;\u00e9tablir le budget.<\/p>\n<p class=\"fig-paragraph\">En mars, alors que la menace d&rsquo;un \u00abshutdown\u00bb planait d\u00e9j\u00e0, les r\u00e9publicains &#8211; sous l&rsquo;\u00e9gide de Donald Trump &#8211; avaient refus\u00e9 d&rsquo;engager le dialogue avec les d\u00e9mocrates sur les \u00e9normes coupes budg\u00e9taires et le licenciement de milliers de fonctionnaires. Dix s\u00e9nateurs d\u00e9mocrates, dont Chuck Schumer, avaient alors d\u00e9cid\u00e9 \u00e0 contrec\u0153ur de voter pour le texte des r\u00e9publicains, afin d&rsquo;\u00e9viter la paralysie f\u00e9d\u00e9rale.<\/p>\n<p>                                    <a class=\"fig-a11y-skip a11y-hidden\" href=\"#fig-a11y-skip-main-inarticle_mtf\"><br \/>\n        Passer la publicit\u00e9<br \/>\n    <\/a><\/p>\n<p class=\"fig-paragraph\">Leur choix avait provoqu\u00e9 de vifs remous dans le camp d\u00e9mocrate, de nombreux militants et sympathisants les accusant de plier face \u00e0 Donald Trump et son programme jug\u00e9 radical. Chuck Schumer pourrait cette fois-ci \u00eatre plus d\u00e9cid\u00e9 \u00e0 tenir t\u00eate au pr\u00e9sident, au risque d&rsquo;un \u00abshutdown\u00bb prolong\u00e9.<\/p>\n","protected":false},"excerpt":{"rendered":"Les r\u00e9publicains disposent de la majorit\u00e9 aux deux chambres, mais le parti de Trump va devoir n\u00e9gocier avec&hellip;\n","protected":false},"author":2,"featured_media":361119,"comment_status":"","ping_status":"","sticky":false,"template":"","format":"standard","meta":{"footnotes":""},"categories":[1589],"tags":[11,23964,73,1866,12,1864,1865,1863,308],"class_list":{"0":"post-361118","1":"post","2":"type-post","3":"status-publish","4":"format-standard","5":"has-post-thumbnail","7":"category-etats-unis","8":"tag-actualites","9":"tag-congres-americain","10":"tag-etats-unis","11":"tag-etats-unis-damerique","12":"tag-news","13":"tag-united-states","14":"tag-united-states-of-america","15":"tag-us","16":"tag-usa"},"share_on_mastodon":{"url":"https:\/\/pubeurope.com\/@fr\/115135563966784036","error":""},"_links":{"self":[{"href":"https:\/\/www.europesays.com\/fr\/wp-json\/wp\/v2\/posts\/361118","targetHints":{"allow":["GET"]}}],"collection":[{"href":"https:\/\/www.europesays.com\/fr\/wp-json\/wp\/v2\/posts"}],"about":[{"href":"https:\/\/www.europesays.com\/fr\/wp-json\/wp\/v2\/types\/post"}],"author":[{"embeddable":true,"href":"https:\/\/www.europesays.com\/fr\/wp-json\/wp\/v2\/users\/2"}],"replies":[{"embeddable":true,"href":"https:\/\/www.europesays.com\/fr\/wp-json\/wp\/v2\/comments?post=361118"}],"version-history":[{"count":0,"href":"https:\/\/www.europesays.com\/fr\/wp-json\/wp\/v2\/posts\/361118\/revisions"}],"wp:featuredmedia":[{"embeddable":true,"href":"https:\/\/www.europesays.com\/fr\/wp-json\/wp\/v2\/media\/361119"}],"wp:attachment":[{"href":"https:\/\/www.europesays.com\/fr\/wp-json\/wp\/v2\/media?parent=361118"}],"wp:term":[{"taxonomy":"category","embeddable":true,"href":"https:\/\/www.europesays.com\/fr\/wp-json\/wp\/v2\/categories?post=361118"},{"taxonomy":"post_tag","embeddable":true,"href":"https:\/\/www.europesays.com\/fr\/wp-json\/wp\/v2\/tags?post=361118"}],"curies":[{"name":"wp","href":"https:\/\/api.w.org\/{rel}","templated":true}]}}