{"id":361120,"date":"2025-09-02T16:07:11","date_gmt":"2025-09-02T16:07:11","guid":{"rendered":"https:\/\/www.europesays.com\/fr\/361120\/"},"modified":"2025-09-02T16:07:11","modified_gmt":"2025-09-02T16:07:11","slug":"cinq-militants-arretes-avant-une-action-de-soutien-a-palestine-action","status":"publish","type":"post","link":"https:\/\/www.europesays.com\/fr\/361120\/","title":{"rendered":"cinq militants arr\u00eat\u00e9s avant une action de soutien \u00e0 Palestine Action"},"content":{"rendered":"<p>Ces militants, actuellement en garde \u00e0 vue, sont \u00absoup\u00e7onn\u00e9s d\u2019encourager le soutien \u00e0 une organisation interdite\u00bb, une infraction qui peut \u00eatre punie d\u2019une peine allant jusqu\u2019\u00e0 14 ans de prison.<\/p>\n<p class=\"fig-paragraph\">Cinq repr\u00e9sentants d&rsquo;un groupe britannique organisant des manifestations de soutien \u00e0 l&rsquo;organisation interdite\u00a0<a href=\"http:\/\/www.lefigaro.fr\/international\/royaume-uni-l-ecrivain-britannique-sally-rooney-annonce-vouloir-reverser-des-droits-d-auteur-a-palestine-action-20250818\" target=\"_blank\" data-fig-type=\"NewsFlash\" rel=\"noopener nofollow\" data-gtm-custom-categorie=\"navigation\" data-gtm-custom-action=\"crossclick\" data-gtm-custom-label=\"Contextuel\" data-gtm-event=\"customEventSPE\" data-fig-domain=\"LEFIGARO\">Palestine Action<\/a>\u00a0ont \u00e9t\u00e9 arr\u00eat\u00e9s mardi matin par la police antiterroriste, \u00e0 quelques jours d&rsquo;un nouveau rassemblement pr\u00e9vu samedi.<\/p>\n<p class=\"fig-paragraph\">Le groupe, baptis\u00e9 Defend Our Juries, a annonc\u00e9 dans un communiqu\u00e9 que la police avait arr\u00eat\u00e9 cinq de ses \u00abprincipaux porte-parole lors de raids ce (mardi) matin \u00e0 l&rsquo;aube\u00bb, en lien avec les manifestations qui ont conduit \u00e0 l&rsquo;arrestation et l&rsquo;inculpation de centaines de personnes ces derni\u00e8res semaines. La police londonienne a confirm\u00e9 que son unit\u00e9 antiterroriste avait men\u00e9 ces arrestations \u00e0\u00a0<a href=\"http:\/\/www.lefigaro.fr\/musique\/vieux-de-300-ans-vendu-20-millions-de-dollars-le-violon-carrodus-en-majeste-au-festival-proms-a-londres-20250823\" target=\"_blank\" data-fig-type=\"NewsFlash\" rel=\"noopener nofollow\" data-gtm-custom-categorie=\"navigation\" data-gtm-custom-action=\"crossclick\" data-gtm-custom-label=\"Contextuel\" data-gtm-event=\"customEventSPE\" data-fig-domain=\"LEFIGARO\">Londres<\/a>, en Cumbrie et dans le Yorkshire (nord de l&rsquo;Angleterre).<\/p>\n<p>                                    <a class=\"fig-a11y-skip a11y-hidden\" href=\"#fig-a11y-skip-main-inarticle\"><br \/>\n        Passer la publicit\u00e9<br \/>\n    <\/a><\/p>\n<p class=\"fig-paragraph\">Ces militants, actuellement en garde \u00e0 vue, sont \u00absoup\u00e7onn\u00e9s d&rsquo;encourager le soutien \u00e0 une organisation interdite\u00bb, une infraction qui peut \u00eatre punie d&rsquo;une peine allant jusqu&rsquo;\u00e0 14 ans de prison.<\/p>\n<p>\u00abR\u00e9pression politique\u00bb<\/p>\n<p class=\"fig-paragraph\">Le gouvernement travailliste britannique a class\u00e9 Palestine Action comme \u00abterroriste\u00bb en juillet apr\u00e8s des actes de vandalisme sur une base de la Royal Air Force. Palestine Action disait vouloir d\u00e9noncer \u00abla complicit\u00e9 britannique\u00bb avec l&rsquo;\u00c9tat d&rsquo;Isra\u00ebl, en particulier sur la question des ventes d&rsquo;armes.<\/p>\n<p class=\"fig-paragraph\">La ministre de l&rsquo;Int\u00e9rieur Yvette Cooper a accus\u00e9 cette organisation d&rsquo;orchestrer des \u00abattaques agressives \u00e0 des fins d&rsquo;intimidation contre des entreprises, des institutions et le public\u00bb. Selon Defend Our Juries, les repr\u00e9sentants arr\u00eat\u00e9s mardi devaient initialement s&rsquo;exprimer lors d&rsquo;une conf\u00e9rence de presse virtuelle pr\u00e9vue dans l&rsquo;apr\u00e8s-midi concernant la prochaine action du groupe samedi.<\/p>\n<p class=\"fig-paragraph\">\u00abC&rsquo;est scandaleux (&#8230;) ce niveau de r\u00e9pression politique n&rsquo;est pas ce \u00e0 quoi nous nous attendons dans une d\u00e9mocratie &#8211; c&rsquo;est le genre de tactique g\u00e9n\u00e9ralement associ\u00e9e \u00e0 des r\u00e9gimes autoritaires \u00e0 travers le monde\u00bb, a d\u00e9nonc\u00e9 l&rsquo;organisation, qui a annonc\u00e9 une nouvelle conf\u00e9rence de presse mercredi.<\/p>\n<p>Des centaines d\u2019arrestations<\/p>\n<p class=\"fig-paragraph\">\u00abPalestine Action est clairement d\u00e9sign\u00e9e comme un groupe terroriste, et ceux qui affichent un soutien \u00e0 ce groupe ou encouragent d&rsquo;autres \u00e0 le faire peuvent s&rsquo;attendre \u00e0 \u00eatre arr\u00eat\u00e9s, faire l&rsquo;objet d&rsquo;une enqu\u00eate et \u00e0 \u00eatre poursuivis\u00bb, a d\u00e9clar\u00e9 Helen Flanagan de la force antiterroriste.<\/p>\n<p>                                    <a class=\"fig-a11y-skip a11y-hidden\" href=\"#fig-a11y-skip-main-inarticle_mtf\"><br \/>\n        Passer la publicit\u00e9<br \/>\n    <\/a><\/p>\n<p class=\"fig-paragraph\">Defend Our Juries a confirm\u00e9 que l&rsquo;action de samedi \u00e9tait maintenue, affirmant qu&rsquo;environ 1000 personnes ont pr\u00e9vu de se r\u00e9unir sur la place du Parlement britannique avec des pancartes \u00abJe m&rsquo;oppose au g\u00e9nocide. Je soutiens Palestine Action\u00bb.<\/p>\n<p class=\"fig-paragraph\">Plus de 700 personnes ont \u00e9t\u00e9 arr\u00eat\u00e9es,\u00a0<a href=\"http:\/\/www.lefigaro.fr\/international\/royaume-uni-plus-de-150-arrestations-de-partisans-du-groupe-classe-terroriste-palestine-action-20250809\" target=\"_blank\" data-fig-type=\"NewsFlash\" rel=\"noopener nofollow\" data-gtm-custom-categorie=\"navigation\" data-gtm-custom-action=\"crossclick\" data-gtm-custom-label=\"Contextuel\" data-gtm-event=\"customEventSPE\" data-fig-domain=\"LEFIGARO\">dont 522 lors d&rsquo;une seule manifestation \u00e0 Londres\u00a0<\/a>d\u00e9but ao\u00fbt, et 114 personnes ont \u00e9t\u00e9 inculp\u00e9es pour avoir brandi ce type de pancarte.<\/p>\n<p class=\"fig-paragraph\">L&rsquo;autrice irlandaise Sally Rooney (\u00abNormal People\u00bb), qui a annonc\u00e9 qu&rsquo;elle reverserait certains de ses droits \u00e0 Palestine Action, devait participer \u00e0 la conf\u00e9rence de presse annul\u00e9e mardi.<\/p>\n","protected":false},"excerpt":{"rendered":"Ces militants, actuellement en garde \u00e0 vue, sont \u00absoup\u00e7onn\u00e9s d\u2019encourager le soutien \u00e0 une organisation interdite\u00bb, une infraction&hellip;\n","protected":false},"author":2,"featured_media":361121,"comment_status":"","ping_status":"","sticky":false,"template":"","format":"standard","meta":{"footnotes":""},"categories":[1588],"tags":[11,3259,1777,674,12,473,1853,1851,1850,1852],"class_list":{"0":"post-361120","1":"post","2":"type-post","3":"status-publish","4":"format-standard","5":"has-post-thumbnail","7":"category-royaume-uni","8":"tag-actualites","9":"tag-conflit-israelo-palestinien","10":"tag-eu","11":"tag-europe","12":"tag-news","13":"tag-royaume-uni","14":"tag-royaume-uni-de-grande-bretagne-et-dirlande-du-nord","15":"tag-uk","16":"tag-united-kingdom","17":"tag-united-kingdom-of-great-britain-and-northern-ireland"},"share_on_mastodon":{"url":"https:\/\/pubeurope.com\/@fr\/115135567931380206","error":""},"_links":{"self":[{"href":"https:\/\/www.europesays.com\/fr\/wp-json\/wp\/v2\/posts\/361120","targetHints":{"allow":["GET"]}}],"collection":[{"href":"https:\/\/www.europesays.com\/fr\/wp-json\/wp\/v2\/posts"}],"about":[{"href":"https:\/\/www.europesays.com\/fr\/wp-json\/wp\/v2\/types\/post"}],"author":[{"embeddable":true,"href":"https:\/\/www.europesays.com\/fr\/wp-json\/wp\/v2\/users\/2"}],"replies":[{"embeddable":true,"href":"https:\/\/www.europesays.com\/fr\/wp-json\/wp\/v2\/comments?post=361120"}],"version-history":[{"count":0,"href":"https:\/\/www.europesays.com\/fr\/wp-json\/wp\/v2\/posts\/361120\/revisions"}],"wp:featuredmedia":[{"embeddable":true,"href":"https:\/\/www.europesays.com\/fr\/wp-json\/wp\/v2\/media\/361121"}],"wp:attachment":[{"href":"https:\/\/www.europesays.com\/fr\/wp-json\/wp\/v2\/media?parent=361120"}],"wp:term":[{"taxonomy":"category","embeddable":true,"href":"https:\/\/www.europesays.com\/fr\/wp-json\/wp\/v2\/categories?post=361120"},{"taxonomy":"post_tag","embeddable":true,"href":"https:\/\/www.europesays.com\/fr\/wp-json\/wp\/v2\/tags?post=361120"}],"curies":[{"name":"wp","href":"https:\/\/api.w.org\/{rel}","templated":true}]}}