{"id":361126,"date":"2025-09-02T16:10:10","date_gmt":"2025-09-02T16:10:10","guid":{"rendered":"https:\/\/www.europesays.com\/fr\/361126\/"},"modified":"2025-09-02T16:10:10","modified_gmt":"2025-09-02T16:10:10","slug":"les-nouveaux-acteurs-de-lindustrie-de-la-defense","status":"publish","type":"post","link":"https:\/\/www.europesays.com\/fr\/361126\/","title":{"rendered":"Les nouveaux acteurs de l&rsquo;industrie de la d\u00e9fense"},"content":{"rendered":"<p>\n                                                L&rsquo;Europe red\u00e9couvre son industrie militaire. En quatre ans, les d\u00e9penses ont augment\u00e9 de\u00a031%. Signe qu\u2019on ne peut plus se reposer sur la technologie et le soutien militaire am\u00e9ricain.                    <\/p>\n<p>Dans le vaste programme de 800\u00a0milliards d\u2019euros intitul\u00e9 \u00ab\u00a0<a href=\"https:\/\/www.rfi.fr\/fr\/podcasts\/d\u00e9cryptage\/20250310-l-europe-face-au-d\u00e9fi-de-cr\u00e9er-sa-propre-d\u00e9fense\" target=\"_self\" rel=\"noopener\"><strong>ReArm Europe<\/strong><\/a>\u00a0\u00bb, on trouve de nouveaux acteurs et un pays inattendu, l\u2019Irlande. L&rsquo;<strong><a href=\"https:\/\/www.rfi.fr\/fr\/tag\/irlande\/\" target=\"_self\" class=\"gtm-add-suggested-tag\" rel=\"noopener\">Irlande<\/a><\/strong>, championne de la neutralit\u00e9, non membre de l\u2019Otan et qui a longtemps eu le plus petit budget militaire de l\u2019Union europ\u00e9enne, veut augmenter ses d\u00e9penses de d\u00e9fense de\u00a050% en trois ans. Et c\u2019est tout le secteur de la tech qui se tourne d\u00e9sormais vers ces enjeux de s\u00e9curit\u00e9. <a href=\"https:\/\/www.rfi.fr\/fr\/auteur\/cl\u00e9mence-p\u00e9nard\/\" target=\"_self\" rel=\"noopener\"><strong>Cl\u00e9mence P\u00e9nard<\/strong><\/a>, correspondante \u00e0 Dublin.<\/p>\n<p> <strong>Le secteur de la d\u00e9fense lorgne sur les employ\u00e9s de l&rsquo;industrie automobile allemande<\/strong> <\/p>\n<p>Et depuis que le gouvernement allemand a vot\u00e9 pour un fond de 100\u00a0milliards d\u2019euros destin\u00e9 \u00e0 la modernisation de l\u2019arm\u00e9e, c\u2019est tout le secteur de la d\u00e9fense qui a le vent en poupe dans le pays. De l\u00e0 \u00e0 imaginer qu\u2019il pourrait prendre le relais d\u2019une industrie automobile en crise, il n\u2019y a qu\u2019un pas. \u00c0 Berlin, <a href=\"https:\/\/www.rfi.fr\/fr\/auteur\/delphine-nerbollier\/\" target=\"_self\" rel=\"noopener\"><strong>Delphine Nerbollier<\/strong><\/a>.<\/p>\n<p> <strong>Le Danube pollu\u00e9 aux microplastiques<\/strong> <\/p>\n<p>Le Danube, le deuxi\u00e8me fleuve le plus long d\u2019Europe, est menac\u00e9 par les polluants et notamment <a href=\"https:\/\/www.rfi.fr\/fr\/podcasts\/questions-d-environnement\/20231113-les-microplastiques-c-est-quoi\" target=\"_self\" rel=\"noopener\"><strong>les microplastiques<\/strong><\/a>. Dans son delta, en <strong><a href=\"https:\/\/www.rfi.fr\/fr\/tag\/roumanie\/\" target=\"_self\" class=\"gtm-add-suggested-tag\" rel=\"noopener\">Roumanie<\/a><\/strong>, pr\u00e8s de la mer Noire, toute une \u00e9quipe scientifique tente d\u2019analyser et de lutter contre leur nuisance. C\u2019est le reportage de notre correspondante <strong>Marine Leduc<\/strong>.<\/p>\n<p class=\"a-read-more\">\u00c0 lire aussi<a href=\"https:\/\/www.rfi.fr\/fr\/podcasts\/questions-d-environnement\/20231113-les-microplastiques-c-est-quoi\" target=\"_self\" class=\"a-read-more__link\" rel=\"noopener\">Les microplastiques, c&rsquo;est quoi ?<\/a><\/p>\n<p> <strong>Les vignes \u00e0 l&rsquo;\u00e9preuve du d\u00e9r\u00e8glement climatique<\/strong> <\/p>\n<p>L\u2019\u00e9t\u00e9 a encore apport\u00e9 son lot de temp\u00e9ratures extr\u00eames sur le continent. Les pics de chaleur, au-dessus de 35\u00a0degr\u00e9s, font d\u00e9sormais partie du quotidien. Le d\u00e9r\u00e8glement climatique impacte particuli\u00e8rement l\u2019agriculture. En <strong><a href=\"https:\/\/www.rfi.fr\/fr\/tag\/italie\/\" target=\"_self\" class=\"gtm-add-suggested-tag\" rel=\"noopener\">Italie<\/a><\/strong>, et plus pr\u00e9cis\u00e9ment en V\u00e9n\u00e9tie, les vignerons qui produisent le <a href=\"https:\/\/www.rfi.fr\/fr\/connaissances\/20241223-le-prosecco-un-vin-traditionnel-devenu-un-symbole-de-l-excellence-italienne\" target=\"_self\" rel=\"noopener\"><strong>vin Prosecco<\/strong><\/a> ont pris la mesure du changement. Des temp\u00e9ratures record, de canicule, mais aussi de grand froid, auxquelles il a fallu s\u2019adapter. Reportage en V\u00e9n\u00e9tie d\u2019<a href=\"https:\/\/www.rfi.fr\/fr\/auteur\/olivier-favier\/\" target=\"_self\" rel=\"noopener\"><strong>Olivier Favier<\/strong><\/a>.<\/p>\n<p class=\"a-read-more\">\u00c0 lire aussi<a href=\"https:\/\/www.rfi.fr\/fr\/connaissances\/20241223-le-prosecco-un-vin-traditionnel-devenu-un-symbole-de-l-excellence-italienne\" target=\"_self\" class=\"a-read-more__link\" rel=\"noopener\">Le prosecco, un vin traditionnel devenu un symbole de l\u2019excellence italienne<\/a><\/p>\n","protected":false},"excerpt":{"rendered":"L&rsquo;Europe red\u00e9couvre son industrie militaire. En quatre ans, les d\u00e9penses ont augment\u00e9 de\u00a031%. Signe qu\u2019on ne peut plus&hellip;\n","protected":false},"author":2,"featured_media":361127,"comment_status":"","ping_status":"","sticky":false,"template":"","format":"standard","meta":{"footnotes":""},"categories":[1586],"tags":[2361,11,672,554,1777,674,1779,1011,27,516,12,25,1778,364],"class_list":{"0":"post-361126","1":"post","2":"type-post","3":"status-publish","4":"format-standard","5":"has-post-thumbnail","7":"category-europe","8":"tag-accents-deurope","9":"tag-actualites","10":"tag-allemagne","11":"tag-defense","12":"tag-eu","13":"tag-europe","14":"tag-european-union","15":"tag-fr","16":"tag-france","17":"tag-irlande","18":"tag-news","19":"tag-republique-francaise","20":"tag-ue","21":"tag-union-europeenne"},"share_on_mastodon":{"url":"https:\/\/pubeurope.com\/@fr\/115135579656365409","error":""},"_links":{"self":[{"href":"https:\/\/www.europesays.com\/fr\/wp-json\/wp\/v2\/posts\/361126","targetHints":{"allow":["GET"]}}],"collection":[{"href":"https:\/\/www.europesays.com\/fr\/wp-json\/wp\/v2\/posts"}],"about":[{"href":"https:\/\/www.europesays.com\/fr\/wp-json\/wp\/v2\/types\/post"}],"author":[{"embeddable":true,"href":"https:\/\/www.europesays.com\/fr\/wp-json\/wp\/v2\/users\/2"}],"replies":[{"embeddable":true,"href":"https:\/\/www.europesays.com\/fr\/wp-json\/wp\/v2\/comments?post=361126"}],"version-history":[{"count":0,"href":"https:\/\/www.europesays.com\/fr\/wp-json\/wp\/v2\/posts\/361126\/revisions"}],"wp:featuredmedia":[{"embeddable":true,"href":"https:\/\/www.europesays.com\/fr\/wp-json\/wp\/v2\/media\/361127"}],"wp:attachment":[{"href":"https:\/\/www.europesays.com\/fr\/wp-json\/wp\/v2\/media?parent=361126"}],"wp:term":[{"taxonomy":"category","embeddable":true,"href":"https:\/\/www.europesays.com\/fr\/wp-json\/wp\/v2\/categories?post=361126"},{"taxonomy":"post_tag","embeddable":true,"href":"https:\/\/www.europesays.com\/fr\/wp-json\/wp\/v2\/tags?post=361126"}],"curies":[{"name":"wp","href":"https:\/\/api.w.org\/{rel}","templated":true}]}}