{"id":361132,"date":"2025-09-02T16:13:12","date_gmt":"2025-09-02T16:13:12","guid":{"rendered":"https:\/\/www.europesays.com\/fr\/361132\/"},"modified":"2025-09-02T16:13:12","modified_gmt":"2025-09-02T16:13:12","slug":"loffre-regionale-de-france-televisions-premiere-sur-linfo-cet-ete","status":"publish","type":"post","link":"https:\/\/www.europesays.com\/fr\/361132\/","title":{"rendered":"L&rsquo;offre r\u00e9gionale de France T\u00e9l\u00e9visions premi\u00e8re sur l&rsquo;info cet \u00e9t\u00e9"},"content":{"rendered":"<p>En juillet et en ao\u00fbt, les r\u00e9dactions r\u00e9gionales de France 3 ont \u00e9t\u00e9 les premi\u00e8res partenaires de la vie quotidienne des Fran\u00e7ais.<\/p>\n<p>Avec une moyenne quotidienne de 17,4% de PdA* et 2,1 millions de t\u00e9l\u00e9spectateurs,<strong>\u00a0Ici 19\/20<\/strong> a \u00e9t\u00e9 leader du lundi au dimanche.<br \/>Chaque jour, les \u00e9ditions de l\u2019information r\u00e9gionale de la mi-journ\u00e9e et d\u2019access ont touch\u00e9 environ 4.6 millions de t\u00e9l\u00e9spectateurs.<\/p>\n<p><strong>Et\u00e9 record sur le num\u00e9rique\u00a0 :<\/strong><\/p>\n<p>L\u2019info de proximit\u00e9 du Groupe a \u00e9galement \u00e9t\u00e9 pl\u00e9biscit\u00e9e sur les sites num\u00e9riques en r\u00e9gion avec un cumul de 215 millions de visites** sur l\u2019\u00e9t\u00e9, soit 3.5 millions de visites par jour, en\u00a0 hausse de 35% par rapport \u00e0 l\u2019\u00e9t\u00e9 2024.<br \/>\u00a0<\/p>\n<p>Sources :<\/p>\n<p>* M\u00e9diam\u00e9trie \/ M\u00e9diamat\u00a0<br \/>** Piano<\/p>\n","protected":false},"excerpt":{"rendered":"En juillet et en ao\u00fbt, les r\u00e9dactions r\u00e9gionales de France 3 ont \u00e9t\u00e9 les premi\u00e8res partenaires de la&hellip;\n","protected":false},"author":2,"featured_media":361133,"comment_status":"","ping_status":"","sticky":false,"template":"","format":"standard","meta":{"footnotes":""},"categories":[4],"tags":[11,1011,27,12,25],"class_list":{"0":"post-361132","1":"post","2":"type-post","3":"status-publish","4":"format-standard","5":"has-post-thumbnail","7":"category-france","8":"tag-actualites","9":"tag-fr","10":"tag-france","11":"tag-news","12":"tag-republique-francaise"},"share_on_mastodon":{"url":"https:\/\/pubeurope.com\/@fr\/115135591431537782","error":""},"_links":{"self":[{"href":"https:\/\/www.europesays.com\/fr\/wp-json\/wp\/v2\/posts\/361132","targetHints":{"allow":["GET"]}}],"collection":[{"href":"https:\/\/www.europesays.com\/fr\/wp-json\/wp\/v2\/posts"}],"about":[{"href":"https:\/\/www.europesays.com\/fr\/wp-json\/wp\/v2\/types\/post"}],"author":[{"embeddable":true,"href":"https:\/\/www.europesays.com\/fr\/wp-json\/wp\/v2\/users\/2"}],"replies":[{"embeddable":true,"href":"https:\/\/www.europesays.com\/fr\/wp-json\/wp\/v2\/comments?post=361132"}],"version-history":[{"count":0,"href":"https:\/\/www.europesays.com\/fr\/wp-json\/wp\/v2\/posts\/361132\/revisions"}],"wp:featuredmedia":[{"embeddable":true,"href":"https:\/\/www.europesays.com\/fr\/wp-json\/wp\/v2\/media\/361133"}],"wp:attachment":[{"href":"https:\/\/www.europesays.com\/fr\/wp-json\/wp\/v2\/media?parent=361132"}],"wp:term":[{"taxonomy":"category","embeddable":true,"href":"https:\/\/www.europesays.com\/fr\/wp-json\/wp\/v2\/categories?post=361132"},{"taxonomy":"post_tag","embeddable":true,"href":"https:\/\/www.europesays.com\/fr\/wp-json\/wp\/v2\/tags?post=361132"}],"curies":[{"name":"wp","href":"https:\/\/api.w.org\/{rel}","templated":true}]}}