{"id":361134,"date":"2025-09-02T16:16:10","date_gmt":"2025-09-02T16:16:10","guid":{"rendered":"https:\/\/www.europesays.com\/fr\/361134\/"},"modified":"2025-09-02T16:16:10","modified_gmt":"2025-09-02T16:16:10","slug":"les-supporters-du-stade-francais-paris-sont-furieux","status":"publish","type":"post","link":"https:\/\/www.europesays.com\/fr\/361134\/","title":{"rendered":"Les supporters du Stade-Fran\u00e7ais Paris sont furieux"},"content":{"rendered":"<p>Les supporters du Stade-Fran\u00e7ais Paris sont furieux.<\/p>\n<p>Et pour cause, ils n\u2019appr\u00e9cient pas du tout le prototype de maillot pr\u00e9sent\u00e9 par le club de la Capitale, ce mardi.<\/p>\n<p>Comme r\u00e9v\u00e9l\u00e9 pr\u00e9c\u00e9demment, le Stade-Fran\u00e7ais a officialis\u00e9 la signature d\u2019un nouveau partenaire maillot : Sublime C\u00f4te d\u2019Ivoire.<\/p>\n<p>Il s\u2019agit d\u2019une soci\u00e9t\u00e9 destin\u00e9e \u00e0 promouvoir le tourisme en C\u00f4te d\u2019Ivoire.<\/p>\n<p>Probl\u00e8me : l\u2019int\u00e9gration du sponsor sur la face avant du maillot est jug\u00e9e grotesque par les supporters.<\/p>\n<p>Sur les r\u00e9seaux sociaux, la tension est palpable.<\/p>\n<p><strong>A lire ci-dessous :<\/strong><\/p>\n<p>Hey, enlevez carr\u00e9ment les \u00e9clairs \u00e0 ce niveau l\u00e0. Chier sur notre identit\u00e9, une passion.<\/p>\n<p>L\u2019incrustation sur le devant du maillot mon dieu comme c\u2019est ignoble Remettez moi un immense Capri Sun piti\u00e9<\/p>\n<p>D\u00e9gueulasse. Et l\u2019incrustation encore pire. Mais peut-\u00eatre qu\u2019en lavant \u00e0 60, le flocage va sauter.<\/p>\n<p>Toujours plus gros le sponsor sur le maillot<\/p>\n<p>Oh mon dieu<\/p>\n<p>Et pourquoi ne pas jouer avec les couleurs du Paris FC ? Encore un \u00e9clair de g\u00e9nie qui frappe notre identit\u00e9.<\/p>\n<p>Malheureusement c\u2019est le retour de la tradition du sponsor envahissant qui bouffe les \u00e9clairs<\/p>\n<p>Peu importe le pays concern\u00e9, le sponsor en plein milieu du maillot est IMMONDE. Et la taille XXL qui cache les \u00e9clairs\u2026 G\u00e9nie<\/p>\n<p><strong>C\u2019est ce mercredi 3 septembre que le Stade-Fran\u00e7ais Paris d\u00e9voilera son v\u00e9ritable maillot pour la saison 2025 \/ 2026.<\/strong><\/p>\n<blockquote class=\"twitter-tweet\" data-width=\"550\" data-dnt=\"true\">\n<p lang=\"fr\" dir=\"ltr\">Peu importe le pays concern\u00e9, le sponsor en plein milieu du maillot est IMMONDE.<\/p>\n<p>Et la taille XXL qui cache les \u00e9clairs\u2026 G\u00e9nie <a href=\"https:\/\/t.co\/8w8yffttRR\" rel=\"nofollow\">https:\/\/t.co\/8w8yffttRR<\/a><\/p>\n<p>\u2014 LePetitSudisteduSF (@Thephx8) <a href=\"https:\/\/twitter.com\/Thephx8\/status\/1962820695416529074?ref_src=twsrc%5Etfw\" rel=\"nofollow noopener\" target=\"_blank\">September 2, 2025<\/a><\/p>\n<\/blockquote>\n<p><script async src=\"https:\/\/platform.twitter.com\/widgets.js\" charset=\"utf-8\"><\/script><\/p>\n","protected":false},"excerpt":{"rendered":"Les supporters du Stade-Fran\u00e7ais Paris sont furieux. Et pour cause, ils n\u2019appr\u00e9cient pas du tout le prototype de&hellip;\n","protected":false},"author":2,"featured_media":361135,"comment_status":"","ping_status":"","sticky":false,"template":"","format":"standard","meta":{"footnotes":""},"categories":[1416],"tags":[1011,27,479,1468,60],"class_list":{"0":"post-361134","1":"post","2":"type-post","3":"status-publish","4":"format-standard","5":"has-post-thumbnail","7":"category-rugby","8":"tag-fr","9":"tag-france","10":"tag-rugby","11":"tag-rugby-football","12":"tag-sports"},"share_on_mastodon":{"url":"https:\/\/pubeurope.com\/@fr\/115135603840975742","error":""},"_links":{"self":[{"href":"https:\/\/www.europesays.com\/fr\/wp-json\/wp\/v2\/posts\/361134","targetHints":{"allow":["GET"]}}],"collection":[{"href":"https:\/\/www.europesays.com\/fr\/wp-json\/wp\/v2\/posts"}],"about":[{"href":"https:\/\/www.europesays.com\/fr\/wp-json\/wp\/v2\/types\/post"}],"author":[{"embeddable":true,"href":"https:\/\/www.europesays.com\/fr\/wp-json\/wp\/v2\/users\/2"}],"replies":[{"embeddable":true,"href":"https:\/\/www.europesays.com\/fr\/wp-json\/wp\/v2\/comments?post=361134"}],"version-history":[{"count":0,"href":"https:\/\/www.europesays.com\/fr\/wp-json\/wp\/v2\/posts\/361134\/revisions"}],"wp:featuredmedia":[{"embeddable":true,"href":"https:\/\/www.europesays.com\/fr\/wp-json\/wp\/v2\/media\/361135"}],"wp:attachment":[{"href":"https:\/\/www.europesays.com\/fr\/wp-json\/wp\/v2\/media?parent=361134"}],"wp:term":[{"taxonomy":"category","embeddable":true,"href":"https:\/\/www.europesays.com\/fr\/wp-json\/wp\/v2\/categories?post=361134"},{"taxonomy":"post_tag","embeddable":true,"href":"https:\/\/www.europesays.com\/fr\/wp-json\/wp\/v2\/tags?post=361134"}],"curies":[{"name":"wp","href":"https:\/\/api.w.org\/{rel}","templated":true}]}}