{"id":361138,"date":"2025-09-02T16:18:10","date_gmt":"2025-09-02T16:18:10","guid":{"rendered":"https:\/\/www.europesays.com\/fr\/361138\/"},"modified":"2025-09-02T16:18:10","modified_gmt":"2025-09-02T16:18:10","slug":"video-le-deuxieme-episode-de-la-serie-all-access-qui-suit-les-bleus-a-leurobasket","status":"publish","type":"post","link":"https:\/\/www.europesays.com\/fr\/361138\/","title":{"rendered":"[Vid\u00e9o] Le deuxi\u00e8me \u00e9pisode de la s\u00e9rie All-Access, qui suit les Bleus \u00e0 l&rsquo;EuroBasket"},"content":{"rendered":"<p>La F\u00e9d\u00e9ration Fran\u00e7aise de Basketball (FFBB) continue de nous plonger dans l\u2019intimit\u00e9 de l\u2019\u00c9quipe de France avec le deuxi\u00e8me \u00e9pisode de sa s\u00e9rie All-Access. Apr\u00e8s un premier volet consacr\u00e9 \u00e0 la pr\u00e9paration, ce nouvel opus d\u2019une vingtaine de minutes nous emm\u00e8ne au c\u0153ur des premiers matchs de <a href=\"https:\/\/www.bebasket.fr\/ligue\/eurobasket-2025\" target=\"_blank\" rel=\"noopener\">EuroBasket<\/a>, r\u00e9v\u00e9lant les \u00e9motions contrast\u00e9es v\u00e9cues par le groupe de Freddy Fauthoux.<\/p>\n<p>Des hauts et des bas pour les Bleus en d\u00e9but de comp\u00e9tition<\/p>\n<p>Du media day d\u2019avant Euro jusqu\u2019\u00e0 la d\u00e9ception contre <a href=\"https:\/\/www.bebasket.fr\/equipe\/israel\" target=\"_blank\" rel=\"noopener\">Isra\u00ebl<\/a>, en passant par les victoires convaincantes face \u00e0 la <a href=\"https:\/\/www.bebasket.fr\/equipe\/belgique\" target=\"_blank\" rel=\"noopener\">Belgique<\/a> et surtout la <a href=\"https:\/\/www.bebasket.fr\/equipe\/slovenie\" target=\"_blank\" rel=\"noopener\">Slov\u00e9nie<\/a>, l\u2019\u00e9quipe de France a travers\u00e9 une montagne russe \u00e9motionnelle. Ces moments intenses sont parfaitement retranscrits dans cet \u00e9pisode qui offre un acc\u00e8s privil\u00e9gi\u00e9 aux coulisses du groupe tricolore.<\/p>\n<p>L\u2019un des points forts de ce documentaire r\u00e9side dans la mise en lumi\u00e8re de la complicit\u00e9 entre <a href=\"https:\/\/www.bebasket.fr\/joueur\/alexandre-sarr\" target=\"_blank\" rel=\"noopener\">Alexandre Sarr<\/a> et <a href=\"https:\/\/www.bebasket.fr\/joueur\/zaccharie-risacher\" target=\"_blank\" rel=\"noopener\">Zaccharie Risacher<\/a>, les deux copains de la Draft <a href=\"https:\/\/www.bebasket.fr\/ligue\/nba\" target=\"_blank\" rel=\"noopener\">NBA<\/a> 2024. Leur relation privil\u00e9gi\u00e9e illustre parfaitement l\u2019esprit de cette nouvelle g\u00e9n\u00e9ration fran\u00e7aise, ambitieuse et soud\u00e9e.<\/p>\n<p>L\u2019ambition de Bilal Coulibaly<\/p>\n<p><a href=\"https:\/\/www.bebasket.fr\/joueur\/bilal-coulibaly\" target=\"_blank\" rel=\"noopener\">Bilal Coulibaly<\/a> incarne \u00e9galement cette soif de victoire qui anime les Bleus. Le documentaire r\u00e9v\u00e8le son ambition personnelle et collective, t\u00e9moignant de la mentalit\u00e9 de cette \u00e9quipe qui ne veut rien l\u00e2cher. Cette d\u00e9termination se retrouve \u00e9galement dans les propos de <a href=\"https:\/\/www.bebasket.fr\/joueur\/sylvain-francisco\" target=\"_blank\" rel=\"noopener\">Sylvain Francisco<\/a>, captur\u00e9 avant le d\u00e9but de la comp\u00e9tition.<\/p>\n<p>Le meneur fran\u00e7ais avait d\u00e9clar\u00e9 avec conviction : \u00ab\u00a0M\u00eame si on est \u00e0 +12 avec 10 secondes \u00e0 jouer, on doit aller marquer\u00a0\u00bb. Une phrase pr\u00e9monitoire qui r\u00e9sume parfaitement l\u2019\u00e9tat d\u2019esprit de cette g\u00e9n\u00e9ration fran\u00e7aise, qui compte se reprendre ce mardi soir face \u00e0 la Pologne. Avant cette confrontation chez le pays h\u00f4te, plongez dans l\u2019intimit\u00e9 du groupe \u00e0 Katowice avec l\u2019\u00e9pisode 2 :<\/p><\/p>\n","protected":false},"excerpt":{"rendered":"La F\u00e9d\u00e9ration Fran\u00e7aise de Basketball (FFBB) continue de nous plonger dans l\u2019intimit\u00e9 de l\u2019\u00c9quipe de France avec le&hellip;\n","protected":false},"author":2,"featured_media":361139,"comment_status":"","ping_status":"","sticky":false,"template":"","format":"standard","meta":{"footnotes":""},"categories":[1414],"tags":[1465,1464,1011,27,60],"class_list":{"0":"post-361138","1":"post","2":"type-post","3":"status-publish","4":"format-standard","5":"has-post-thumbnail","7":"category-basket","8":"tag-basket","9":"tag-basketball","10":"tag-fr","11":"tag-france","12":"tag-sports"},"share_on_mastodon":{"url":"","error":""},"_links":{"self":[{"href":"https:\/\/www.europesays.com\/fr\/wp-json\/wp\/v2\/posts\/361138","targetHints":{"allow":["GET"]}}],"collection":[{"href":"https:\/\/www.europesays.com\/fr\/wp-json\/wp\/v2\/posts"}],"about":[{"href":"https:\/\/www.europesays.com\/fr\/wp-json\/wp\/v2\/types\/post"}],"author":[{"embeddable":true,"href":"https:\/\/www.europesays.com\/fr\/wp-json\/wp\/v2\/users\/2"}],"replies":[{"embeddable":true,"href":"https:\/\/www.europesays.com\/fr\/wp-json\/wp\/v2\/comments?post=361138"}],"version-history":[{"count":0,"href":"https:\/\/www.europesays.com\/fr\/wp-json\/wp\/v2\/posts\/361138\/revisions"}],"wp:featuredmedia":[{"embeddable":true,"href":"https:\/\/www.europesays.com\/fr\/wp-json\/wp\/v2\/media\/361139"}],"wp:attachment":[{"href":"https:\/\/www.europesays.com\/fr\/wp-json\/wp\/v2\/media?parent=361138"}],"wp:term":[{"taxonomy":"category","embeddable":true,"href":"https:\/\/www.europesays.com\/fr\/wp-json\/wp\/v2\/categories?post=361138"},{"taxonomy":"post_tag","embeddable":true,"href":"https:\/\/www.europesays.com\/fr\/wp-json\/wp\/v2\/tags?post=361138"}],"curies":[{"name":"wp","href":"https:\/\/api.w.org\/{rel}","templated":true}]}}