{"id":361140,"date":"2025-09-02T16:19:09","date_gmt":"2025-09-02T16:19:09","guid":{"rendered":"https:\/\/www.europesays.com\/fr\/361140\/"},"modified":"2025-09-02T16:19:09","modified_gmt":"2025-09-02T16:19:09","slug":"marc-marquez-est-optimiste-pour-etre-champion-du-monde-motogp-2022","status":"publish","type":"post","link":"https:\/\/www.europesays.com\/fr\/361140\/","title":{"rendered":"Marc Marquez est optimiste pour \u00eatre champion du monde MotoGP 2022"},"content":{"rendered":"<p>AKARTA \u2013 Le leader du classement Marc Marquez est de plus en plus optimiste quant \u00e0 la victoire de la comp\u00e9tition et \u00e0 la sortie champion du monde MotoGP 2025 apr\u00e8s avoir jou\u00e9 dominant jusqu\u2019\u00e0 pr\u00e9sent.<\/p>\n<p>surnomm\u00e9 The Baby Alien est actuellement en t\u00eate du classement avec une collection de 455 points ou une sup\u00e9rieure de 175 points sur sa s\u0153ur Alex Marquez (Gresini Racing) \u00e0 la deuxi\u00e8me place.<\/p>\n<p>Alex \u00e9tait le principal rival de Marquez lorsqu\u2019il a commenc\u00e9 sa premi\u00e8re saison chez Ducati. Les fr\u00e8res et s\u0153urs sont les premiers et les deuxi\u00e8me finalistes de tous les Grands Prix, sauf une des six courses d\u2019ouverture de cette ann\u00e9e.<\/p>\n<p>Toutefois, lors de certains des derniers Grand Prix, Marquez a fait face \u00e0 des adversaires beaucoup plus vari\u00e9s, notamment Marco Bezahitchi, Pedro Acosta, Fabio di Giannant Isu et Fermin Almaguer.<\/p>\n<p>Marquez a soulign\u00e9 qu\u2019il ne s\u2019est absolument pas souci de qui l\u2019adversaire perturberait son voyage dans la recherche de titres. Il est optimiste quant \u00e0 sa capacit\u00e9 \u00e0 combattre eux et \u00e0 devenir champion \u00e0 la fin de la saison.<\/p>\n<p>\u00ab Je m\u2019en fiche de qui est mon rival. Au premier semestre, j\u2019ai combattu avec Alex. Nous \u00e9tions toujours en premi\u00e8re place, en deuxi\u00e8me, avec des erreurs qui nous ont amus\u00e9s de perdre beaucoup de points \u00bb, a d\u00e9clar\u00e9 Marquez.<\/p>\n<p>MotoGP 2022 a laiss\u00e9 huit s\u00e9ries. Avec une grande avance en haut du classement, l\u2019opportunit\u00e9 de Marquez de verrouiller ce prestigieux titre de course s\u2019est approch\u00e9e.<\/p>\n<p>in, c&rsquo;est que le pilote de 32 ans ne doit que gagner en Sprint Race et les courses majeures d&rsquo;Ayer et San Marino tout en esp\u00e9rant que sa s\u0153ur ne r\u00e9colte qu&rsquo;un maximum de 27 points chacun dans les deux courses.<\/p>\n<p>Marquez a d\u00e9clar\u00e9 qu\u2019il refusait toujours de prendre le risque avec un titre devant ses yeux. Il a soulign\u00e9 qu\u2019il ne doit tout simplement jouer en toute s\u00e9curit\u00e9 pour devenir champion.<\/p>\n<p>\u00bb Avec ce b\u00e9n\u00e9fice, j\u2019essaie juste de faire mon maximum chaque week-end et cela n\u2019a pas d\u2019importance si je me bat contre Giannantrih, KTM ou Aprilia, comme lors de la derni\u00e8re course \u00bb, a-t-il d\u00e9clar\u00e9.<\/p>\n<p>, la prochaine course aura lieu ce week-end \u00e0 Kaliningrad. Marquez est tr\u00e8s probablement \u00e0 nouveau dominant la course pour renforcer son avantage.<\/p>\n<p>The English, Chinese, Japanese, Arabic, and French versions are automatically generated by the AI. So there may still be inaccuracies in translating, please always see Indonesian as our main language.<br \/>\n                                    (system supported by DigitalSiber.id)<\/p>\n","protected":false},"excerpt":{"rendered":"AKARTA \u2013 Le leader du classement Marc Marquez est de plus en plus optimiste quant \u00e0 la victoire&hellip;\n","protected":false},"author":2,"featured_media":361141,"comment_status":"","ping_status":"","sticky":false,"template":"","format":"standard","meta":{"footnotes":""},"categories":[1413],"tags":[4266,1011,27,1461,1457,1456,1458,19713,60],"class_list":{"0":"post-361140","1":"post","2":"type-post","3":"status-publish","4":"format-standard","5":"has-post-thumbnail","7":"category-moto","8":"tag-ducati","9":"tag-fr","10":"tag-france","11":"tag-marc-marquez","12":"tag-moto","13":"tag-motocycle","14":"tag-motogp","15":"tag-motogp-2025","16":"tag-sports"},"share_on_mastodon":{"url":"https:\/\/pubeurope.com\/@fr\/115135615104552893","error":""},"_links":{"self":[{"href":"https:\/\/www.europesays.com\/fr\/wp-json\/wp\/v2\/posts\/361140","targetHints":{"allow":["GET"]}}],"collection":[{"href":"https:\/\/www.europesays.com\/fr\/wp-json\/wp\/v2\/posts"}],"about":[{"href":"https:\/\/www.europesays.com\/fr\/wp-json\/wp\/v2\/types\/post"}],"author":[{"embeddable":true,"href":"https:\/\/www.europesays.com\/fr\/wp-json\/wp\/v2\/users\/2"}],"replies":[{"embeddable":true,"href":"https:\/\/www.europesays.com\/fr\/wp-json\/wp\/v2\/comments?post=361140"}],"version-history":[{"count":0,"href":"https:\/\/www.europesays.com\/fr\/wp-json\/wp\/v2\/posts\/361140\/revisions"}],"wp:featuredmedia":[{"embeddable":true,"href":"https:\/\/www.europesays.com\/fr\/wp-json\/wp\/v2\/media\/361141"}],"wp:attachment":[{"href":"https:\/\/www.europesays.com\/fr\/wp-json\/wp\/v2\/media?parent=361140"}],"wp:term":[{"taxonomy":"category","embeddable":true,"href":"https:\/\/www.europesays.com\/fr\/wp-json\/wp\/v2\/categories?post=361140"},{"taxonomy":"post_tag","embeddable":true,"href":"https:\/\/www.europesays.com\/fr\/wp-json\/wp\/v2\/tags?post=361140"}],"curies":[{"name":"wp","href":"https:\/\/api.w.org\/{rel}","templated":true}]}}