{"id":361146,"date":"2025-09-02T16:22:11","date_gmt":"2025-09-02T16:22:11","guid":{"rendered":"https:\/\/www.europesays.com\/fr\/361146\/"},"modified":"2025-09-02T16:22:11","modified_gmt":"2025-09-02T16:22:11","slug":"les-nouvelles-revelations-sur-le-litige-entre-mbappe-et-le-psg","status":"publish","type":"post","link":"https:\/\/www.europesays.com\/fr\/361146\/","title":{"rendered":"Les nouvelles r\u00e9v\u00e9lations sur le litige entre Mbapp\u00e9 et le PSG"},"content":{"rendered":"<p><strong>Kylian Mbapp\u00e9, attaquant de 26 ans de l\u2019Equipe de France, est dor\u00e9navant au Real Madrid suite \u00e0 son d\u00e9part du Paris Saint-Germain. Mais tout n\u2019est pas encore r\u00e9gl\u00e9 entre le joueur et le club o\u00f9 il a pass\u00e9 7 ans. L\u2019international fran\u00e7ais est en conflit avec Paris au niveau financier pour des primes et salaires impay\u00e9s, alors que le PSG estime qu\u2019il y avait un accord trouv\u00e9. R\u00e9cemment, <a href=\"https:\/\/www.parisfans.fr\/une\/mbappe-ne-va-pas-gagner-le-psg-repond-822723.html\" target=\"_blank\" rel=\"noopener nofollow\">ses avocats ont annonc\u00e9 une offensive avec plusieurs proc\u00e9dures lanc\u00e9es et le PSG a r\u00e9pondu<\/a>. Ce mardi, RMC Sport donne de nouvelles informations avec un extrait du livre d\u2019Apolline Bouchery et de son journaliste Fabrice Hawkins <a class=\"external_link\" href=\"https:\/\/editions.flammarion.com\/de-lenfer-au-paradis\/9782080488299\" target=\"_blank\" rel=\"noopener nofollow\">De l\u2019enfer au paradis<\/a>, les secrets des deux saisons qui ont chang\u00e9 l\u2019histoire du PSG, chez Flammarion. Il est question d\u2019une lettre de l\u2019avocate Ma\u00eetre Delphine Verheyden qui a men\u00e9 \u00e0 des r\u00e9unions et \u00e0 un accord, mais tout pas tout \u00e0 fait clair.<\/strong><\/p>\n<p>\u00ab\u00a0Voici ce que Me Delphine Verheyden pr\u00e9cise \u00e0 propos de cet accord :\u00a0\u00bb<\/p>\n<blockquote>\n<p>\u00ab\u00a0Le 11 ao\u00fbt 2023, l\u2019avocate de Kylian Mbapp\u00e9, Ma\u00eetre Delphine Verheyden, adresse une lettre au secr\u00e9taire g\u00e9n\u00e9ral du PSG Victoriano Melero (nomm\u00e9 directeur g\u00e9n\u00e9ral en octobre 2024) au nom de son client.\u00a0<\/p>\n<p>Voici ce que Me Delphine Verheyden pr\u00e9cise \u00e0 propos de cet accord :<\/p>\n<p>\u00ab\u00a0Mon client formule la proposition suivante :<\/p>\n<p>\u2013 R\u00e9duire de 55 millions bruts les primes devant lui \u00eatre vers\u00e9es lors de la saison 2023\/2024 (correspondant aux 30 millions de prime de fid\u00e9lit\u00e9 li\u00e9e aux deux premi\u00e8res ann\u00e9es de contrat et 25 millions de prime de signature), ceci repr\u00e9sentant une \u00e9conomie de plus de 68 millions dans les comptes du club ;<\/p>\n<p>\u2013 Transposer le r\u00e8glement de ce m\u00eame montant \u00e0 la saison 2024\/2025 s\u2019il devait \u00eatre encore pr\u00e9sent dans les effectifs \u00e0 cette date.<\/p>\n<p>Cette proposition est conditionn\u00e9e aux \u00e9l\u00e9ments cumulatifs suivants :<\/p>\n<p>\u2013 Qu\u2019il soit r\u00e9int\u00e9gr\u00e9 dans le groupe pour le match du 12 ao\u00fbt 2023 et n\u2019en soit plus sorti de toute la saison sportive ;<\/p>\n<p>\u2013 Que cet avenant soit sign\u00e9 au plus tard lundi 14 ao\u00fbt \u00e0 12h. Pass\u00e9 cette date l\u2019offre sera caduque ;<\/p>\n<p>\u2013 R\u00e9daction d\u2019un communiqu\u00e9 de presse commun indiquant la fin du diff\u00e9rend, la r\u00e9int\u00e9gration sans condition dans le groupe et le pas fait par mon client pour r\u00e9soudre ce diff\u00e9rend. Enfin, et c\u2019est crucial pour lui, Kylian Mbapp\u00e9 insiste pour que je vous redise que ce qui compte avant tout pour lui est de jouer au football et gagner le maximum de titres avec son \u00e9quipe.\u00a0\u00bb<\/p>\n<\/blockquote>\n<p>\u00ab\u00a0Aucun contrat n\u2019est sign\u00e9 de mani\u00e8re bilat\u00e9rale entre le club et le joueur.\u00a0\u00bb<\/p>\n<blockquote>\n<p>Aucun contrat n\u2019est sign\u00e9 de mani\u00e8re bilat\u00e9rale entre le club et le joueur. Selon les modalit\u00e9s initialement formul\u00e9es par l\u2019avocate de Kylian Mbapp\u00e9 dans sa lettre du 11 ao\u00fbt, cela aurait pu se faire jusqu\u2019au 14 (si Mbapp\u00e9 avait \u00e9t\u00e9 retenu pour le match, ce qui \u00e9tait une condition). Mais cela ne fut pas le cas. Et c\u2019est important. Car il s\u2019av\u00e8re que les deux camps ressortent satisfaits de cette r\u00e9union. La suite va prouver que les deux\u2026 n\u2019ont pas compris la m\u00eame chose de ces discussions.\u00a0\u00bb<\/p>\n<\/blockquote>\n<p>On se doute que les \u00e9l\u00e9ments sont justes, ils ne seraient pas expos\u00e9s ainsi dans le livre sinon. On comprend finalement surtout que la n\u00e9gociation entre le PSG et l\u2019entourage de Mbapp\u00e9 a \u00e9t\u00e9 tendue, avec le manque d\u2019un \u00e9crit qui est sign\u00e9 au final afin de tout fixer. Et peut-\u00eatre s\u00fbr que tout le monde \u00e9tait d\u2019accord sur chaque point avant la r\u00e9int\u00e9gration.<\/p>\n<p>En tout cas, il y a clairement un manque puisque le litige est toujours d\u2019actualit\u00e9 et l\u2019issue tr\u00e8s incertaine. Le PSG regrette peut-\u00eatre de ne pas avoir eu un \u00e9crit de l\u2019accord trouv\u00e9 lors de l\u2019ultime r\u00e9union. On aimerait en tout cas enfin passer \u00e0 autre chose. Sportivement, cela a \u00e9t\u00e9 tr\u00e8s bien fait. Maintenant, il est temps de tourner totalement la page avec la fin de ce litige.<\/p>\n<p>Cela vaut aussi pour Mbapp\u00e9, lanc\u00e9 dans sa seconde saison au Real Madrid avec le besoin de faire un peu oublier les \u00e9checs de son aventure parisienne. Dont la sortie, marqu\u00e9e par la tension et les rumeurs.<\/p>\n<p>\t\t\t\t\t\t\t\t\t\t\t\t\t\t\t\t\t\t\t\t\t\t\t<img loading=\"lazy\" src=\"https:\/\/www.europesays.com\/fr\/wp-content\/uploads\/2025\/04\/ParisFans_Logo.png\" decoding=\"async\" class=\"lazyload\" width=\"240\" height=\"54\" data-eio-rwidth=\"240\" data-eio-rheight=\"54\"\/><\/p>\n","protected":false},"excerpt":{"rendered":"Kylian Mbapp\u00e9, attaquant de 26 ans de l\u2019Equipe de France, est dor\u00e9navant au Real Madrid suite \u00e0 son&hellip;\n","protected":false},"author":2,"featured_media":361147,"comment_status":"","ping_status":"","sticky":false,"template":"","format":"standard","meta":{"footnotes":""},"categories":[1410],"tags":[63,1011,27,6477,60,96],"class_list":{"0":"post-361146","1":"post","2":"type-post","3":"status-publish","4":"format-standard","5":"has-post-thumbnail","7":"category-football","8":"tag-football","9":"tag-fr","10":"tag-france","11":"tag-kylian-mbappe","12":"tag-sports","13":"tag-une"},"share_on_mastodon":{"url":"https:\/\/pubeurope.com\/@fr\/115135626990820500","error":""},"_links":{"self":[{"href":"https:\/\/www.europesays.com\/fr\/wp-json\/wp\/v2\/posts\/361146","targetHints":{"allow":["GET"]}}],"collection":[{"href":"https:\/\/www.europesays.com\/fr\/wp-json\/wp\/v2\/posts"}],"about":[{"href":"https:\/\/www.europesays.com\/fr\/wp-json\/wp\/v2\/types\/post"}],"author":[{"embeddable":true,"href":"https:\/\/www.europesays.com\/fr\/wp-json\/wp\/v2\/users\/2"}],"replies":[{"embeddable":true,"href":"https:\/\/www.europesays.com\/fr\/wp-json\/wp\/v2\/comments?post=361146"}],"version-history":[{"count":0,"href":"https:\/\/www.europesays.com\/fr\/wp-json\/wp\/v2\/posts\/361146\/revisions"}],"wp:featuredmedia":[{"embeddable":true,"href":"https:\/\/www.europesays.com\/fr\/wp-json\/wp\/v2\/media\/361147"}],"wp:attachment":[{"href":"https:\/\/www.europesays.com\/fr\/wp-json\/wp\/v2\/media?parent=361146"}],"wp:term":[{"taxonomy":"category","embeddable":true,"href":"https:\/\/www.europesays.com\/fr\/wp-json\/wp\/v2\/categories?post=361146"},{"taxonomy":"post_tag","embeddable":true,"href":"https:\/\/www.europesays.com\/fr\/wp-json\/wp\/v2\/tags?post=361146"}],"curies":[{"name":"wp","href":"https:\/\/api.w.org\/{rel}","templated":true}]}}