{"id":361148,"date":"2025-09-02T16:23:11","date_gmt":"2025-09-02T16:23:11","guid":{"rendered":"https:\/\/www.europesays.com\/fr\/361148\/"},"modified":"2025-09-02T16:23:11","modified_gmt":"2025-09-02T16:23:11","slug":"cest-bien-la-francaise-chloe-malle-qui-succede-a-anna-wintour-a-la-tete-de-vogue","status":"publish","type":"post","link":"https:\/\/www.europesays.com\/fr\/361148\/","title":{"rendered":"C\u2019est bien la Fran\u00e7aise Chloe Malle qui succ\u00e8de \u00e0 Anna Wintour \u00e0 la t\u00eate de \u00ab\u00a0Vogue\u00a0\u00bb"},"content":{"rendered":"<p>        <img decoding=\"async\" loading=\"lazy\" src=\"https:\/\/www.europesays.com\/fr\/wp-content\/uploads\/2025\/09\/7f1b77c_upload-1-xreequdxzomq-gettyimages-1252539523.jpg\"  width=\"728\" height=\"410\" alt=\"Chloe Malle, ici au mois de mai 2023, \u00e0 New York.\"\/>  <\/p>\n<p>Lexie Moreland \/ WWD via Getty Images<\/p>\n<p>Chloe Malle, ici au mois de mai 2023, \u00e0 New York.<\/p>\n<p class=\"asset asset-text\">M\u00c9DIAS &#8211; Chose promise, chose due\u00a0: la digne h\u00e9riti\u00e8re d\u2019<a href=\"https:\/\/www.huffingtonpost.fr\/medias\/article\/anna-wintour-figure-de-la-mode-incarnee-par-meryl-streep-sur-grand-ecran-quitte-vogue-us_251882.html\" target=\"_blank\" rel=\"noopener\">Anna Wintour<\/a> a \u00e9t\u00e9 annonc\u00e9e dans la presse, ce mardi 2\u00a0septembre, un peu moins de dix jours avant l\u2019ouverture de la <a href=\"https:\/\/www.huffingtonpost.fr\/international\/article\/a-la-fashion-week-de-paris-le-defile-choc-de-willy-chavarr-a-n-a-pas-du-tout-plu-au-president-du-salvador_251966.html\" target=\"_blank\" rel=\"noopener\">Fashion Week<\/a> de New York. Les rumeurs disaient vrai. Il s\u2019agit bien de la Franco-am\u00e9ricaine <a href=\"https:\/\/www.huffingtonpost.fr\/people\/article\/vogue-chloe-malle-la-fille-d-un-realisateur-francais-dans-la-short-list-pour-succeder-a-ana-wintour_253569.html\" target=\"_blank\" rel=\"noopener\">Chloe Malle<\/a>, fille du cin\u00e9aste fran\u00e7ais Louis Malle et de l\u2019actrice am\u00e9ricaine Candice Bergen.<\/p>\n<p class=\"asset asset-text\">\u00c0 39\u00a0ans, celle qui jusqu\u2019ici s\u2019occupait d\u00e9j\u00e0 de la r\u00e9daction en chef du site de Vogue et coanimait le podcast du magazine se voit remettre le titre de responsable du contenu \u00e9ditorial. Arriv\u00e9e dans l\u2019entreprise en 2011\u00a0pour g\u00e9rer ses r\u00e9seaux sociaux, la journaliste doit prendre ses fonctions de mani\u00e8re imminente, d\u2019apr\u00e8s le <a href=\"https:\/\/www.nytimes.com\/2025\/09\/02\/business\/media\/vogue-chloe-malle-new-editor.html?smid=nytcore-ios-share&amp;referringSource=articleShare\" target=\"_blank\" rel=\"noopener\" title=\"Nouvelle fen\u00eatre\">New York Times<\/a>.<\/p>\n<p class=\"asset asset-text\">Loin d\u2019une carri\u00e8re dans le cin\u00e9ma comme ses parents, Chloe Malle a suivi des \u00e9tudes de litt\u00e9rature \u00e0 la prestigieuse Brown University mais aussi \u00e0 la Sorbonne, puis a \u00e9crit pour le New York Times, le Wall Street Journal ou le New York Observer, avant d\u2019int\u00e9grer les rangs du plus prestigieux des magazines de mode sous la gouvernance d\u2019Anna Wintour.<\/p>\n<p>    \u00ab\u00a0Personne ne remplacera Anna\u00a0\u00bb    <\/p>\n<p class=\"asset asset-text\">La papesse de la mode ne d\u00e9pose pas tout \u00e0 fait sa tiare pontificale. Elle reste, d\u2019une part, directrice \u00e9ditoriale des \u00e9ditions internationales de\u00a0Vogue, faisant d\u2019elle la premi\u00e8re interlocutrice de sa successeure. De l\u2019autre, elle est toujours directrice de la r\u00e9daction du groupe Cond\u00e9 Nast, maison m\u00e8re d\u2019une flop\u00e9e d\u2019autres titres, comme\u00a0GQ, Vanity Fair, AD\u00a0et\u00a0Glamour.<\/p>\n<p>                          <img decoding=\"async\" loading=\"lazy\" src=\"https:\/\/www.europesays.com\/fr\/wp-content\/uploads\/2025\/09\/3381088_upload-1-et7upoboohay-000-49mm3jj.jpg\"  width=\"728\" height=\"409\" alt=\"Anna Wintour, ici au mois de juin 2025, \u00e0 New York.\"\/>  <\/p>\n<p>KENA BETANCUR \/ AFP<\/p>\n<p>Anna Wintour, ici au mois de juin 2025, \u00e0 New York.<\/p>\n<p class=\"asset asset-text\">Selon l\u2019entreprise, cette d\u00e9cision devrait permettre \u00e0 la new-yorkaise de 75\u00a0ans de se consacrer davantage \u00e0 son r\u00f4le international au sein de ce g\u00e9ant des m\u00e9dias. \u00c0 l\u2019annonce de son \u00ab\u00a0d\u00e9part\u00a0\u00bb, elle a \u00e0 juste titre d\u00e9clar\u00e9 \u00e0 ses employ\u00e9s ne pas avoir l\u2019intention de changer de bureau, ni de d\u00e9placer \u00ab\u00a0une seule de ses poteries Clarice Cliff\u00a0\u00bb.<\/p>\n<p class=\"asset asset-text\">\u00ab\u00a0La v\u00e9rit\u00e9, c\u2019est que personne ne remplacera Anna\u00a0\u00bb, admet \u00e0 son tour Chloe Malle, dans les colonnes du New York Times. Avant d\u2019ajouter\u00a0: \u00ab\u00a0Je sais que certaines personnes int\u00e9ress\u00e9es par ce poste \u00e9taient quelque peu intimid\u00e9es \u00e0 l\u2019id\u00e9e qu\u2019Anna se trouve au bout du couloir.\u00a0\u00bb Ce n\u2019est pas son cas. Mieux, elle s\u2019en r\u00e9jouit.<\/p>\n<p>    Anna Wintour aux pages tennis    <\/p>\n<p class=\"asset asset-text\">Figure m\u00e9diatique et reconnue, Anna Wintour s\u2019est impos\u00e9e dans l\u2019industrie de la mode qu\u2019elle a secou\u00e9e d\u00e8s sa premi\u00e8re couverture pour\u00a0Vogue, en 1988, m\u00eame si le manque d\u2019\u00e9gard vis-\u00e0-vis des journalistes et artistes noirs dans les pages du magazine l\u2019a plac\u00e9 sur la sellette au moment du Black Lives Matter.<\/p>\n<p class=\"asset asset-text\">Salu\u00e9e pour les liens qu\u2019elle a nou\u00e9s entre son secteur et les c\u00e9l\u00e9brit\u00e9s, Anna Wintour va continuer d\u2019accorder \u00ab\u00a0une grande attention\u00a0\u00bb \u00e0 son Met gala, le plus mondain des d\u00eeners caritatifs, et a aussi pr\u00e9cis\u00e9 vouloir garder un \u0153il sur le futur de Vogue World, gigantesque d\u00e9fil\u00e9 de mode annuel, dont\u00a0<a href=\"https:\/\/www.huffingtonpost.fr\/culture\/video\/au-vogue-world-aya-nakamura-a-brille-contrairement-a-la-mise-en-scene-speciale-jo_235910.html\" target=\"_blank\" rel=\"noopener\">la derni\u00e8re \u00e9dition<\/a>\u00a0s\u2019est tenue \u00e0 Paris pendant les JO.<\/p>\n<p class=\"asset asset-text\">Quid des d\u00e9fil\u00e9s\u00a0? Sera-t-elle toujours aussi pr\u00e9sente au premier rang de chaque Fashion Week\u00a0? Myst\u00e8re. En revanche, une chose est s\u00fbre. \u00ab\u00a0Il va sans dire, a-t-elle conclu devant ses employ\u00e9s en juin dernier, que j\u2019ai l\u2019intention de rester r\u00e9dactrice en chef des pages tennis et th\u00e9\u00e2tre chez\u00a0Vogue\u00a0\u00e0 perp\u00e9tuit\u00e9.\u00a0\u00bb<\/p>\n","protected":false},"excerpt":{"rendered":"Lexie Moreland \/ WWD via Getty Images Chloe Malle, ici au mois de mai 2023, \u00e0 New York.&hellip;\n","protected":false},"author":2,"featured_media":361149,"comment_status":"","ping_status":"","sticky":false,"template":"","format":"standard","meta":{"footnotes":""},"categories":[1359],"tags":[34602,251,58,59,1011,27,500,985,973,22546],"class_list":{"0":"post-361148","1":"post","2":"type-post","3":"status-publish","4":"format-standard","5":"has-post-thumbnail","7":"category-people","8":"tag-anna-wintour","9":"tag-culture","10":"tag-divertissement","11":"tag-entertainment","12":"tag-fr","13":"tag-france","14":"tag-medias","15":"tag-mode","16":"tag-people","17":"tag-vogue"},"share_on_mastodon":{"url":"https:\/\/pubeurope.com\/@fr\/115135630925376656","error":""},"_links":{"self":[{"href":"https:\/\/www.europesays.com\/fr\/wp-json\/wp\/v2\/posts\/361148","targetHints":{"allow":["GET"]}}],"collection":[{"href":"https:\/\/www.europesays.com\/fr\/wp-json\/wp\/v2\/posts"}],"about":[{"href":"https:\/\/www.europesays.com\/fr\/wp-json\/wp\/v2\/types\/post"}],"author":[{"embeddable":true,"href":"https:\/\/www.europesays.com\/fr\/wp-json\/wp\/v2\/users\/2"}],"replies":[{"embeddable":true,"href":"https:\/\/www.europesays.com\/fr\/wp-json\/wp\/v2\/comments?post=361148"}],"version-history":[{"count":0,"href":"https:\/\/www.europesays.com\/fr\/wp-json\/wp\/v2\/posts\/361148\/revisions"}],"wp:featuredmedia":[{"embeddable":true,"href":"https:\/\/www.europesays.com\/fr\/wp-json\/wp\/v2\/media\/361149"}],"wp:attachment":[{"href":"https:\/\/www.europesays.com\/fr\/wp-json\/wp\/v2\/media?parent=361148"}],"wp:term":[{"taxonomy":"category","embeddable":true,"href":"https:\/\/www.europesays.com\/fr\/wp-json\/wp\/v2\/categories?post=361148"},{"taxonomy":"post_tag","embeddable":true,"href":"https:\/\/www.europesays.com\/fr\/wp-json\/wp\/v2\/tags?post=361148"}],"curies":[{"name":"wp","href":"https:\/\/api.w.org\/{rel}","templated":true}]}}