{"id":361152,"date":"2025-09-02T16:25:17","date_gmt":"2025-09-02T16:25:17","guid":{"rendered":"https:\/\/www.europesays.com\/fr\/361152\/"},"modified":"2025-09-02T16:25:17","modified_gmt":"2025-09-02T16:25:17","slug":"villes-sur-auzon-rencontre-avec-brigitte-joseph-janneney-a-la-bibliotheque-populaire","status":"publish","type":"post","link":"https:\/\/www.europesays.com\/fr\/361152\/","title":{"rendered":"Villes-sur-Auzon. Rencontre avec Brigitte Joseph-Janneney \u00e0 la biblioth\u00e8que populaire"},"content":{"rendered":"<p>Le samedi 6\u00a0septembre, l\u2019association de la Biblioth\u00e8que Populaire Ren\u00e9 Seyssaud invite le public \u00e0 venir \u00e0 la rencontre de Brigitte Joseph-Janneney.<\/p>\n<p>De 10\u00a0h \u00e0 12\u00a0h et de 14\u00a0h \u00e0 16\u00a0h, les lecteurs pourront participer \u00e0 des s\u00e9ances de d\u00e9dicaces et dialoguer avec cette agr\u00e9g\u00e9e d\u2019histoire, ancienne administratrice du mus\u00e9e du Louvre, l\u2019auteure d\u2019essai, de romans et de nouvelles.<\/p>\n<p>\u00c0 l\u2019occasion de cette animation, Florence Blanchard lira des extraits de Lettre de P\u00e9n\u00e9lope \u00e0 Hom\u00e8re , le voyage d\u2019Ulysse vu du point de vue de P\u00e9n\u00e9lope.<\/p>\n<p class=\"note\">Entr\u00e9e libre.<\/p>\n","protected":false},"excerpt":{"rendered":"Le samedi 6\u00a0septembre, l\u2019association de la Biblioth\u00e8que Populaire Ren\u00e9 Seyssaud invite le public \u00e0 venir \u00e0 la rencontre&hellip;\n","protected":false},"author":2,"featured_media":361153,"comment_status":"","ping_status":"","sticky":false,"template":"","format":"standard","meta":{"footnotes":""},"categories":[1357],"tags":[1379,1687,58,3859,59,1011,27,1380,2410,7098,49663],"class_list":{"0":"post-361152","1":"post","2":"type-post","3":"status-publish","4":"format-standard","5":"has-post-thumbnail","7":"category-livres","8":"tag-books","9":"tag-culture-loisirs","10":"tag-divertissement","11":"tag-edition-provencale","12":"tag-entertainment","13":"tag-fr","14":"tag-france","15":"tag-livres","16":"tag-livres-bd","17":"tag-pays-du-comtat","18":"tag-villes-sur-auzon"},"share_on_mastodon":{"url":"https:\/\/pubeurope.com\/@fr\/115135639150474889","error":""},"_links":{"self":[{"href":"https:\/\/www.europesays.com\/fr\/wp-json\/wp\/v2\/posts\/361152","targetHints":{"allow":["GET"]}}],"collection":[{"href":"https:\/\/www.europesays.com\/fr\/wp-json\/wp\/v2\/posts"}],"about":[{"href":"https:\/\/www.europesays.com\/fr\/wp-json\/wp\/v2\/types\/post"}],"author":[{"embeddable":true,"href":"https:\/\/www.europesays.com\/fr\/wp-json\/wp\/v2\/users\/2"}],"replies":[{"embeddable":true,"href":"https:\/\/www.europesays.com\/fr\/wp-json\/wp\/v2\/comments?post=361152"}],"version-history":[{"count":0,"href":"https:\/\/www.europesays.com\/fr\/wp-json\/wp\/v2\/posts\/361152\/revisions"}],"wp:featuredmedia":[{"embeddable":true,"href":"https:\/\/www.europesays.com\/fr\/wp-json\/wp\/v2\/media\/361153"}],"wp:attachment":[{"href":"https:\/\/www.europesays.com\/fr\/wp-json\/wp\/v2\/media?parent=361152"}],"wp:term":[{"taxonomy":"category","embeddable":true,"href":"https:\/\/www.europesays.com\/fr\/wp-json\/wp\/v2\/categories?post=361152"},{"taxonomy":"post_tag","embeddable":true,"href":"https:\/\/www.europesays.com\/fr\/wp-json\/wp\/v2\/tags?post=361152"}],"curies":[{"name":"wp","href":"https:\/\/api.w.org\/{rel}","templated":true}]}}