{"id":361154,"date":"2025-09-02T16:26:10","date_gmt":"2025-09-02T16:26:10","guid":{"rendered":"https:\/\/www.europesays.com\/fr\/361154\/"},"modified":"2025-09-02T16:26:10","modified_gmt":"2025-09-02T16:26:10","slug":"cnews-double-bfmtv-pour-la-premiere-fois-de-son-histoire-lci-et-france-info-les-suivent","status":"publish","type":"post","link":"https:\/\/www.europesays.com\/fr\/361154\/","title":{"rendered":"CNews double BFMTV pour la premi\u00e8re fois de son histoire, LCI et France Info les suivent"},"content":{"rendered":"<p>L\u2019\u00e9t\u00e9\u00a02025 aura \u00e9t\u00e9 celui de tous les succ\u00e8s pour <a href=\"https:\/\/www.20minutes.fr\/medias\/cnews\/\" class=\"c-link c-link--is-underlined\" rel=\"nofollow noopener\" target=\"_blank\">CNews<\/a>\u00a0: la tendance constat\u00e9e en juillet s\u2019est confirm\u00e9e en ao\u00fbt et pour la premi\u00e8re fois de son histoire, la cha\u00eene de <a href=\"https:\/\/www.20minutes.fr\/dossier\/vincent_bollore\" class=\"c-link c-link--is-underlined\" rel=\"nofollow noopener\" target=\"_blank\">Vincent Bollor\u00e9<\/a> est devenue leader des audiences devant BFMTV, <a href=\"https:\/\/www.ozap.com\/actu\/audiences-aout-2025-pour-la-premiere-fois-de-son-histoire-cnews-double-bfmtv-tout-lete-lci-dynamisee-franceinfo-loin-du-compte\/651397\" rel=\"nofollow noopener\" target=\"_blank\" class=\"c-link c-link--is-underlined\">rapporte PureM\u00e9dias<\/a>.<\/p>\n<\/p>\n<p>L\u2019antenne du groupe <a href=\"https:\/\/www.20minutes.fr\/arts-stars\/medias\/canal_plus\/\" class=\"c-link c-link--is-underlined\" rel=\"nofollow noopener\" target=\"_blank\">Canal+<\/a>\u00a0\u00e9tait en effet en hausse de 0,9 point d\u2019audience compar\u00e9 \u00e0 ao\u00fbt\u00a02024, le mois des <a href=\"https:\/\/www.20minutes.fr\/sport\/jo_2024\/\" class=\"c-link c-link--is-underlined\" rel=\"nofollow noopener\" target=\"_blank\">Jeux olympiques de Paris<\/a>. Avec 3,2\u00a0% des audiences, elle devan\u00e7ait donc celle du groupe <a href=\"https:\/\/www.20minutes.fr\/economie\/cma-cgm\/\" class=\"c-link c-link--is-underlined\" rel=\"nofollow noopener\" target=\"_blank\">CMA CGM<\/a>, BFMTV, de 0,4 point (2,8\u00a0%). LCI, troisi\u00e8me, enregistrait 2,3\u00a0% des audiences devant <a href=\"https:\/\/www.20minutes.fr\/dossier\/france_info\" class=\"c-link c-link--is-underlined\" rel=\"nofollow noopener\" target=\"_blank\">France Info<\/a>, distanc\u00e9e avec son unique point.<\/p>\n<p>Vent en poupe<\/p>\n<p>CNews domine le classement depuis huit jours et a compt\u00e9 jusqu\u2019\u00e0 2 points d\u2019avance \u2013 un \u00e9cart historique \u2013 sur <a href=\"https:\/\/www.20minutes.fr\/dossier\/bfm_tv\" class=\"c-link c-link--is-underlined\" rel=\"nofollow noopener\" target=\"_blank\">BFMTV<\/a> mardi 26\u00a0ao\u00fbt 2025. Depuis le 25\u00a0ao\u00fbt, date de la rentr\u00e9e de ses \u00ab\u00a0stars\u00a0\u00bb <a href=\"https:\/\/www.20minutes.fr\/arts-stars\/medias\/pascal-praud\/\" class=\"c-link c-link--is-underlined\" rel=\"nofollow noopener\" target=\"_blank\">Pascal Praud<\/a>, <a href=\"https:\/\/www.20minutes.fr\/arts-stars\/culture\/4158015-20250611-sonia-mabrouk-visage-cnews-europe-1-devient-directrice-collection-chez-fayard\" class=\"c-link c-link--is-underlined\" rel=\"nofollow noopener\" target=\"_blank\">Sonia Mabrouk<\/a> et <a href=\"https:\/\/www.20minutes.fr\/medias\/laurence_ferrari\/\" class=\"c-link c-link--is-underlined\" rel=\"nofollow noopener\" target=\"_blank\">Laurence Ferrari<\/a>, elle affiche m\u00eame une audience moyenne de 3,7\u00a0% (contre 2,6\u00a0% pour BFMTV, 2,1\u00a0% pour LCI et, donc, 1,0\u00a0% pour France Info).<\/p>\n<p><a href=\"https:\/\/www.20minutes.fr\/arts-stars\/television\/audiences_tv\/\" class=\"c-link c-btn c-btn--primary\" rel=\"nofollow noopener\" target=\"_blank\">Notre dossier \u00ab Audiences TV \u00bb<\/a><\/p>\n<p>Pour BFMTV, il s\u2019agit d\u00e9sormais d\u2019inverser la tendance et de remonter sur la plus haute marche du podium. D\u2019autant que <a href=\"https:\/\/www.20minutes.fr\/dossier\/lci\" class=\"c-link c-link--is-underlined\" rel=\"nofollow noopener\" target=\"_blank\">LCI<\/a>, qui remonte en puissance, pourrait rapidement bouleverser la donne\u00a0: la cha\u00eene d\u2019info du groupe <a href=\"https:\/\/www.20minutes.fr\/dossier\/tf1\" class=\"c-link c-link--is-underlined\" rel=\"nofollow noopener\" target=\"_blank\">TF1<\/a> a ainsi conquis la premi\u00e8re place, pour la premi\u00e8re fois de son histoire, le 18\u00a0ao\u00fbt 2025. De quoi lui donner des id\u00e9es de grandeur\u00a0?<\/p>\n","protected":false},"excerpt":{"rendered":"L\u2019\u00e9t\u00e9\u00a02025 aura \u00e9t\u00e9 celui de tous les succ\u00e8s pour CNews\u00a0: la tendance constat\u00e9e en juillet s\u2019est confirm\u00e9e en&hellip;\n","protected":false},"author":2,"featured_media":361155,"comment_status":"","ping_status":"","sticky":false,"template":"","format":"standard","meta":{"footnotes":""},"categories":[1356],"tags":[6186,2369,10831,15289,9722,58,59,1011,27,10318,10034,9109,10160,252,199,1364,133,1022],"class_list":{"0":"post-361154","1":"post","2":"type-post","3":"status-publish","4":"format-standard","5":"has-post-thumbnail","7":"category-television","8":"tag-audience","9":"tag-audience-tv","10":"tag-bfmtv","11":"tag-cma-cgm","12":"tag-cnews","13":"tag-divertissement","14":"tag-entertainment","15":"tag-fr","16":"tag-france","17":"tag-france-info","18":"tag-laurence-ferrari","19":"tag-lci","20":"tag-pascal-praud","21":"tag-television","22":"tag-tf1","23":"tag-tv","24":"tag-video","25":"tag-vincent-bollore"},"share_on_mastodon":{"url":"https:\/\/pubeurope.com\/@fr\/115135642487336250","error":""},"_links":{"self":[{"href":"https:\/\/www.europesays.com\/fr\/wp-json\/wp\/v2\/posts\/361154","targetHints":{"allow":["GET"]}}],"collection":[{"href":"https:\/\/www.europesays.com\/fr\/wp-json\/wp\/v2\/posts"}],"about":[{"href":"https:\/\/www.europesays.com\/fr\/wp-json\/wp\/v2\/types\/post"}],"author":[{"embeddable":true,"href":"https:\/\/www.europesays.com\/fr\/wp-json\/wp\/v2\/users\/2"}],"replies":[{"embeddable":true,"href":"https:\/\/www.europesays.com\/fr\/wp-json\/wp\/v2\/comments?post=361154"}],"version-history":[{"count":0,"href":"https:\/\/www.europesays.com\/fr\/wp-json\/wp\/v2\/posts\/361154\/revisions"}],"wp:featuredmedia":[{"embeddable":true,"href":"https:\/\/www.europesays.com\/fr\/wp-json\/wp\/v2\/media\/361155"}],"wp:attachment":[{"href":"https:\/\/www.europesays.com\/fr\/wp-json\/wp\/v2\/media?parent=361154"}],"wp:term":[{"taxonomy":"category","embeddable":true,"href":"https:\/\/www.europesays.com\/fr\/wp-json\/wp\/v2\/categories?post=361154"},{"taxonomy":"post_tag","embeddable":true,"href":"https:\/\/www.europesays.com\/fr\/wp-json\/wp\/v2\/tags?post=361154"}],"curies":[{"name":"wp","href":"https:\/\/api.w.org\/{rel}","templated":true}]}}