{"id":361156,"date":"2025-09-02T16:27:10","date_gmt":"2025-09-02T16:27:10","guid":{"rendered":"https:\/\/www.europesays.com\/fr\/361156\/"},"modified":"2025-09-02T16:27:10","modified_gmt":"2025-09-02T16:27:10","slug":"tout-savoir-sur-le-prochain-film-dorelsan","status":"publish","type":"post","link":"https:\/\/www.europesays.com\/fr\/361156\/","title":{"rendered":"tout savoir sur le prochain film d&rsquo;OrelSan"},"content":{"rendered":"<p class=\"p1\">Pr\u00e8s de 10\u00a0ans apr\u00e8s la sortie de son premier film, <a href=\"https:\/\/www.youtube.com\/watch?v=PwhGMylHLjw\" target=\"_blank\" rel=\"nofollow noopener\">Comment C\u2019est Loin<\/a>, OrelSan revient au cin\u00e9ma avec Yoro\u00ef. Cette fois, le rappeur fran\u00e7ais de 43\u00a0ans met de c\u00f4t\u00e9 <strong>les faits r\u00e9els<\/strong> pour se concentrer sur <strong>une fiction<\/strong> dans l\u2019univers qu\u2019il appr\u00e9cie tant\u00a0: le Japon et ses l\u00e9gendes. Attendu pour <strong>le 29\u00a0octobre<\/strong> dans les salles fran\u00e7aises, voici tout ce que vous devez savoir sur ce film qui s\u2019annonce assez d\u00e9cal\u00e9.<\/p>\n<ul class=\"tldr\">\n<li><strong>CR\u00c9ATION DU DOSSIER<\/strong> : 2 SEPTEMBRE 2025<\/li>\n<\/ul>\n<p>Yoro\u00ef, \u00e7a parle de quoi\u00a0?<\/p>\n<p>    <a href=\"https:\/\/www.youtube.com\/user\/JournalduGeek?sub_confirmation=1\" target=\"_blank\" rel=\"nofollow noopener\"><br \/>\n        S&rsquo;abonner \u00e0 Journal du Geek<br \/>\n    <\/a><\/p>\n<p>Yoro\u00ef est une fiction qui nous permettra de suivre Aur\u00e9lien, un musicien fran\u00e7ais, qui d\u00e9cide de partir avec sa femme pour s\u2019installer au Japon, dans une maison traditionnelle. H\u00e9las, tout ne se passe pas comme pr\u00e9vu. Dans cette fameuse maison, Aur\u00e9lien d\u00e9couvre une myst\u00e9rieuse armure ancestrale. D\u00e8s lors, il devient la proie de ph\u00e9nom\u00e8nes surnaturels dont il va avoir beaucoup de mal \u00e0 se d\u00e9faire.<\/p>\n<p>\u00c0 ce jour, ce sont les seules choses que nous savons autour du synopsis de Yoro\u00ef.<\/p>\n<p>Yoro\u00ef : qui s\u2019occupe de la production\u00a0?<\/p>\n<p>Comme avec son premier film, Comment C\u2019est Loin, OrelSan s\u2019occupe du sc\u00e9nario, aux c\u00f4t\u00e9s de David Tomaszewski qui sera \u00e9galement le r\u00e9alisateur du film. Le film dispose d\u2019un budget de 14 millions d\u2019euros et sera produit par Sony Pictures Entertainment France, Cin\u00e9france Studios et France 2 Cin\u00e9ma.<\/p>\n<p>Quels acteurs et actrices sont confirm\u00e9s dans le film\u00a0?<\/p>\n<p>Pour le moment, seul OrelSan est confirm\u00e9 dans son propre r\u00f4le, celui d\u2019Aur\u00e9lien le musicien qui part vivre au Japon. Il faudra attendre d\u2019autres informations et la nouvelle bande-annonce pour avoir plus d\u2019informations sur le casting.<\/p>\n<p>Quand sortira Yoro\u00ef et est-ce qu\u2019il y aura des avant-premi\u00e8res\u00a0?<\/p>\n<blockquote class=\"instagram-media\" style=\"background: #FFF; border: 0; border-radius: 3px; box-shadow: 0 0 1px 0 rgba(0,0,0,0.5),0 1px 10px 0 rgba(0,0,0,0.15); margin: 1px; max-width: 540px; min-width: 326px; padding: 0; width: calc(100% - 2px);\" data-instgrm-captioned=\"\" data-instgrm-permalink=\"https:\/\/www.instagram.com\/p\/DOF6WUwiPWo\/?utm_source=ig_embed&amp;utm_campaign=loading\" data-instgrm-version=\"14\">\n<\/blockquote>\n<p>Yoro\u00ef sortira le 29 octobre 2025 dans les salles obscures en France. Il y a quelques heures, OrelSan a confirm\u00e9 que plusieurs avant-premi\u00e8res seront faites tout au long du mois d\u2019octobre en France. Les r\u00e9servations devraient commencer demain, le mercredi 3 septembre \u00e0 10h du matin.<\/p>\n<p><strong>Liste des avant-premi\u00e8res\u00a0:\u00a0<\/strong><\/p>\n<ul>\n<li>Jeudi 2 octobre, 19h15\u00a0: Caen<\/li>\n<li>Samedi 4 octobre, 20h\u00a0: Bordeaux<\/li>\n<li>Mardi 7 octobre, 19h45\u00a0: Lyon<\/li>\n<li>Jeudi 9 octobre, 19h45\u00a0: Lomme<\/li>\n<li>Samedi 11 octobre, 19h\u00a0: Nice<\/li>\n<li>Mardi 14 octobre, 20h30\u00a0: Vern<\/li>\n<\/ul>\n<p>Un nouvel album pour la B.O. du film\u00a0?<\/p>\n<p>Selon de nombreuses rumeurs et bruits de couloirs, OrelSan s\u2019occuperait de la bande originale de son propre film Yoro\u00ef. Un nouvel album accompagnerait la sortie du film fin octobre. Pour le moment, cette information ne fut pas encore officialis\u00e9e par le chanteur fran\u00e7ais.<\/p>\n<p>En 2015, pour la sortie du film Comment C\u2019est Loin, c\u2019est bel et bien OrelSan et Gringe, les Casseurs Flowteurs qui avaient produits l\u2019int\u00e9gralit\u00e9 de la bande originale du film.<\/p>\n<blockquote>\n<p class=\"text-base text-neutral-700 dark:text-neutral-300\">\ud83d\udfe3 Pour ne manquer aucune news sur le Journal du Geek, abonnez-vous sur <a href=\"https:\/\/news.google.com\/publications\/CAAqBwgKMNr_hAswwYyCAw?hl=fr&amp;gl=FR&amp;ceid=FR%3Afr\" target=\"_blank\" rel=\"nofollow noopener\">Google Actualit\u00e9s<\/a> et sur <a href=\"https:\/\/whatsapp.com\/channel\/0029VaClM5y4tRry12tb7D2h\" target=\"_blank\" rel=\"nofollow noopener\">notre WhatsApp<\/a>. Et si vous nous adorez, on a <a href=\"https:\/\/www.journaldugeek.com\/newsletter\/\" target=\"_blank\" rel=\"nofollow noopener\">une newsletter tous les matins<\/a>.<\/p>\n<\/blockquote>\n<p>                  <script async src=\"\/\/www.instagram.com\/embed.js\"><\/script><\/p>\n","protected":false},"excerpt":{"rendered":"Pr\u00e8s de 10\u00a0ans apr\u00e8s la sortie de son premier film, Comment C\u2019est Loin, OrelSan revient au cin\u00e9ma avec&hellip;\n","protected":false},"author":2,"featured_media":361157,"comment_status":"","ping_status":"","sticky":false,"template":"","format":"standard","meta":{"footnotes":""},"categories":[1355],"tags":[58,59,1011,27,1361,873,21953,49664],"class_list":{"0":"post-361156","1":"post","2":"type-post","3":"status-publish","4":"format-standard","5":"has-post-thumbnail","7":"category-musique","8":"tag-divertissement","9":"tag-entertainment","10":"tag-fr","11":"tag-france","12":"tag-music","13":"tag-musique","14":"tag-orelsan","15":"tag-yoroi"},"share_on_mastodon":{"url":"","error":""},"_links":{"self":[{"href":"https:\/\/www.europesays.com\/fr\/wp-json\/wp\/v2\/posts\/361156","targetHints":{"allow":["GET"]}}],"collection":[{"href":"https:\/\/www.europesays.com\/fr\/wp-json\/wp\/v2\/posts"}],"about":[{"href":"https:\/\/www.europesays.com\/fr\/wp-json\/wp\/v2\/types\/post"}],"author":[{"embeddable":true,"href":"https:\/\/www.europesays.com\/fr\/wp-json\/wp\/v2\/users\/2"}],"replies":[{"embeddable":true,"href":"https:\/\/www.europesays.com\/fr\/wp-json\/wp\/v2\/comments?post=361156"}],"version-history":[{"count":0,"href":"https:\/\/www.europesays.com\/fr\/wp-json\/wp\/v2\/posts\/361156\/revisions"}],"wp:featuredmedia":[{"embeddable":true,"href":"https:\/\/www.europesays.com\/fr\/wp-json\/wp\/v2\/media\/361157"}],"wp:attachment":[{"href":"https:\/\/www.europesays.com\/fr\/wp-json\/wp\/v2\/media?parent=361156"}],"wp:term":[{"taxonomy":"category","embeddable":true,"href":"https:\/\/www.europesays.com\/fr\/wp-json\/wp\/v2\/categories?post=361156"},{"taxonomy":"post_tag","embeddable":true,"href":"https:\/\/www.europesays.com\/fr\/wp-json\/wp\/v2\/tags?post=361156"}],"curies":[{"name":"wp","href":"https:\/\/api.w.org\/{rel}","templated":true}]}}