{"id":361158,"date":"2025-09-02T16:28:10","date_gmt":"2025-09-02T16:28:10","guid":{"rendered":"https:\/\/www.europesays.com\/fr\/361158\/"},"modified":"2025-09-02T16:28:10","modified_gmt":"2025-09-02T16:28:10","slug":"ciudad-sin-sueno-de-guillermo-galoe-un-conte-social-a-couper-le-souffle-telerama","status":"publish","type":"post","link":"https:\/\/www.europesays.com\/fr\/361158\/","title":{"rendered":"\u201cCiudad sin sue\u00f1o\u201d, de Guillermo Galoe : un conte social \u00e0 couper le souffle &#8211; T\u00e9l\u00e9rama"},"content":{"rendered":"<ol>\n<li><a href=\"https:\/\/news.google.com\/rss\/articles\/CBMiugFBVV95cUxNQmtQTlkwTVlOeWM4LXhNR1d1WkhESVl0UmE4SkhIdmRZMjVmU3VHSTJGVm9wMzJ6cGI2ZkFDVVFJdkNRVWExdmVmelNFb1hQcXRvU3d6UzFZT2ZaZHFXcnNPdF94MlFoVUk4U0tBS0ZWNTRlQ0xFWEkyamdpSjB1TUpld3RWQkNIMk5fajItSUlvNFlzUEVNZUN2SjVBYWVuaFBjUVdxdTJhdEZfZjFaTlY4UmRGODB3MFE?oc=5\" target=\"_blank\" rel=\"nofollow noopener\">\u201cCiudad sin sue\u00f1o\u201d, de Guillermo Galoe : un conte social \u00e0 couper le souffle<\/a>&nbsp;&nbsp;T\u00e9l\u00e9rama<\/li>\n<li><a href=\"https:\/\/news.google.com\/rss\/articles\/CBMioAFBVV95cUxPRjFZMnhVSGZfZmtkeFdLOWtYZGJVdmdUTHNuNWlHMFA1VE5yX18ybWtvbWEwenpxbjhPMVBrVW51Z3g4aThSVTFyRlRDRWM1Qzd2R1BjM3Z4MnZlcHFESkNVTWw1R1NwUXRuYzhneVNTMlZKVDZ3OTg3WmFBS0hJWlMzRUs2bE5ndGxCbjFjV0NUdm0xQnFDOVV4TjdNaDVP?oc=5\" target=\"_blank\" rel=\"nofollow noopener\">\u00ab Ciudad sin sueno \u00bb de Guillermo Galoe : la fin de l\u2019innocence<\/a>&nbsp;&nbsp;La Croix<\/li>\n<li><a href=\"https:\/\/news.google.com\/rss\/articles\/CBMizgFBVV95cUxPNzdjRVRnWVptNURuQjduczhpMnhZVDBsYkl5T3dGRnNHN3h1ZnUtYXNNZzU2SUdIZ3p3Qlc5Nnh0NXdZWkVMUTdBSG1hcHBIYW5KZWgyV3E3aGE2SVhPWDFvY1ppRUEzNTRvQUxzaDNRNi1xdWVMemNOUGpweGoyU252VGVQQlUxUFNzOG5MZld6WHRyVWhqUUtUQjd1Q0RsNnRSeElRaUhJRnNFT3FkQ0tEeDJNbW8tdHVkbXB4RHlGSU5NU2YtMTcxSWJWZw?oc=5\" target=\"_blank\" rel=\"nofollow noopener\">\u00ab Ciudad sin sueno \u00bb : plong\u00e9e dans la Canada Reale, plus grand bidonville d&rsquo;Europe<\/a>&nbsp;&nbsp;L&rsquo;Humanit\u00e9<\/li>\n<li><a href=\"https:\/\/news.google.com\/rss\/articles\/CBMifkFVX3lxTE9ZZ1E5NFJVemtndlZJWGxnd3U4TVFld0g1Tk5QQkxQRjBteTNEa2swOW1xT0FRSTdkQXlPaWxQUlZlTzM3Vnd1QlhmQkEtZzlxTXlYY041WXVKWURfNzd5bnUwYzZ2aVJIZnhhbjlpdGZ0MVJRZjg1bVc4OUZKdw?oc=5\" target=\"_blank\" rel=\"nofollow noopener\">Ciudad sin sue\u00f1o : le regard d\u2019un enfant sur un monde qui s\u2019efface<\/a>&nbsp;&nbsp;AlloCin\u00e9<\/li>\n<li><a href=\"https:\/\/news.google.com\/rss\/articles\/CBMi2gFBVV95cUxQMjBUVTdqVFFvd0lKakxtRDZvUVNXQ1hOYWdjaUVEU2hTd0ROWnc2RjZRLVltUDBlTUtzb0h0YnIyVExUd042aXB1dFlZWUVhaTJRblRJRFJFd1NXWVdvdzc2MHlGbS1PcEc2a2RSODRUR2ktQjFmSjI5TXk3VTNBelhvcmgxZGF6VExQSGI5bjdQd3BvVG1sMWQyalNkWWllc3NVZk90M1R0RHgxeS1ieTFnM2lqcUJkc2JkeXJVdDA1eUJELUJEc1BXZ1RSYk5Rb3JMOTRKbjc5Zw?oc=5\" target=\"_blank\" rel=\"nofollow noopener\">\u201cCiudad sin sue\u00f1o\u201d, Guillermo Galoe plonge dans un bidonville o\u00f9 l\u2019enfance s\u2019arrache trop vite<\/a>&nbsp;&nbsp;Les Inrocks<\/li>\n<\/ol>\n","protected":false},"excerpt":{"rendered":"\u201cCiudad sin sue\u00f1o\u201d, de Guillermo Galoe : un conte social \u00e0 couper le souffle&nbsp;&nbsp;T\u00e9l\u00e9rama \u00ab Ciudad sin sueno&hellip;\n","protected":false},"author":2,"featured_media":361159,"comment_status":"","ping_status":"","sticky":false,"template":"","format":"standard","meta":{"footnotes":""},"categories":[1354],"tags":[58,59,1346,1011,27,1360],"class_list":{"0":"post-361158","1":"post","2":"type-post","3":"status-publish","4":"format-standard","5":"has-post-thumbnail","7":"category-films","8":"tag-divertissement","9":"tag-entertainment","10":"tag-films","11":"tag-fr","12":"tag-france","13":"tag-movies"},"share_on_mastodon":{"url":"https:\/\/pubeurope.com\/@fr\/115135650669024952","error":""},"_links":{"self":[{"href":"https:\/\/www.europesays.com\/fr\/wp-json\/wp\/v2\/posts\/361158","targetHints":{"allow":["GET"]}}],"collection":[{"href":"https:\/\/www.europesays.com\/fr\/wp-json\/wp\/v2\/posts"}],"about":[{"href":"https:\/\/www.europesays.com\/fr\/wp-json\/wp\/v2\/types\/post"}],"author":[{"embeddable":true,"href":"https:\/\/www.europesays.com\/fr\/wp-json\/wp\/v2\/users\/2"}],"replies":[{"embeddable":true,"href":"https:\/\/www.europesays.com\/fr\/wp-json\/wp\/v2\/comments?post=361158"}],"version-history":[{"count":0,"href":"https:\/\/www.europesays.com\/fr\/wp-json\/wp\/v2\/posts\/361158\/revisions"}],"wp:featuredmedia":[{"embeddable":true,"href":"https:\/\/www.europesays.com\/fr\/wp-json\/wp\/v2\/media\/361159"}],"wp:attachment":[{"href":"https:\/\/www.europesays.com\/fr\/wp-json\/wp\/v2\/media?parent=361158"}],"wp:term":[{"taxonomy":"category","embeddable":true,"href":"https:\/\/www.europesays.com\/fr\/wp-json\/wp\/v2\/categories?post=361158"},{"taxonomy":"post_tag","embeddable":true,"href":"https:\/\/www.europesays.com\/fr\/wp-json\/wp\/v2\/tags?post=361158"}],"curies":[{"name":"wp","href":"https:\/\/api.w.org\/{rel}","templated":true}]}}