{"id":361164,"date":"2025-09-02T16:31:12","date_gmt":"2025-09-02T16:31:12","guid":{"rendered":"https:\/\/www.europesays.com\/fr\/361164\/"},"modified":"2025-09-02T16:31:12","modified_gmt":"2025-09-02T16:31:12","slug":"son-fils-alain-fabien-attaque-desormais-son-frere-et-sa-soeur-en-justice","status":"publish","type":"post","link":"https:\/\/www.europesays.com\/fr\/361164\/","title":{"rendered":"son fils Alain-Fabien attaque d\u00e9sormais son fr\u00e8re et sa s\u0153ur en justice"},"content":{"rendered":"<p>        <img decoding=\"async\" loading=\"lazy\" src=\"https:\/\/www.europesays.com\/fr\/wp-content\/uploads\/2025\/09\/e96f15e_upload-1-rrnqltvv6sjs-afp-20240824-36eq3nd-v2-highres-francecinemadelonobit.jpg\"  width=\"728\" height=\"409\" alt=\"Alain-Fabien Delon, ici au mois d\u2019ao\u00fbt 2024, \u00e0 Douchy.\"\/>  <\/p>\n<p>GUILLAUME SOUVANT \/ AFP<\/p>\n<p>Alain-Fabien Delon, ici au mois d\u2019ao\u00fbt 2024, \u00e0 Douchy.<\/p>\n<p class=\"asset asset-text\">JUSTICE &#8211; Un an apr\u00e8s la disparition d\u2019<a href=\"https:\/\/www.huffingtonpost.fr\/culture\/video\/mort-d-alain-delon-parler-de-lui-a-la-troisieme-personne-ce-tic-de-langage-devenu-la-signature-de-l-acteur_238489.html\" rel=\"nofollow noopener\" target=\"_blank\">Alain Delon<\/a>, son h\u00e9ritage de nouveau remis en question. Ce mardi 2\u00a0septembre, Le Monde a r\u00e9v\u00e9l\u00e9 que son plus jeune fils <a href=\"https:\/\/www.huffingtonpost.fr\/people\/article\/alain-fabien-delon-est-papa-et-a-donne-un-prenom-tres-symbolique-a-son-premier-enfant_249411.html\" rel=\"nofollow noopener\" target=\"_blank\">Alain-Fabien Delon<\/a> assigne d\u00e9sormais en justice son fr\u00e8re <a href=\"https:\/\/www.huffingtonpost.fr\/culture\/article\/anthony-delon-se-confie-deux-mois-apres-la-mort-de-son-pere-l-acteur-alain-delon_241113.html\" rel=\"nofollow noopener\" target=\"_blank\">Anthony<\/a> et sa s\u0153ur Anouchka devant le tribunal judiciaire de Paris.<\/p>\n<p class=\"asset asset-text\">Au c\u0153ur de cette nouvelle proc\u00e9dure\u00a0: le second testament de leur p\u00e8re. Paraph\u00e9 le 24\u00a0novembre\u00a02022, il d\u00e9signe Anouchka Delon comme l\u2019unique h\u00e9riti\u00e8re du droit moral d\u2019Alain Delon. Or, Alain-Fabien Delon affirme que l\u2019acteur ne disposait plus alors de \u00ab\u00a0discernement suffisant\u00a0\u00bb pour r\u00e9diger ou signer un tel document compte tenu de son AVC survenu en 2019.<\/p>\n<p class=\"asset asset-text\">Un constat dont il dit avoir pris conscience apr\u00e8s avoir r\u00e9cemment d\u00e9couvert une s\u00e9rie de documents, dont une copie de son dossier m\u00e9dical et des rapports psychiatriques, qui confortent les doutes qu\u2019il entretenait depuis la mesure de curatelle renforc\u00e9e, d\u00e9cid\u00e9e cinq mois avant le d\u00e9c\u00e8s de l\u2019acteur.<\/p>\n<p class=\"asset asset-text\">Anouchka Delon, semble-t-il \u00ab\u00a0particuli\u00e8rement au fait de cette situation\u00a0\u00bb, d\u2019apr\u00e8s l\u2019assignation que s\u2019est procur\u00e9e <a href=\"https:\/\/www.lemonde.fr\/culture\/article\/2025\/09\/02\/le-fils-d-alain-delon-alain-fabien-attaque-son-frere-et-sa-s-ur-en-justice-pour-faire-annuler-un-testament-de-l-acteur_6638407_3246.html\" target=\"_blank\" rel=\"noopener nofollow\" title=\"Nouvelle fen\u00eatre\">Le Monde<\/a>, est l\u2019unique b\u00e9n\u00e9ficiaire de ce second testament, mais pas la seule attaqu\u00e9e en justice. Anthony Delon et les trois ex\u00e9cuteurs testamentaires le sont aussi, comme la loi commande d\u2019agir.<\/p>\n<p>                     Alain-Fabien Delon en \u00ab\u00a0qu\u00eate de v\u00e9rit\u00e9\u00a0\u00bb    <\/p>\n<p class=\"asset asset-text\">\u00c0 cette demande d\u2019annulation du second testament s\u2019en ajoute une autre, celle concernant une donation en f\u00e9vrier\u00a02023\u00a0faite \u00e0 Anouchka Delon, et concernant des parts d\u2019Alain Delon International Distribution, la soci\u00e9t\u00e9 qui s\u2019occupe de la marque et des droits \u00e0 l\u2019image de leur p\u00e8re. Une information confirm\u00e9e par <a href=\"https:\/\/www.rtl.fr\/actu\/justice-faits-divers\/info-m6-rtl-heritage-d-alain-delon-alain-fabien-demande-l-annulation-du-testament-de-son-pere-7900536522\" target=\"_blank\" rel=\"noopener nofollow\" title=\"Nouvelle fen\u00eatre\">RTL<\/a>, ce m\u00eame mardi.<\/p>\n<p class=\"asset asset-text\">Estim\u00e9 entre 50\u00a0et 51\u00a0millions d\u2019euros, l\u2019h\u00e9ritage d\u2019Alain Delon a d\u00e9j\u00e0 fait l\u2019objet d\u2019un premier testament sign\u00e9 en 2015, l\u00e9guant \u00e0 sa mort 50\u00a0% de sa fortune \u00e0 sa fille, et 25\u00a0% \u00e0 chacun de ses deux fils. Ce premier testament n\u2019est pas remis en question dans la nouvelle proc\u00e9dure judiciaire intent\u00e9e par Alain-Fabien Delon.<\/p>\n<p class=\"asset asset-text\">Ce dernier \u00ab\u00a0est dans une qu\u00eate de v\u00e9rit\u00e9, explique son avocate Me Florence Watrin au Monde. Aller en justice ne va pas lui rapporter plus d\u2019argent. Il veut d\u00e9montrer qu\u2019on a manipul\u00e9 son p\u00e8re et que des choses pas convenables se sont pass\u00e9es.\u00a0\u00bb Une premi\u00e8re audience a \u00e9t\u00e9 fix\u00e9e au 9\u00a0mars\u00a02026.<\/p>\n<p>                     Le d\u00e9chirement des enfants    <\/p>\n<p class=\"asset asset-text\">Elle se tiendra ainsi quelques jours avant l\u2019ouverture (le 17\u00a0mars) du proc\u00e8s des deux fr\u00e8res poursuivis par leur s\u0153ur pour la diffusion de l\u2019enregistrement d\u2019une conversation entre elle et son p\u00e8re. Les trois enfants de la star se d\u00e9chirent depuis le d\u00e9but de l\u2019ann\u00e9e 2024 dans les m\u00e9dias ou par des actions en justice, sur fond de diff\u00e9rends concernant l\u2019\u00e9tat de sant\u00e9 de l\u2019acteur, qui souffrait d\u2019un lymphome et avait fait un AVC en 2019.<\/p>\n<p class=\"asset asset-text\">Anthony et Alain-Fabien ont pendant un temps estim\u00e9 qu\u2019Alain Delon avait \u00e9t\u00e9 manipul\u00e9 par leur s\u0153ur Anouchka, qui leur aurait cach\u00e9 son \u00e9tat de sant\u00e9 pour le ramener en Suisse et \u00e9viter de payer trop d\u2019imp\u00f4ts sur l\u2019h\u00e9ritage, accusait Anthony. Anouchka, elle, accusait ses fr\u00e8res d\u2019avoir mis en p\u00e9ril la vie de l\u2019acteur, affirmant avoir voulu emmener leur p\u00e8re \u00e0 ses c\u00f4t\u00e9s pour qu\u2019il puisse continuer \u00e0 y \u00eatre soign\u00e9.<\/p>\n","protected":false},"excerpt":{"rendered":"GUILLAUME SOUVANT \/ AFP Alain-Fabien Delon, ici au mois d\u2019ao\u00fbt 2024, \u00e0 Douchy. JUSTICE &#8211; Un an apr\u00e8s&hellip;\n","protected":false},"author":2,"featured_media":361165,"comment_status":"","ping_status":"","sticky":false,"template":"","format":"standard","meta":{"footnotes":""},"categories":[8],"tags":[5960,58,59,1011,27,303,973],"class_list":{"0":"post-361164","1":"post","2":"type-post","3":"status-publish","4":"format-standard","5":"has-post-thumbnail","7":"category-divertissement","8":"tag-alain-delon","9":"tag-divertissement","10":"tag-entertainment","11":"tag-fr","12":"tag-france","13":"tag-justice","14":"tag-people"},"share_on_mastodon":{"url":"https:\/\/pubeurope.com\/@fr\/115135662376273382","error":""},"_links":{"self":[{"href":"https:\/\/www.europesays.com\/fr\/wp-json\/wp\/v2\/posts\/361164","targetHints":{"allow":["GET"]}}],"collection":[{"href":"https:\/\/www.europesays.com\/fr\/wp-json\/wp\/v2\/posts"}],"about":[{"href":"https:\/\/www.europesays.com\/fr\/wp-json\/wp\/v2\/types\/post"}],"author":[{"embeddable":true,"href":"https:\/\/www.europesays.com\/fr\/wp-json\/wp\/v2\/users\/2"}],"replies":[{"embeddable":true,"href":"https:\/\/www.europesays.com\/fr\/wp-json\/wp\/v2\/comments?post=361164"}],"version-history":[{"count":0,"href":"https:\/\/www.europesays.com\/fr\/wp-json\/wp\/v2\/posts\/361164\/revisions"}],"wp:featuredmedia":[{"embeddable":true,"href":"https:\/\/www.europesays.com\/fr\/wp-json\/wp\/v2\/media\/361165"}],"wp:attachment":[{"href":"https:\/\/www.europesays.com\/fr\/wp-json\/wp\/v2\/media?parent=361164"}],"wp:term":[{"taxonomy":"category","embeddable":true,"href":"https:\/\/www.europesays.com\/fr\/wp-json\/wp\/v2\/categories?post=361164"},{"taxonomy":"post_tag","embeddable":true,"href":"https:\/\/www.europesays.com\/fr\/wp-json\/wp\/v2\/tags?post=361164"}],"curies":[{"name":"wp","href":"https:\/\/api.w.org\/{rel}","templated":true}]}}