{"id":361166,"date":"2025-09-02T16:32:16","date_gmt":"2025-09-02T16:32:16","guid":{"rendered":"https:\/\/www.europesays.com\/fr\/361166\/"},"modified":"2025-09-02T16:32:16","modified_gmt":"2025-09-02T16:32:16","slug":"bientot-la-fin-du-tarif-injuste-sur-les-esim-grace-a-apple","status":"publish","type":"post","link":"https:\/\/www.europesays.com\/fr\/361166\/","title":{"rendered":"bient\u00f4t la fin du tarif injuste sur les eSIM gr\u00e2ce \u00e0 Apple ?"},"content":{"rendered":"<p>Les op\u00e9rateurs ont pris l\u2019habitude de facturer 10 euros pour le passage \u00e0 l\u2019eSIM. Une facturation injuste qui pourrait \u00eatre remise en question par Apple et ses iPhone 17.<\/p>\n<p><a href=\"https:\/\/images.frandroid.com\/wp-content\/uploads\/2023\/09\/iphone-15-frandroid-tiroir-sim-11-scaled.jpg\" target=\"_blank\" class=\"article-content__figure\" rel=\"noopener\"><img fetchpriority=\"high\" decoding=\"async\" loading=\"eager\" width=\"1200\" height=\"802\" src=\"https:\/\/www.europesays.com\/fr\/wp-content\/uploads\/2025\/09\/iphone-15-frandroid-tiroir-sim-11-scaled.jpg\" alt=\"\" class=\"wp-image-1817961 wp-image wp-image\"  \/><\/a>Tiroir \u00e0 carte SIM de l\u2019iPhone 15 \/\/ Source : Chlo\u00e9 Pertuis \u2013 Frandroid<\/p>\n<p><a href=\"https:\/\/www.frandroid.com\/marques\/apple\/2581183_iphone-17-et-17-pro-design-caracteristiques-fenetre-de-sortie-tout-ce-que-lon-sait-sur-la-gamme-2025-dapple\" target=\"_blank\" rel=\"noopener\">L\u2019iPhone 17<\/a> pourrait r\u00e9server une nouveaut\u00e9 suppl\u00e9mentaire en Europe auxquels les \u00c9tats-Unis ont d\u00e9j\u00e0 gout\u00e9 ces derni\u00e8res ann\u00e9es. Apple pourrait en effet <a href=\"https:\/\/www.frandroid.com\/os\/ios\/2777997_iphone-17-la-decision-dapple-qui-va-enerver-tous-les-operateurs-francais\" target=\"_blank\" rel=\"noopener\">g\u00e9n\u00e9raliser l\u2019eSIM \u00e0 la place de la carte SIM physique<\/a>.<\/p>\n<p>La commercialisation d\u2019un smartphone sans lecteur de carte SIM physique serait une premi\u00e8re en France. Et comme toujours avec ce genre de transition, elle arriverait avec son lot de questions, ou de remise en question.<\/p>\n<p>En l\u2019occurrence, on se demande comment la facturation actuelle de <a href=\"https:\/\/www.frandroid.com\/produits-android\/smartphone\/1311679_esim-definition-operateurs-et-smartphones-compatibles-tout-savoir-sur-la-carte-sim-virtuelle\" target=\"_blank\" rel=\"noopener\">l\u2019eSIM<\/a> chez nos op\u00e9rateurs fran\u00e7ais pourrait tenir.<\/p>\n<p>10 euros pour\u2026 une option logicielle ?<\/p>\n<p>Aujourd\u2019hui, les op\u00e9rateurs proposent de choisir lors de la souscription entre une carte SIM physique ou une eSIM, mais la facturation est la m\u00eame : 10 euros dans les deux cas.<\/p>\n<p>                <img decoding=\"async\" width=\"1200\" height=\"446\" loading=\"lazy\" alt=\"AVS21611OB_Image_1325x492\" title=\"AVS21611OB_Image_1325x492\" class=\"is-radiusless placeholder-default wp-image\" src=\"https:\/\/www.europesays.com\/fr\/wp-content\/uploads\/2025\/09\/avs21611ob-image-1325x492-1-1200x446.jpg\" \/>            <\/p>\n<p>\n                    Renforcez la s\u00e9curit\u00e9 en ligne de vos enfants \u00e0 la rentr\u00e9e                <\/p>\n<p class=\"has-text-weight-medium is-size-6 is-line-height-normal\">\n                    Naviguez l\u2019esprit plus libre : profitez d\u2019un VPN rapide et s\u00e9curis\u00e9, d\u2019une d\u00e9tection des escroqueries et de fonctionnalit\u00e9s de contr\u00f4le parental.                <\/p>\n<p><a href=\"https:\/\/images.frandroid.com\/wp-content\/uploads\/2025\/09\/carte-esim-bouygues.jpg\" target=\"_blank\" class=\"article-content__figure\" rel=\"noopener\"><img loading=\"lazy\" decoding=\"async\" width=\"1200\" height=\"800\" src=\"https:\/\/www.europesays.com\/fr\/wp-content\/uploads\/2025\/09\/carte-esim-bouygues-1200x800.jpg\" alt=\"\" class=\"wp-image-2779257 wp-image\"  \/><\/a>La configuration d\u2019une eSIM est tr\u00e8s simple \/\/ Source : illustration de Bouygues Telecom<\/p>\n<p>Une facturation d\u00e9j\u00e0 un brin \u00e9trange, qui cache en r\u00e9alit\u00e9 des frais d\u2019inscription qui ne disent pas leur nom. Sur un march\u00e9 o\u00f9 la guerre se fait sur des forfaits sans engagement \u00e0 moins de 20 euros, voire moins de 10 euros par mois, cette facturation permet sans doute d\u2019\u00e9viter \u00e0 des abonn\u00e9s de changer d\u2019op\u00e9rateurs trop souvent.<\/p>\n<p>Les frais de r\u00e9siliation sont gratuits, <a href=\"https:\/\/www.frandroid.com\/marques\/bouygues-telecom\/2602393_fin-de-la-gratuite-bouygues-facture-la-resiliation-de-ses-forfaits-mobile\" target=\"_blank\" rel=\"noopener\">sauf chez Bouygues Telecom<\/a>, mais vous y r\u00e9fl\u00e9chissez \u00e0 deux fois avant de sauter sur un forfait \u00e0 2 euros, si l\u2019op\u00e9rateur vous facture 10 euros suppl\u00e9mentaires \u00e0 l\u2019inscription.<\/p>\n<p><a href=\"https:\/\/images.frandroid.com\/wp-content\/uploads\/2025\/09\/capture-decran-2025-09-02-a-114151.jpg\" target=\"_blank\" class=\"article-content__figure\" rel=\"noopener\"><img loading=\"lazy\" decoding=\"async\" width=\"1200\" height=\"310\" src=\"https:\/\/www.europesays.com\/fr\/wp-content\/uploads\/2025\/09\/capture-decran-2025-09-02-a-114151-1200x310.jpg\" alt=\"\" class=\"wp-image-2779249 wp-image\"  \/><\/a>Free facture 10 euros la premi\u00e8re eSIM et chaque changement entre SIM et eSIM \/\/ Source : capture Frandroid (brochure tarifaire au 22 juillet 2025)<\/p>\n<p>Pire, les op\u00e9rateurs facturent \u00e9galement ces 10 euros, pour un passage de la SIM physique \u00e0 l\u2019eSIM. Un tarif que l\u2019on a bien du mal \u00e0 comprendre pour ce qui est un simple param\u00e9trage logiciel du smartphone.<\/p>\n<p>Quid du passage \u00e0 un smartphone 100 % eSIM ?<\/p>\n<p>Probl\u00e8me, si Apple commercialise demain des iPhone 100 % eSIM, les abonn\u00e9s actuels des op\u00e9rateurs qui ont une carte SIM physique et qui souhaitent passer au nouvel iPhone vont devoir proc\u00e9der \u00e0 un changement de SIM.<\/p>\n<p>Ils risquent d\u2019avoir le sourire un peu crisp\u00e9 en d\u00e9couvrant qu\u2019apr\u00e8s avoir d\u00e9bours\u00e9 quelque 1100 euros dans un tout nouvel iPhone, ils devront \u00e9galement s\u2019acquitter d\u2019une carte SIM virtuelle \u00e0 10 euros.<\/p>\n<p>Si jusque-l\u00e0, le sujet des cartes eSIM \u00e9tait rest\u00e9 plut\u00f4t discret, la mise en lumi\u00e8re par Apple pourrait donner un coup de pied dans la fourmili\u00e8re.<\/p>\n<p>Au point d\u2019abandonner totalement cette facturation ? A ce stade, il parait plus probable que les op\u00e9rateurs accepteront un syst\u00e8me de migration gratuite sp\u00e9cifiquement dans les cas des achats d\u2019un iPhone 17 eSIM.<\/p>\n<p>Nous avons pos\u00e9 la question aux quatre op\u00e9rateurs nationaux. Nous proc\u00e9derons \u00e0 une mise \u00e0 jour en cas de r\u00e9ponse.<\/p>\n<p>Appels illimit\u00e9s<\/p>\n<p>160 Go \u2013 200 Go en France<\/p>\n<p>15 Go en Europe<\/p>\n<p>Appels illimit\u00e9s<\/p>\n<p>300 Go en France<\/p>\n<p>33 Go en Europe<\/p>\n<p>Appels illimit\u00e9s<\/p>\n<p>120 Go en France<\/p>\n<p>25 Go en Europe<\/p>\n<p>        <a href=\"https:\/\/www.frandroid.com\/comparateur-forfaits\" class=\"listplans-shortcode-cta button fr-button fr-button--pink fr-button--small-icon fr-button--icon-after mb-3-mobile \" target=\"_blank\" rel=\"noopener\"><br \/>\n            Tous les forfaits mobile<br \/>\n        <\/a><\/p>\n","protected":false},"excerpt":{"rendered":"Les op\u00e9rateurs ont pris l\u2019habitude de facturer 10 euros pour le passage \u00e0 l\u2019eSIM. Une facturation injuste qui&hellip;\n","protected":false},"author":2,"featured_media":361167,"comment_status":"","ping_status":"","sticky":false,"template":"","format":"standard","meta":{"footnotes":""},"categories":[7],"tags":[49665,1011,27,43,40,41,39,42,44],"class_list":{"0":"post-361166","1":"post","2":"type-post","3":"status-publish","4":"format-standard","5":"has-post-thumbnail","7":"category-sciences-et-technologies","8":"tag-esim","9":"tag-fr","10":"tag-france","11":"tag-science","12":"tag-science-and-technology","13":"tag-sciences","14":"tag-sciences-et-technologies","15":"tag-technologies","16":"tag-technology"},"share_on_mastodon":{"url":"https:\/\/pubeurope.com\/@fr\/115135666481401672","error":""},"_links":{"self":[{"href":"https:\/\/www.europesays.com\/fr\/wp-json\/wp\/v2\/posts\/361166","targetHints":{"allow":["GET"]}}],"collection":[{"href":"https:\/\/www.europesays.com\/fr\/wp-json\/wp\/v2\/posts"}],"about":[{"href":"https:\/\/www.europesays.com\/fr\/wp-json\/wp\/v2\/types\/post"}],"author":[{"embeddable":true,"href":"https:\/\/www.europesays.com\/fr\/wp-json\/wp\/v2\/users\/2"}],"replies":[{"embeddable":true,"href":"https:\/\/www.europesays.com\/fr\/wp-json\/wp\/v2\/comments?post=361166"}],"version-history":[{"count":0,"href":"https:\/\/www.europesays.com\/fr\/wp-json\/wp\/v2\/posts\/361166\/revisions"}],"wp:featuredmedia":[{"embeddable":true,"href":"https:\/\/www.europesays.com\/fr\/wp-json\/wp\/v2\/media\/361167"}],"wp:attachment":[{"href":"https:\/\/www.europesays.com\/fr\/wp-json\/wp\/v2\/media?parent=361166"}],"wp:term":[{"taxonomy":"category","embeddable":true,"href":"https:\/\/www.europesays.com\/fr\/wp-json\/wp\/v2\/categories?post=361166"},{"taxonomy":"post_tag","embeddable":true,"href":"https:\/\/www.europesays.com\/fr\/wp-json\/wp\/v2\/tags?post=361166"}],"curies":[{"name":"wp","href":"https:\/\/api.w.org\/{rel}","templated":true}]}}