{"id":361168,"date":"2025-09-02T16:33:12","date_gmt":"2025-09-02T16:33:12","guid":{"rendered":"https:\/\/www.europesays.com\/fr\/361168\/"},"modified":"2025-09-02T16:33:12","modified_gmt":"2025-09-02T16:33:12","slug":"quelles-vont-etre-les-nouveautes-du-cote-de-volkswagen","status":"publish","type":"post","link":"https:\/\/www.europesays.com\/fr\/361168\/","title":{"rendered":"quelles vont \u00eatre les nouveaut\u00e9s du c\u00f4t\u00e9 de Volkswagen ?"},"content":{"rendered":"<p itemprop=\"description\">Le Salon de Munich approche \u00e0 grands pas, et les constructeurs r\u00e9visent une derni\u00e8re fois leur partition avant l\u2019ouverture du premier gros rendez-vous de la rentr\u00e9e. Parmi eux, Volkswagen, qui a un programme assez charg\u00e9 pour l\u2019occasion. Voyons ce que la marque allemande nous pr\u00e9pare.<\/p>\n<p>EN BREF<\/p>\n<ul class=\"bloc_resume_post_list\">\n<li>\n<p>\t\t\t\t\t\t\t\tLe Salon IAA de Munich est le premier grand rendez-vous pour les constructeurs automobiles, apr\u00e8s les vacances estivales.\n\t\t\t\t\t\t<\/li>\n<li>\n<p>\t\t\t\t\t\t\t\tL&rsquo;ID.2 sera \u00e9videmment la star du stand Volkswagen, puisque la version de s\u00e9rie doit y \u00eatre pr\u00e9sent\u00e9e.\n\t\t\t\t\t\t<\/li>\n<li>\n<p>\t\t\t\t\t\t\t\tVolkswagen apportera \u00e9galement d&rsquo;autres nouveaux mod\u00e8les, qui seront tous expos\u00e9s sur son stand.\n\t\t\t\t\t\t<\/li>\n<\/ul>\n<p style=\"font-weight: 400;\">Apr\u00e8s les \u00e9coliers et les \u00e9tudiants, ce sont maintenant les constructeurs qui s\u2019appr\u00eatent \u00e0 faire leur rentr\u00e9e des classes. Le rendez-vous est fix\u00e9 au 9 septembre prochain, pour le premier rendez-vous majeur qui suit les vacances estivales. Volkswagen jouera (presque) \u00e0 domicile, puisque c\u2019est <strong>le <a href=\"https:\/\/www.autoplus.fr\/actualite\/salon-de-munich-2025-la-liste-complete-des-constructeurs-presents-1391333.html\" target=\"_blank\" rel=\"noopener nofollow\">Salon IAA de Munich<\/a> qui ouvrira ses portes, pour une dur\u00e9e d\u2019une semaine.<\/strong> Voyons justement ce que nous r\u00e9serve la marque allemande pour l\u2019occasion.<\/p>\n<p>    <strong>Volkswagen ID.2\u00a0: la star du stand, voire du salon\u00a0?<\/strong> <\/p>\n<p style=\"font-weight: 400;\">Volkswagen \u00e9graine les informations \u00e0 son sujet depuis plusieurs ann\u00e9es. Cette fois, l\u2019attente touche \u00e0 sa fin, puisque <strong><a href=\"https:\/\/www.autoplus.fr\/actualite\/volkswagen-id-2-ce-que-lon-sait-avant-sa-presentation-1384598.html\" target=\"_blank\" rel=\"noopener nofollow\">l\u2019ID.2<\/a> sera officiellement r\u00e9v\u00e9l\u00e9e durant le Salon IAA de Munich\u00a0!<\/strong> Nous sommes donc \u00e0 quelques jours de d\u00e9couvrir, enfin, la version de s\u00e9rie de la future citadine \u00e9lectrique de la marque. <strong>Un mod\u00e8le qui, en plus de marquer l\u2019arriv\u00e9e de Volkswagen sur un nouveau segment, deviendra \u00e9galement la porte d\u2019entr\u00e9e dans la gamme \u00e9lectrique ID.<\/strong> Avec l\u2019ID.2, Volkswagen r\u00e9pond ainsi aux Renault 5 E-Tech, Peugeot E-208 et autre <a href=\"https:\/\/www.autoplus.fr\/environnement\/bonne-nouvelle-la-citroen-e-c3-devient-encore-moins-chere-1396062.html\" target=\"_blank\" rel=\"noopener nofollow\">Citro\u00ebn \u00cb-C3<\/a>.<\/p>\n<p style=\"font-weight: 400;\"><strong>Cette nouvelle arrivante devrait s\u2019afficher aux alentours des 25 000 euros.<\/strong> Plusieurs tailles de batteries devraient garnir le catalogue, pour une autonomie d\u00e9passant les 400 kilom\u00e8tres. Il faudra attendre sa pr\u00e9sentation officielle pour parcourir la fiche technique d\u00e9taill\u00e9e.<\/p>\n<p style=\"font-weight: 400;\">Notons que dans la lign\u00e9e de l\u2019ID.2, <strong>Volkswagen d\u00e9voilera \u00e9galement une premi\u00e8re \u00e9bauche de <a href=\"https:\/\/www.autoplus.fr\/environnement\/volkswagen-annonce-larrivee-dun-nouveau-suv-compact-et-electrique-1396010.html\" target=\"_blank\" rel=\"noopener nofollow\">l\u2019ID.2 X<\/a>,<\/strong> \u00e0 Munich. Derri\u00e8re ce nom, ce cache un petit crossover \u00e9lectrique. L\u2019un et l\u2019autre devraient partager une bonne partie de leurs \u00e9l\u00e9ments techniques.<\/p>\n<p> <img loading=\"lazy\" decoding=\"async\" aria-describedby=\"caption-attachment-1319445\" itemprop=\"thumbnailUrl\" class=\"size-large wp-image-1319445 img-responsive \" src=\"https:\/\/www.europesays.com\/fr\/wp-content\/uploads\/2025\/09\/volkswagen-id.2all_concept-2023-1600-02-768x576.jpg\" alt=\"&lt;p&gt;Salon de Munich : quelles nouveaut\u00e9s sont attendues chez Volkswagen ?&lt;\/p&gt;\" width=\"768\" height=\"576\"\/> \u00a9  Volkswagen<\/p>\n<p id=\"caption-attachment-1319445\" class=\"wp-caption-text\">Chez Volkswagen, l\u00a0\u00bbID.2 est bien \u00e9videmment la nouveaut\u00e9 la plus attendue.<\/p>\n<p>    <strong>Le premier bain de foule du nouveau T-Roc, mais pas seulement<\/strong> <\/p>\n<p style=\"font-weight: 400;\">Outre la nouvelle ID.2, Volkswagen exposera sur son stand quelques nouveaut\u00e9s int\u00e9ressantes. \u00c0 commencer par <strong>le T-Roc de deuxi\u00e8me g\u00e9n\u00e9ration, pr\u00e9sent\u00e9 la semaine derni\u00e8re.<\/strong> Le petit fr\u00e8re du Tiguan prendra donc son premier v\u00e9ritable bain de foule, qui plus est \u00e0 domicile, \u00e0 quelques kilom\u00e8tres de Wolfsburg. De quoi faire patienter les acheteurs potentiels, en attendant l\u2019ouverture des carnets de commandes.<\/p>\n<p style=\"font-weight: 400;\">Dans un registre plus \u00e9pic\u00e9, <strong>Volkswagen exposera \u00e9galement sa nouvelle ID.3 GTX FIRE+ICE.<\/strong> Cette \u00e9dition sp\u00e9ciale, pr\u00e9sent\u00e9e il y a quelques semaines, arbore une livr\u00e9e sp\u00e9cifique et reprend le bloc de 326 chevaux de la version GTX Performance.<\/p>\n<p style=\"font-weight: 400;\">Enfin, <a href=\"https:\/\/www.volkswagen.fr\/fr.html\" target=\"_blank\" rel=\"noopener nofollow\">la marque<\/a> c\u00e9l\u00e8brera comme il se doit l\u2019anniversaire de la Golf GTI, en apportant <strong>sa nouvelle Golf GTI Edition 50.<\/strong> Celle-ci profite d\u2019un surplus de puissance, portant le total \u00e0 <strong>325 chevaux,<\/strong> ainsi que de quelques optimisations techniques sp\u00e9cifiques. De quoi en faire la Volkswagen de s\u00e9rie la plus rapide sur le N\u00fcrburgring\u00a0! <strong>Rendez-vous donc le 9 septembre \u00e0 Munich, pour d\u00e9couvrir toutes ces nouveaut\u00e9s sur le stand Volkswagen.<\/strong><\/p>\n","protected":false},"excerpt":{"rendered":"Le Salon de Munich approche \u00e0 grands pas, et les constructeurs r\u00e9visent une derni\u00e8re fois leur partition avant&hellip;\n","protected":false},"author":2,"featured_media":361169,"comment_status":"","ping_status":"","sticky":false,"template":"","format":"standard","meta":{"footnotes":""},"categories":[6],"tags":[35,33,34,1011,27,1638],"class_list":{"0":"post-361168","1":"post","2":"type-post","3":"status-publish","4":"format-standard","5":"has-post-thumbnail","7":"category-economie","8":"tag-business","9":"tag-economie","10":"tag-economy","11":"tag-fr","12":"tag-france","13":"tag-has_diapo"},"share_on_mastodon":{"url":"https:\/\/pubeurope.com\/@fr\/115135670148560646","error":""},"_links":{"self":[{"href":"https:\/\/www.europesays.com\/fr\/wp-json\/wp\/v2\/posts\/361168","targetHints":{"allow":["GET"]}}],"collection":[{"href":"https:\/\/www.europesays.com\/fr\/wp-json\/wp\/v2\/posts"}],"about":[{"href":"https:\/\/www.europesays.com\/fr\/wp-json\/wp\/v2\/types\/post"}],"author":[{"embeddable":true,"href":"https:\/\/www.europesays.com\/fr\/wp-json\/wp\/v2\/users\/2"}],"replies":[{"embeddable":true,"href":"https:\/\/www.europesays.com\/fr\/wp-json\/wp\/v2\/comments?post=361168"}],"version-history":[{"count":0,"href":"https:\/\/www.europesays.com\/fr\/wp-json\/wp\/v2\/posts\/361168\/revisions"}],"wp:featuredmedia":[{"embeddable":true,"href":"https:\/\/www.europesays.com\/fr\/wp-json\/wp\/v2\/media\/361169"}],"wp:attachment":[{"href":"https:\/\/www.europesays.com\/fr\/wp-json\/wp\/v2\/media?parent=361168"}],"wp:term":[{"taxonomy":"category","embeddable":true,"href":"https:\/\/www.europesays.com\/fr\/wp-json\/wp\/v2\/categories?post=361168"},{"taxonomy":"post_tag","embeddable":true,"href":"https:\/\/www.europesays.com\/fr\/wp-json\/wp\/v2\/tags?post=361168"}],"curies":[{"name":"wp","href":"https:\/\/api.w.org\/{rel}","templated":true}]}}