{"id":361170,"date":"2025-09-02T16:34:14","date_gmt":"2025-09-02T16:34:14","guid":{"rendered":"https:\/\/www.europesays.com\/fr\/361170\/"},"modified":"2025-09-02T16:34:14","modified_gmt":"2025-09-02T16:34:14","slug":"une-mere-de-famille-saute-a-lelastique-pour-son-anniversaire-et-secrase-devant-son-fils-sud-ouest","status":"publish","type":"post","link":"https:\/\/www.europesays.com\/fr\/361170\/","title":{"rendered":"Une m\u00e8re de famille saute \u00e0 l\u2019\u00e9lastique pour son anniversaire et s\u2019\u00e9crase devant son fils &#8211; Sud Ouest"},"content":{"rendered":"<ol>\n<li><a href=\"https:\/\/news.google.com\/rss\/articles\/CBMigwJBVV95cUxNcGhILU5zUVF1R2VublB3ZUpaaktfZGY4T3F5eUl3WENvVERuQURIdnVSMDM4RkpCV0VTbUZrVHhteERXelBzWUl1cWs0SDNIek5SenNuS0d1NmJwRXlNZkhrUmdOcW5LQ1lyUTBhdG5jOUJxd2ZwSmRNc25HZ3h5S0dOTEU0WW93WUFqeDk2Y3hPYlg0RWpadXRSeDJ6b0pVcmVXMk0zbGpfTmx1cGJidW1hY2NxMmFsaFBRU2Z5b256T1JPYi1QV2lVdkJocWJDVHFDeGNIb0JTSGhiTlJFNXBhU0tVeWhmQjYzYTFfdUgyMEc3T3VrMmYwT3pEendYdXhz?oc=5\" target=\"_blank\" rel=\"nofollow noopener\">Une m\u00e8re de famille saute \u00e0 l\u2019\u00e9lastique pour son anniversaire et s\u2019\u00e9crase devant son fils<\/a>&nbsp;&nbsp;Sud Ouest<\/li>\n<li><a href=\"https:\/\/news.google.com\/rss\/articles\/CBMiggJBVV95cUxOT2xrbXRHV0p6NURSaXhyVkRFX3hhVnpLak1Gc0xILXhEbDR1V3U0T1JyZGlqb1ozNmVMR2dNODcxX0NrUUM2N1lNRlFVLVNXZUljQVoxNV9XYndPalhuSl9EUXN1dmJJRElDX29PY1JuX0VNYVZ2RU1fc2tPNGpiMm9oWnlZTHlDYzJuTW1oODdRWmpiNUpkelcwUmZRempTbnFOeThaVFRxY0tYUmpnVFB5TE0tclpfbUNGcXMtTkdwOXhSNFlabU5jcTYxQTlhZlRFSEU2U3Z6eVBaNl9oZ3p3NnV2ek1waWV4TXdEWGdCN3B4S0h5a3FuSWU2bzIzeXc?oc=5\" target=\"_blank\" rel=\"nofollow noopener\">Apr\u00e8s son saut \u00e0 l\u2019\u00e9lastique, elle retourne en haut pour un selfie et tombe dans le vide<\/a>&nbsp;&nbsp;Ouest-France<\/li>\n<li><a href=\"https:\/\/news.google.com\/rss\/articles\/CBMi6gFBVV95cUxNYVZobURBYWhVS2xZcURSUzd6ZThoNVBhWTlKSlVmaVJYd3FZMmVoRGp6R25KdjlEeG9Ga2xSaVZTdy1kbFkxY2FDd0hobjJFZ1NkWE1vX1lXQktYV0d5SXRkUkxJY3BuVy1GdUE3VHd0YVJ4NzNESHA3NkkzNHF4NG5pbC1oNE5UZ05QSDhJbkpvRl8yZ2g5cUdla2J5c0FkaGw0UEhocEhXQ2xuMG00LU16MHFjOFZZb3hsdWl4UkZCbkxZR2dHQ3VoMXU1UVB1Y1dXT1F6REw3TDN0UmdqTUNLeVhzODRvOUE?oc=5\" target=\"_blank\" rel=\"nofollow noopener\">Une m\u00e8re s\u2019\u00e9crase sous les yeux de son fils apr\u00e8s avoir saut\u00e9 \u00e0 l\u2019\u00e9lastique<\/a>&nbsp;&nbsp;Le Parisien<\/li>\n<li><a href=\"https:\/\/news.google.com\/rss\/articles\/CBMilAJBVV95cUxQZ0FZSGpWVVV4SWV2WHdMWl85alBieFdNQVlMc0ZSYkdHM0hMZmswVUlQNm02MlA1b3hPeGw2ZXlrdE13TWQ0SGtHM2NfdWtpYi1Na0VNdmNtbTNUWkQtN0ZZNExEejF4alRUQUhwTHJDSVZUU2ZUY3pxT3QyaU8zc0c2bkNnaGU5UmN5a3FGRUdOaldGU0JaVzJqVl9ZSzBRdjNqVTcyNlc3VmMzaUJMN2xtWG84Z0M4blBuV3FHNkxnNEJXQVdPTUF5azE0aTJDVEgxWGl0MTVfZnBDcWpZenZYX3JEcnk0d2kzREdLak9oazdXZ0tlREhMbmNMNUw2dXd1Rl9aV0wzbnhNSUhsSmMyc1U?oc=5\" target=\"_blank\" rel=\"nofollow noopener\">Elle venait de sauter \u00e0 l\u2019\u00e9lastique : une femme remonte pour prendre un selfie et glisse mortellement dans le vide sous les yeux de son fils<\/a>&nbsp;&nbsp;Midi Libre<\/li>\n<li><a href=\"https:\/\/news.google.com\/rss\/articles\/CBMirwFBVV95cUxQQ19JanZuRUVHSUoyWXh2VUR0SkpxLWllb29wU1o5VVp3dDg2bFIzTDJ1aVlKUXF2bzhiX1ZpTGtick9jYXBmZzR2NEJJOHJFY1ExMDZQb3J2blBaSUphWEduQThWUkE3TnlJX3RiMXpDTHBld2ItYzNnRzhiQlVKU0hjaG1CSnFSVW43TlJNV2lfRmFWdE11blpGaTFBa0tkZHVqMWpNcmpIT3dxcG44?oc=5\" target=\"_blank\" rel=\"nofollow noopener\">En Russie, une m\u00e8re tombe dans le vide sous les yeux de son fils<\/a>&nbsp;&nbsp;20 Minutes<\/li>\n<\/ol>\n","protected":false},"excerpt":{"rendered":"Une m\u00e8re de famille saute \u00e0 l\u2019\u00e9lastique pour son anniversaire et s\u2019\u00e9crase devant son fils&nbsp;&nbsp;Sud Ouest Apr\u00e8s son&hellip;\n","protected":false},"author":2,"featured_media":361171,"comment_status":"","ping_status":"","sticky":false,"template":"","format":"standard","meta":{"footnotes":""},"categories":[5],"tags":[11,1011,27,14,12,28],"class_list":{"0":"post-361170","1":"post","2":"type-post","3":"status-publish","4":"format-standard","5":"has-post-thumbnail","7":"category-international","8":"tag-actualites","9":"tag-fr","10":"tag-france","11":"tag-international","12":"tag-news","13":"tag-world"},"share_on_mastodon":{"url":"https:\/\/pubeurope.com\/@fr\/115135674054403549","error":""},"_links":{"self":[{"href":"https:\/\/www.europesays.com\/fr\/wp-json\/wp\/v2\/posts\/361170","targetHints":{"allow":["GET"]}}],"collection":[{"href":"https:\/\/www.europesays.com\/fr\/wp-json\/wp\/v2\/posts"}],"about":[{"href":"https:\/\/www.europesays.com\/fr\/wp-json\/wp\/v2\/types\/post"}],"author":[{"embeddable":true,"href":"https:\/\/www.europesays.com\/fr\/wp-json\/wp\/v2\/users\/2"}],"replies":[{"embeddable":true,"href":"https:\/\/www.europesays.com\/fr\/wp-json\/wp\/v2\/comments?post=361170"}],"version-history":[{"count":0,"href":"https:\/\/www.europesays.com\/fr\/wp-json\/wp\/v2\/posts\/361170\/revisions"}],"wp:featuredmedia":[{"embeddable":true,"href":"https:\/\/www.europesays.com\/fr\/wp-json\/wp\/v2\/media\/361171"}],"wp:attachment":[{"href":"https:\/\/www.europesays.com\/fr\/wp-json\/wp\/v2\/media?parent=361170"}],"wp:term":[{"taxonomy":"category","embeddable":true,"href":"https:\/\/www.europesays.com\/fr\/wp-json\/wp\/v2\/categories?post=361170"},{"taxonomy":"post_tag","embeddable":true,"href":"https:\/\/www.europesays.com\/fr\/wp-json\/wp\/v2\/tags?post=361170"}],"curies":[{"name":"wp","href":"https:\/\/api.w.org\/{rel}","templated":true}]}}