{"id":361172,"date":"2025-09-02T16:35:07","date_gmt":"2025-09-02T16:35:07","guid":{"rendered":"https:\/\/www.europesays.com\/fr\/361172\/"},"modified":"2025-09-02T16:35:07","modified_gmt":"2025-09-02T16:35:07","slug":"legislatives-en-cas-de-dissolution-le-rn-largement-en-tete-le-camp-presidentiel-en-net-recul-decouvrez-le-sondage-du-figaro-le-figaro","status":"publish","type":"post","link":"https:\/\/www.europesays.com\/fr\/361172\/","title":{"rendered":"L\u00e9gislatives : en cas de dissolution, le RN largement en t\u00eate, le camp pr\u00e9sidentiel en net recul\u2026 D\u00e9couvrez le sondage du Figaro &#8211; Le Figaro"},"content":{"rendered":"<ol>\n<li><a href=\"https:\/\/news.google.com\/rss\/articles\/CBMi-gFBVV95cUxPdWRxMU1TUjVnQk9pN0o5QlE3czZRcHFvTkMtZVRQZU1jTXpxM3RvMnpRbXdxa2EweFJyLXJvTEhRVV9DYVBLaFkxazFYM3lmXzN4RXhjSEJaSHh0OEZzYWpueUxpWlB3Tzk2VVpOMnVWNm9VTjN5VHRJQUFaU3lSZVh6MmRwdWxmTG1XeC1EN3J4XzNOR1RhMFFtRXRndDFIRVlLdFhEWWR4UnNrNDc4QWxpaHVlMkVhMkt5OGVUc2gxXzBieXNTSWozYXNRcWlTNU1jQnlhOWVJT3M4UXFWczhSR0VZejJCQWQ1U3pELTdJWDF0eGV0T0tR?oc=5\" target=\"_blank\" rel=\"nofollow noopener\">L\u00e9gislatives : en cas de dissolution, le RN largement en t\u00eate, le camp pr\u00e9sidentiel en net recul\u2026 D\u00e9couvrez le sondage du Figaro<\/a>&nbsp;&nbsp;Le Figaro<\/li>\n<li><a href=\"https:\/\/news.google.com\/rss\/articles\/CBMi2AFBVV95cUxQdTllLVdBdDFuQ2ZpSGdyUm8wT1lfT2o3eVhNVVZVVGl1aDNPeDB5TklFc29qZDRqWld5N1FJOGZ2algwWHRobGMwRHFMdWVxUk5YU2JVNnFBTEtoVG1uOFdWSTlFZl9oYUlLbm5hd29BWFh0cS1ZQ2N3aW5PVGt1V1d5OV9NNWlNUjlEVU1PaUhuTWFHdVV6cENCRkVPdmN4emU5YjJBTVducE10Wml5d0I3clQyZFZxRTBORFdSZElLTU95TUs1T0pkTXAyOUc3bDdvT3NfeVc?oc=5\" target=\"_blank\" rel=\"nofollow noopener\">Ce sondage en cas d\u2019\u00e9lections l\u00e9gislatives anticip\u00e9es ne fait pas que placer le RN en t\u00eate<\/a>&nbsp;&nbsp;Le HuffPost<\/li>\n<li><a href=\"https:\/\/news.google.com\/rss\/articles\/CBMiUkFVX3lxTE9uV0xnY1gzTkdSMmc4U090MGZTckNYckNXcXJ4cEl6SFB1VjAtcHc2Ulg4aHdKYTJVdkNoYVE2Y3IyejZmdV9MMlEwM2ZTMFl6YlE?oc=5\" target=\"_blank\" rel=\"nofollow noopener\">Les Fran\u00e7ais et les \u00e9lections l\u00e9gislatives<\/a>&nbsp;&nbsp;ELABE<\/li>\n<li><a href=\"https:\/\/news.google.com\/rss\/articles\/CBMiigJBVV95cUxNNm4yaWx1WVhOYnpheG9Bckgzb3NzYWVXSE1NMVJNV1pWRGxTOGNCU3I1b2VHY2lPYVZubnNXamRPVHZWb2JDMkVSZlpoZzhnU05CRnlqalAwVm5JaHd2cnZzcmg2eG83SmNNZGsya2RhWUgxVXJhd3o0MnJEOXliZ1d4Zk1RQmRFVkprQWZuSDV3YkpCWXdxN2NUWVBJUUszT0NvekRGVEFZaktpcXl4WXVYd3FSSFBGUVYyMWpxcWlCaHJLUWctN1ZpaDQtTDJsMkRHM1JOOHZ0NU55VnQ4b2d2WEViS3BjanJfR3FSX0I0TWNxemtnOGQtUVpXZFFSQlFvcHdKbnVmUQ?oc=5\" target=\"_blank\" rel=\"nofollow noopener\">\u00ab\u00a0Je crois que nous pouvons avoir une majorit\u00e9 absolue\u00a0\u00bb en cas de nouvelles \u00e9lections l\u00e9gislatives, confie S\u00e9bastien Chenu<\/a>&nbsp;&nbsp;Actualit\u00e9s \u2013 Orange<\/li>\n<li><a href=\"https:\/\/news.google.com\/rss\/articles\/CBMi6AFBVV95cUxOUTdwakItMUloOVcxREs1RHdnS1JQQmtPTkdKUldkbU5uaFhoTGpwOEVnRnNzcVQ1TGVmSWhUdVU4RDF2dG0xMVlmcFQxR1FrOXlZdVVMS0hCanAwWHRJbk0tZ3JFUUpHZk9kclhUX1RBMEVJdGZpTHlSSFdocF9MY2YtUWczZzk4Q0ZRa3o0anRHTU1HaFJKWVlGeGM4MXRyaHZMNmdkbk5QLXBTWlV1TVV1cVlURDJLODV0cUg4ZmRQaWRreE1uc2FLc3Rrd2Q0V2lNOTlQWTNQQmhNSWpsSkk2c0Q4RXgx0gHuAUFVX3lxTE9oeFpTVjdWUjlzdkJmYkxvZXdlS3VrVEdxd0ljMkpnTENDaDZIV2ZDa3NYTEtTbWoxRTRnejBoRUlVbWRESkwtN0UyZG5HME1yTVQ2VVBHUUZuTDRPYnZaNWM5X3MzZWIzM0NKQkczWmNhUF8wZkNDRzJoaFN0LUlDTGQ4dVh6NlV4WHMwdTNKQUdYa1F5bWl3WERYVUo0S3IxVW9QM2UxdTNtS3A2ZXcxUEh0ZXJEZUhTbmRLWmZoblhqSHhYbjE5d2xBTElnNW82YWpCTnBiT3NaV3pHbVFQSzIwZXB4M3hmbVh6QWc?oc=5\" target=\"_blank\" rel=\"nofollow noopener\">Le RN pense obtenir la majorit\u00e9 absolue en cas de dissolution<\/a>&nbsp;&nbsp;Boursorama<\/li>\n<\/ol>\n","protected":false},"excerpt":{"rendered":"L\u00e9gislatives : en cas de dissolution, le RN largement en t\u00eate, le camp pr\u00e9sidentiel en net recul\u2026 D\u00e9couvrez&hellip;\n","protected":false},"author":2,"featured_media":1445,"comment_status":"","ping_status":"","sticky":false,"template":"","format":"standard","meta":{"footnotes":""},"categories":[4],"tags":[11,1011,27,12,25],"class_list":{"0":"post-361172","1":"post","2":"type-post","3":"status-publish","4":"format-standard","5":"has-post-thumbnail","7":"category-france","8":"tag-actualites","9":"tag-fr","10":"tag-france","11":"tag-news","12":"tag-republique-francaise"},"share_on_mastodon":{"url":"https:\/\/pubeurope.com\/@fr\/115135678018345567","error":""},"_links":{"self":[{"href":"https:\/\/www.europesays.com\/fr\/wp-json\/wp\/v2\/posts\/361172","targetHints":{"allow":["GET"]}}],"collection":[{"href":"https:\/\/www.europesays.com\/fr\/wp-json\/wp\/v2\/posts"}],"about":[{"href":"https:\/\/www.europesays.com\/fr\/wp-json\/wp\/v2\/types\/post"}],"author":[{"embeddable":true,"href":"https:\/\/www.europesays.com\/fr\/wp-json\/wp\/v2\/users\/2"}],"replies":[{"embeddable":true,"href":"https:\/\/www.europesays.com\/fr\/wp-json\/wp\/v2\/comments?post=361172"}],"version-history":[{"count":0,"href":"https:\/\/www.europesays.com\/fr\/wp-json\/wp\/v2\/posts\/361172\/revisions"}],"wp:featuredmedia":[{"embeddable":true,"href":"https:\/\/www.europesays.com\/fr\/wp-json\/wp\/v2\/media\/1445"}],"wp:attachment":[{"href":"https:\/\/www.europesays.com\/fr\/wp-json\/wp\/v2\/media?parent=361172"}],"wp:term":[{"taxonomy":"category","embeddable":true,"href":"https:\/\/www.europesays.com\/fr\/wp-json\/wp\/v2\/categories?post=361172"},{"taxonomy":"post_tag","embeddable":true,"href":"https:\/\/www.europesays.com\/fr\/wp-json\/wp\/v2\/tags?post=361172"}],"curies":[{"name":"wp","href":"https:\/\/api.w.org\/{rel}","templated":true}]}}