{"id":361179,"date":"2025-09-02T16:40:12","date_gmt":"2025-09-02T16:40:12","guid":{"rendered":"https:\/\/www.europesays.com\/fr\/361179\/"},"modified":"2025-09-02T16:40:12","modified_gmt":"2025-09-02T16:40:12","slug":"las-nancy-lorraine-et-la-ligue-2-encore-un-pli-a-prendre","status":"publish","type":"post","link":"https:\/\/www.europesays.com\/fr\/361179\/","title":{"rendered":"L&rsquo;AS Nancy Lorraine et la Ligue 2 : encore un pli \u00e0 prendre\u00a0?"},"content":{"rendered":"<p class=\"PopSlotParagraph qg-tx2 qg-xtra-lh svelte-1r0pyek\">L\u2019AS Nancy Lorraine <strong>avait toutes les cartes en main<\/strong> pour d\u00e9crocher une nouvelle victoire face \u00e0 Pau (2-2). L\u2019\u00e9quipe s\u2019est montr\u00e9e coh\u00e9rente dans le jeu, solide, et a confirm\u00e9 que sa reconstruction est en bonne voie. Pourtant, les derniers instants ont mis en \u00e9vidence des points \u00e0 am\u00e9liorer. Face \u00e0 des Palois peu incisifs, l\u2019ASNL a montr\u00e9 des failles dans la gestion des moments cl\u00e9s.<\/p>\n<p class=\"PopSlotParagraph qg-tx2 qg-xtra-lh svelte-1r0pyek\">L\u2019\u00e9galisation adverse rappelle que, pour franchir un nouveau cap en Ligue 2, <strong>il faudra que l&rsquo;ASNL garde la t\u00eate froide<\/strong>, d\u00e9courager davantage ses adversaires et transformer les bonnes performances en victoires. Malgr\u00e9 ce nul frustrant,\u00a0 la progression est r\u00e9elle et le potentiel est l\u00e0. La Ligue 2 reste exigeante, mais Nancy semble sur la bonne voie pour construire un retour solide et durable dans un championnat qu&rsquo;il red\u00e9couvre. L&rsquo;ASNL doit encore prendre le pli, c&rsquo;est le sujet du jour dans 100% ASNL, avec Laurent Pilloni.<\/p>\n","protected":false},"excerpt":{"rendered":"L\u2019AS Nancy Lorraine avait toutes les cartes en main pour d\u00e9crocher une nouvelle victoire face \u00e0 Pau (2-2).&hellip;\n","protected":false},"author":2,"featured_media":361180,"comment_status":"","ping_status":"","sticky":false,"template":"","format":"standard","meta":{"footnotes":""},"categories":[9635],"tags":[1111,11,1777,674,1011,27,775,1702,12,25],"class_list":{"0":"post-361179","1":"post","2":"type-post","3":"status-publish","4":"format-standard","5":"has-post-thumbnail","7":"category-nancy","8":"tag-actu","9":"tag-actualites","10":"tag-eu","11":"tag-europe","12":"tag-fr","13":"tag-france","14":"tag-grand-est","15":"tag-nancy","16":"tag-news","17":"tag-republique-francaise"},"share_on_mastodon":{"url":"https:\/\/pubeurope.com\/@fr\/115135697584202158","error":""},"_links":{"self":[{"href":"https:\/\/www.europesays.com\/fr\/wp-json\/wp\/v2\/posts\/361179","targetHints":{"allow":["GET"]}}],"collection":[{"href":"https:\/\/www.europesays.com\/fr\/wp-json\/wp\/v2\/posts"}],"about":[{"href":"https:\/\/www.europesays.com\/fr\/wp-json\/wp\/v2\/types\/post"}],"author":[{"embeddable":true,"href":"https:\/\/www.europesays.com\/fr\/wp-json\/wp\/v2\/users\/2"}],"replies":[{"embeddable":true,"href":"https:\/\/www.europesays.com\/fr\/wp-json\/wp\/v2\/comments?post=361179"}],"version-history":[{"count":0,"href":"https:\/\/www.europesays.com\/fr\/wp-json\/wp\/v2\/posts\/361179\/revisions"}],"wp:featuredmedia":[{"embeddable":true,"href":"https:\/\/www.europesays.com\/fr\/wp-json\/wp\/v2\/media\/361180"}],"wp:attachment":[{"href":"https:\/\/www.europesays.com\/fr\/wp-json\/wp\/v2\/media?parent=361179"}],"wp:term":[{"taxonomy":"category","embeddable":true,"href":"https:\/\/www.europesays.com\/fr\/wp-json\/wp\/v2\/categories?post=361179"},{"taxonomy":"post_tag","embeddable":true,"href":"https:\/\/www.europesays.com\/fr\/wp-json\/wp\/v2\/tags?post=361179"}],"curies":[{"name":"wp","href":"https:\/\/api.w.org\/{rel}","templated":true}]}}