{"id":361181,"date":"2025-09-02T16:41:12","date_gmt":"2025-09-02T16:41:12","guid":{"rendered":"https:\/\/www.europesays.com\/fr\/361181\/"},"modified":"2025-09-02T16:41:12","modified_gmt":"2025-09-02T16:41:12","slug":"la-ville-de-la-garde-inaugure-une-creche-ecoresponsable-pour-accueillir-40-enfants","status":"publish","type":"post","link":"https:\/\/www.europesays.com\/fr\/361181\/","title":{"rendered":"La Ville de La Garde inaugure une cr\u00e8che \u00e9coresponsable pour accueillir 40 enfants"},"content":{"rendered":"<p>Une nouvelle structure d\u2019accueil des tout-petits a ouvert ses portes \u00e0 La Garde. Situ\u00e9e face au futur parc urbain, elle peut accueillir jusqu\u2019\u00e0 40 enfants \u00e2g\u00e9s de 3 mois \u00e0 3 ans, dans un cadre alliant confort, nature et sobri\u00e9t\u00e9 \u00e9nerg\u00e9tique!<\/p>\n<p>Inaugur\u00e9e vendredi dernier, en pr\u00e9sence de Fran\u00e7ois de Canson vice-pr\u00e9sident de la R\u00e9gion, de Jean-Louis Masson, pr\u00e9sident du D\u00e9partement, d\u2019H\u00e9l\u00e8ne Bill, maire de La Garde, l\u2019\u00e9quipe municipale et tous les partenaires du projet, \u00ab\u00a0Les Lucioles\u00a0\u00bb est une cr\u00e8che de nouvelle g\u00e9n\u00e9ration, n\u00e9e d\u2019une collaboration dynamique entre les \u00e9quipes p\u00e9dagogiques, les services techniques, les architectes, la Ville et ses partenaires institutionnels.<\/p>\n<p>Elle incarne un objectif fort : offrir un lieu d\u2019accueil \u00e0 la fois fonctionnel, chaleureux et respectueux des enjeux climatiques.<\/p>\n<p>Approche \u00e9coresponsable<\/p>\n<p>Parmi les engagements phares, la r\u00e9duction des d\u00e9chets, un nettoyage \u00e9coresponsable, une alimentation saine, une p\u00e9dagogie engag\u00e9e et un niveau de performance \u00e9nerg\u00e9tique exceptionnel. Autant d\u2019actions concr\u00e8tes pour \u00e9veiller, d\u00e8s le plus jeune \u00e2ge, une conscience \u00e9cologique vivante et positive.<\/p>\n<p>Et elle fait d\u2019ores et d\u00e9j\u00e0 le bonheur de tous les parents et des bambins: elle est agr\u00e9able, temp\u00e9r\u00e9e, gr\u00e2ce notamment \u00e0 la pr\u00e9sence d\u2019un patio central v\u00e9g\u00e9talis\u00e9, le b\u00e2timent est \u00e9galement abrit\u00e9 du soleil par une architecture bioclimatique.<\/p>\n<p>Pour toujours plus de bien-\u00eatre, un espace vert commun \u00e0 la cr\u00e8che et aux \u00e9coles voisines (Zunino 1 et 2) a \u00e9t\u00e9 cr\u00e9\u00e9.<\/p>\n<p>\u00c0 l\u2019int\u00e9rieur, des espaces soigneusement am\u00e9nag\u00e9s, con\u00e7us pour \u00e9veiller la curiosit\u00e9 des tout-petits et leur offrir un premier contact avec l\u2019environnement.<\/p>\n<p>Une approche \u00e9ducative port\u00e9e par 15 professionnels engag\u00e9s, qui accompagnent les enfants dans leur d\u00e9veloppement et favorisent leur autonomie.<\/p>\n<p>Cet \u00e9tablissement de 560 m\u00b2 constitue un mod\u00e8le en mati\u00e8re d\u2019approche \u00e9coresponsable: ossature bois, mat\u00e9riaux biosourc\u00e9s d\u2019origine fran\u00e7aise, panneaux photovolta\u00efques, pompe \u00e0 chaleur g\u00e9othermique, ventilation double flux, r\u00e9cup\u00e9ration des eaux de pluie, brise-soleil intelligents&#8230;<\/p>\n<p>Une recyclerie est \u00e9galement d\u00e9di\u00e9e aux familles des Lucioles pour encourager l\u2019\u00e9change, le r\u00e9emploi et la solidarit\u00e9!<\/p>\n<p>Subventions R\u00e9gion Sud Paca: 700.000 euros; CAF du Var: 402.000 euros; D\u00e9partement: 350.000 euros; Dotation de soutien \u00e0 l\u2019investissement local (\u00c9tat): 300.000 euros; Fonds vert (\u00c9tat): 17.600 euros.<\/p>\n<p>              <img ci-src=\"https:\/\/www.varmatin.com\/education\/921f6a1365b86a71f0e1f6v_01220236-yXmw5z83.jpg?vh=1470fb&amp;ci_seal=8bce7c594b\" alt=\"\"\/><br \/>\n        L\u2019\u00e9tablissement b\u00e9n\u00e9ficie d\u2019un environnement lumineux et temp\u00e9r\u00e9, pour le confort des tout-petits. <strong>Photo DR.<\/strong> <\/p>\n","protected":false},"excerpt":{"rendered":"Une nouvelle structure d\u2019accueil des tout-petits a ouvert ses portes \u00e0 La Garde. Situ\u00e9e face au futur parc&hellip;\n","protected":false},"author":2,"featured_media":361182,"comment_status":"","ping_status":"","sticky":false,"template":"","format":"standard","meta":{"footnotes":""},"categories":[9619],"tags":[1111,11,1057,1777,674,332,1011,27,12,882,25,2310],"class_list":{"0":"post-361181","1":"post","2":"type-post","3":"status-publish","4":"format-standard","5":"has-post-thumbnail","7":"category-toulon","8":"tag-actu","9":"tag-actualites","10":"tag-education","11":"tag-eu","12":"tag-europe","13":"tag-faits-de-societe","14":"tag-fr","15":"tag-france","16":"tag-news","17":"tag-provence-alpes-cote-dazur","18":"tag-republique-francaise","19":"tag-toulon"},"share_on_mastodon":{"url":"https:\/\/pubeurope.com\/@fr\/115135701525568625","error":""},"_links":{"self":[{"href":"https:\/\/www.europesays.com\/fr\/wp-json\/wp\/v2\/posts\/361181","targetHints":{"allow":["GET"]}}],"collection":[{"href":"https:\/\/www.europesays.com\/fr\/wp-json\/wp\/v2\/posts"}],"about":[{"href":"https:\/\/www.europesays.com\/fr\/wp-json\/wp\/v2\/types\/post"}],"author":[{"embeddable":true,"href":"https:\/\/www.europesays.com\/fr\/wp-json\/wp\/v2\/users\/2"}],"replies":[{"embeddable":true,"href":"https:\/\/www.europesays.com\/fr\/wp-json\/wp\/v2\/comments?post=361181"}],"version-history":[{"count":0,"href":"https:\/\/www.europesays.com\/fr\/wp-json\/wp\/v2\/posts\/361181\/revisions"}],"wp:featuredmedia":[{"embeddable":true,"href":"https:\/\/www.europesays.com\/fr\/wp-json\/wp\/v2\/media\/361182"}],"wp:attachment":[{"href":"https:\/\/www.europesays.com\/fr\/wp-json\/wp\/v2\/media?parent=361181"}],"wp:term":[{"taxonomy":"category","embeddable":true,"href":"https:\/\/www.europesays.com\/fr\/wp-json\/wp\/v2\/categories?post=361181"},{"taxonomy":"post_tag","embeddable":true,"href":"https:\/\/www.europesays.com\/fr\/wp-json\/wp\/v2\/tags?post=361181"}],"curies":[{"name":"wp","href":"https:\/\/api.w.org\/{rel}","templated":true}]}}