{"id":361183,"date":"2025-09-02T16:42:12","date_gmt":"2025-09-02T16:42:12","guid":{"rendered":"https:\/\/www.europesays.com\/fr\/361183\/"},"modified":"2025-09-02T16:42:12","modified_gmt":"2025-09-02T16:42:12","slug":"toulon-sur-arroux-fermeture-durgence-pour-la-boucherie-charcuterie-thierry-cousin","status":"publish","type":"post","link":"https:\/\/www.europesays.com\/fr\/361183\/","title":{"rendered":"Toulon-sur-Arroux. Fermeture d\u2019urgence pour la boucherie-charcuterie Thierry Cousin"},"content":{"rendered":"<p>Depuis le 19\u00a0ao\u00fbt, la rue du Pont de Toulon-sur-Arroux est bien d\u00e9serte. Plus aucun commerce n\u2019est ouvert, m\u00eame la boucherie charcuterie Thierry Cousin qui faisait figure de survivant. L\u2019\u00e9tablissement a d\u00fb fermer provisoirement sur ordre de la Direction d\u00e9partementale de la protection des populations (DDPP).<\/p>\n<p>Deux contr\u00f4les<\/p>\n<p>Une d\u00e9cision qui intervient apr\u00e8s deux inspections conduites dans le cadre de la programmation annuelle des contr\u00f4les des boucheries du d\u00e9partement. \u00c0 la suite de la premi\u00e8re, en mars, une mise en demeure a somm\u00e9 le commer\u00e7ant d\u2019entreprendre des travaux li\u00e9s \u00e0 l\u2019hygi\u00e8ne dans un d\u00e9lai de deux \u00e0 quatre mois. Lors de la seconde, les travaux r\u00e9alis\u00e9s n\u2019ont pas apport\u00e9 satisfaction.<\/p>\n<p>La DDPP a relev\u00e9 \u00ab\u00a0un risque de danger pour la sant\u00e9 publique du fait de la&#8230;<\/p>\n","protected":false},"excerpt":{"rendered":"Depuis le 19\u00a0ao\u00fbt, la rue du Pont de Toulon-sur-Arroux est bien d\u00e9serte. Plus aucun commerce n\u2019est ouvert, m\u00eame&hellip;\n","protected":false},"author":2,"featured_media":361184,"comment_status":"","ping_status":"","sticky":false,"template":"","format":"standard","meta":{"footnotes":""},"categories":[9619],"tags":[1111,11,4406,33,12568,1777,674,107,1011,27,14000,12,882,25,6003,2310,13999],"class_list":{"0":"post-361183","1":"post","2":"type-post","3":"status-publish","4":"format-standard","5":"has-post-thumbnail","7":"category-toulon","8":"tag-actu","9":"tag-actualites","10":"tag-commerce-et-services","11":"tag-economie","12":"tag-edition-montceau-les-mines","13":"tag-eu","14":"tag-europe","15":"tag-fil-info","16":"tag-fr","17":"tag-france","18":"tag-montceau-les-mines-bassin","19":"tag-news","20":"tag-provence-alpes-cote-dazur","21":"tag-republique-francaise","22":"tag-saone-et-loire","23":"tag-toulon","24":"tag-toulon-sur-arroux"},"share_on_mastodon":{"url":"https:\/\/pubeurope.com\/@fr\/115135705509893778","error":""},"_links":{"self":[{"href":"https:\/\/www.europesays.com\/fr\/wp-json\/wp\/v2\/posts\/361183","targetHints":{"allow":["GET"]}}],"collection":[{"href":"https:\/\/www.europesays.com\/fr\/wp-json\/wp\/v2\/posts"}],"about":[{"href":"https:\/\/www.europesays.com\/fr\/wp-json\/wp\/v2\/types\/post"}],"author":[{"embeddable":true,"href":"https:\/\/www.europesays.com\/fr\/wp-json\/wp\/v2\/users\/2"}],"replies":[{"embeddable":true,"href":"https:\/\/www.europesays.com\/fr\/wp-json\/wp\/v2\/comments?post=361183"}],"version-history":[{"count":0,"href":"https:\/\/www.europesays.com\/fr\/wp-json\/wp\/v2\/posts\/361183\/revisions"}],"wp:featuredmedia":[{"embeddable":true,"href":"https:\/\/www.europesays.com\/fr\/wp-json\/wp\/v2\/media\/361184"}],"wp:attachment":[{"href":"https:\/\/www.europesays.com\/fr\/wp-json\/wp\/v2\/media?parent=361183"}],"wp:term":[{"taxonomy":"category","embeddable":true,"href":"https:\/\/www.europesays.com\/fr\/wp-json\/wp\/v2\/categories?post=361183"},{"taxonomy":"post_tag","embeddable":true,"href":"https:\/\/www.europesays.com\/fr\/wp-json\/wp\/v2\/tags?post=361183"}],"curies":[{"name":"wp","href":"https:\/\/api.w.org\/{rel}","templated":true}]}}