{"id":361185,"date":"2025-09-02T16:43:09","date_gmt":"2025-09-02T16:43:09","guid":{"rendered":"https:\/\/www.europesays.com\/fr\/361185\/"},"modified":"2025-09-02T16:43:09","modified_gmt":"2025-09-02T16:43:09","slug":"deux-hommes-blesses-a-coups-de-machette-que-sest-il-passe","status":"publish","type":"post","link":"https:\/\/www.europesays.com\/fr\/361185\/","title":{"rendered":"deux hommes bless\u00e9s \u00e0 coups de machette, que s&rsquo;est-il pass\u00e9\u00a0?"},"content":{"rendered":"<p>            Par<br \/>\n        <strong><br \/>\n            <a href=\"https:\/\/actu.fr\/auteur\/jm-aubert\" title=\"Consulter tous les articles de Jean-Marc Aubert\" rel=\"nofollow noopener\" target=\"_blank\">Jean-Marc Aubert<\/a><br \/>\n        <\/strong><\/p>\n<p>        Publi\u00e9 le<\/p>\n<p>            2 sept. 2025 \u00e0 18h31        <\/p>\n<p>Deux hommes d\u2019une vingtaine d\u2019ann\u00e9es ont \u00e9t\u00e9 <strong>agress\u00e9s \u00e0 coups de machette<\/strong>, dans la nuit de ce lundi 1er septembre \u00e0 ce mardi 2 septembre 2025, dans le quartier de la Mosson, pr\u00e8s de la m\u00e9diath\u00e8que Jean-Jacques Rousseau, \u00e0<strong> Montpellier<\/strong>. \u00a0<\/p>\n<p class=\" wall-content\">Le mobile de ces violences volontaires avec arme n\u2019est pas connu. C\u2019est vers 1h la nuit derni\u00e8re que les deux victimes ont \u00e9t\u00e9 admises aux <strong>urgences de l\u2019h\u00f4pital Lapeyronie<\/strong>, avec des plaies et des entailles provoqu\u00e9es par des coups de machette, selon nos informations.<\/p>\n<p>    <a href=\"https:\/\/www.google.com\/maps\/embed?pb=!1m18!1m12!1m3!1d25126.41668369073!2d3.8399546355873233!3d43.58306133743999!2m3!1f0!2f0!3f0!3m2!1i1024!2i768!4f13.1!3m3!1m2!1s0x12b6ae2d87555c79%3A0x6d04260d15b96a8e!2sLa%20Croix%20d%27Argent%2C%20Montpellier!5e0!3m2!1sfr!2sfr!4v1756827348958!5m2!1sfr!2sfr\" title=\"Ouvrie le lien\" rel=\"nofollow noopener\" target=\"_blank\">Cliquez ici pour visualiser le contenu<\/a><\/p>\n<p class=\" wall-content\">Les bless\u00e9s sont arriv\u00e9s s\u00e9par\u00e9ment : l\u2019un \u00e9tait atteint \u00e0 une main s\u2019est pr\u00e9sent\u00e9 par ses propres moyens, l\u2019autre, touch\u00e9 \u00e0 une jambe et \u00e0 un bras, a \u00e9t\u00e9 secouru par les sapeurs-pompiers du <strong>Sdis 34<\/strong>. Ils ont certainement mis leurs mains en direction de l\u2019agresseur pour tenter de parer les coups. Ils \u00e9taient conscients lorsqu\u2019ils ont \u00e9t\u00e9 pris en charge et leur \u00e9tat n\u2019inspire aucune inqui\u00e9tude.<\/p>\n<p class=\" wall-content\">Que s\u2019est-il pass\u00e9 ? Selon une source proche de l\u2019enqu\u00eate, quatre individus d\u00e9j\u00e0 connus de la justice -ainsi que l\u2019un des bless\u00e9s- seraient impliqu\u00e9s dans ces violences volontaires avec arme, sur fond d\u2019un r\u00e8glement de compte li\u00e9 \u00e0 un diff\u00e9rend intervenu plus t\u00f4t dans la soir\u00e9e, avec des repr\u00e9sailles. Le Service local de police judiciaire -Slpj- est charg\u00e9 des investigations.<\/p>\n<p class=\" wall-content\">Personnalisez votre actualit\u00e9 en ajoutant vos villes et m\u00e9dias en favori avec <a href=\"https:\/\/moncompte.actu.fr\" title=\"D\u00e9couvez Mon Actu\" rel=\"nofollow noopener\" data-trk=\"{&quot;cta&quot;:{&quot;action&quot;:&quot;https:\\\/\\\/moncompte.actu.fr&quot;,&quot;category&quot;:&quot;mon compte&quot;,&quot;from&quot;:&quot;article footer&quot;,&quot;name&quot;:&quot;Mon actu&quot;,&quot;type&quot;:&quot;cta&quot;}}\" target=\"_blank\">Mon Actu<\/a>.<\/p>\n","protected":false},"excerpt":{"rendered":"Par Jean-Marc Aubert Publi\u00e9 le 2 sept. 2025 \u00e0 18h31 Deux hommes d\u2019une vingtaine d\u2019ann\u00e9es ont \u00e9t\u00e9 agress\u00e9s&hellip;\n","protected":false},"author":2,"featured_media":361186,"comment_status":"","ping_status":"","sticky":false,"template":"","format":"standard","meta":{"footnotes":""},"categories":[9599],"tags":[1111,11,1777,674,118,1011,27,303,2208,12,2680,1072,25],"class_list":{"0":"post-361185","1":"post","2":"type-post","3":"status-publish","4":"format-standard","5":"has-post-thumbnail","7":"category-montpellier","8":"tag-actu","9":"tag-actualites","10":"tag-eu","11":"tag-europe","12":"tag-faits-divers","13":"tag-fr","14":"tag-france","15":"tag-justice","16":"tag-montpellier","17":"tag-news","18":"tag-occitanie","19":"tag-police","20":"tag-republique-francaise"},"share_on_mastodon":{"url":"https:\/\/pubeurope.com\/@fr\/115135709485946227","error":""},"_links":{"self":[{"href":"https:\/\/www.europesays.com\/fr\/wp-json\/wp\/v2\/posts\/361185","targetHints":{"allow":["GET"]}}],"collection":[{"href":"https:\/\/www.europesays.com\/fr\/wp-json\/wp\/v2\/posts"}],"about":[{"href":"https:\/\/www.europesays.com\/fr\/wp-json\/wp\/v2\/types\/post"}],"author":[{"embeddable":true,"href":"https:\/\/www.europesays.com\/fr\/wp-json\/wp\/v2\/users\/2"}],"replies":[{"embeddable":true,"href":"https:\/\/www.europesays.com\/fr\/wp-json\/wp\/v2\/comments?post=361185"}],"version-history":[{"count":0,"href":"https:\/\/www.europesays.com\/fr\/wp-json\/wp\/v2\/posts\/361185\/revisions"}],"wp:featuredmedia":[{"embeddable":true,"href":"https:\/\/www.europesays.com\/fr\/wp-json\/wp\/v2\/media\/361186"}],"wp:attachment":[{"href":"https:\/\/www.europesays.com\/fr\/wp-json\/wp\/v2\/media?parent=361185"}],"wp:term":[{"taxonomy":"category","embeddable":true,"href":"https:\/\/www.europesays.com\/fr\/wp-json\/wp\/v2\/categories?post=361185"},{"taxonomy":"post_tag","embeddable":true,"href":"https:\/\/www.europesays.com\/fr\/wp-json\/wp\/v2\/tags?post=361185"}],"curies":[{"name":"wp","href":"https:\/\/api.w.org\/{rel}","templated":true}]}}