{"id":361187,"date":"2025-09-02T16:44:12","date_gmt":"2025-09-02T16:44:12","guid":{"rendered":"https:\/\/www.europesays.com\/fr\/361187\/"},"modified":"2025-09-02T16:44:12","modified_gmt":"2025-09-02T16:44:12","slug":"montpellier-apres-lexpulsion-du-bidonville-avenue-de-maurin-lassociation-area-fait-le-point","status":"publish","type":"post","link":"https:\/\/www.europesays.com\/fr\/361187\/","title":{"rendered":"Montpellier : apr\u00e8s l&rsquo;expulsion du bidonville avenue de Maurin, l&rsquo;association AREA fait le point"},"content":{"rendered":"<p>\t\t\t\t<a href=\"https:\/\/www.europesays.com\/fr\/wp-content\/uploads\/2025\/09\/maurin.jpg\" data-lightbox=\"lb\" data-title=\"Environ 90 personnes vivaient dans le bidonville situ\u00e9 avenue de Maurin, \u00e0 Montpellier. (\u201cLe Poing\u201d)\"><br \/>\n\t\t\t\t\t<img decoding=\"async\" class=\"wp-image-7214 size-full\" src=\"https:\/\/www.europesays.com\/fr\/wp-content\/uploads\/2025\/09\/maurin.jpg\"\/><br \/>\n\t\t\t\t<\/a><\/p>\n<p>Environ 90 personnes vivaient dans le bidonville situ\u00e9 avenue de Maurin, \u00e0 Montpellier. (\u201cLe Poing\u201d)<\/p>\n<p><strong>Alors que treize personnes sont toujours sans solutions de logement depuis l\u2019expulsion jeudi dernier du bidonville avenue de Maurin, l\u2019association humanitaire AREA, qui accompagne les personnes sans logement fixe, a tenu une conf\u00e9rence de presse ce mardi 2 septembre pour mettre en lumi\u00e8re le travail effectu\u00e9 dans le cadre de la politique de r\u00e9sorption des bidonvilles par la mairie, et ses limites<\/strong><\/p>\n<p>\u201cComplexit\u00e9\u201d. Tel est le mot-phare de la conf\u00e9rence de presse donn\u00e9e par Jos\u00e9 Lagorce, directeur de l\u2019association humanitaire AREA ce mardi 2 septembre apr\u00e8s l\u2019expulsion jeudi dernier du bidonville sur laquelle les travailleurs de sa structure intervenaient, avenue de Maurin. Selon la ville et la pr\u00e9fecture, le site \u00e9tait soumis \u00e0 des risques d\u2019inondation. <\/p>\n<p>Si la structure note une \u00e9volution positive du traitement des bidonvilles depuis les <a href=\"https:\/\/lepoing.net\/hugues-moutouh-prefet-de-lherault-demantele-un-troisieme-bidonville-a-montpellier\/\" target=\"_blank\" rel=\"noreferrer noopener nofollow\">expulsions men\u00e9es par l\u2019ancien pr\u00e9fet Hugues Moutouh, (surnomm\u00e9 \u201cle bulldozer\u201d<\/a>) via la signature d\u2019une convention tripartite entre l\u2019\u00c9tat, la Ville de Montpellier et la Fondation pour le Logement des D\u00e9favoris\u00e9s le 5 mai dernier, des freins persistent. Premier facteur de \u201ccomplexit\u00e9\u201d, le syst\u00e8me de \u201cliste\u201d de recensement avec date butoir des occupants des bidonvilles (en l\u2019occurrence, le 28 f\u00e9vrier dernier pour le bidonville de l\u2019avenue de Maurin). Pass\u00e9 cette date, les personnes arriv\u00e9es apr\u00e8s le recensement n\u2019auront pas forc\u00e9ment de relogement au moment de l\u2019expulsion. \u201cCette liste est faite pour \u00e9viter les effets d\u2019appel d\u2019air avec un afflux de familles qui viendraient demander de l\u2019aide apr\u00e8s l\u2019expulsion\u201d, explique Jos\u00e9 Legorce. \u201cMais dans les faits, c\u2019est une illusion, il n\u2019y a pas de profiteurs. Le fait d\u2019imposer une date butoir, c\u2019est compliqu\u00e9 pour les personnes en situation de grande pr\u00e9carit\u00e9, qui ne sont pas pr\u00e9sentes tout le temps sur le bidonville.\u201d <\/p>\n<p>Micha\u00ebl Delafosse, maire de Montpellier, et Fran\u00e7ois-Xavier Lauch, pr\u00e9fet de l\u2019H\u00e9rault, ont affirm\u00e9 lors d\u2019une conf\u00e9rence de presse (\u00e0 laquelle Le Poing n\u2019a pas \u00e9t\u00e9 convi\u00e9) ce mardi 2 septembre que les 91 personnes recens\u00e9es en f\u00e9vrier dernier sur le bidonville de l\u2019avenue de Maurin se sont vu proposer une solution de logement transitoire, <a href=\"https:\/\/www.midilibre.fr\/2025\/09\/02\/un-logement-transitoire-pour-les-91-habitants-du-bidonville-apres-lexpulsion-prefet-et-maire-justifient-leur-action-a-montpellier-12905925.php\" target=\"_blank\" rel=\"noreferrer noopener nofollow\">selon Midi Libre<\/a>. De son c\u00f4t\u00e9, l\u2019association AREA souligne que les treize personnes qui se trouvaient sur le bidonville au moment de l\u2019expulsion jeudi dernier dorment dehors depuis cette date. <\/p>\n<p>Toujours au niveau des chiffres, si la pr\u00e9fecture affirme que les 36 enfants du bidonville ont pu faire leur rentr\u00e9e scolaire, l\u2019association \u00e9voque seulement quatre enfants sur vingt dont elle s\u2019occupe via un dispositif de m\u00e9diation scolaire qui ont pu rejoindre les bancs de l\u2019\u00e9cole hier. \u201cDes chiffres, on peut en donner plein\u201d, tranche Jos\u00e9 Lagorce. Preuve une nouvelle fois de la \u201ccomplexit\u00e9 de la grande pr\u00e9carit\u00e9 que subissent ces gens\u201d. <\/p>\n<p>\u201cUne inadaptation des logements\u201d <\/p>\n<p>\u201cOn a des gens qui \u00e9taient avenue de Maurin qui ont d\u00e9j\u00e0 connu d\u2019autres expulsions de bidonvilles\u201d, pr\u00e9cise Jos\u00e9 Lagorce, qui souligne le manque de solution d\u2019h\u00e9bergements d\u2019urgence (notamment via le 115), la restriction des budgets allou\u00e9s au secteur social, et surtout, \u201cl\u2019inadaptation des offres avec la complexit\u00e9 de la situation des personnes\u201d. \u201cParfois, nous avons des personnes avec des probl\u00e9matiques psychiatriques pour qui l\u2019h\u00e9bergement collectif ou semi-collectif n\u2019est pas adapt\u00e9\u201d, cite-il \u00e0 titre d\u2019exemple. \u201cSans compter que pour beaucoup, le bidonville est aussi un lieu de travail de la ferraille ou de recyclage, et les solutions propos\u00e9es n\u2019ont pas forc\u00e9ment ce type d\u2019espace de travail.\u201d <\/p>\n<p>A ce sujet, une discussion serait actuellement en cours avec la mairie pour la cr\u00e9ation d\u2019un terrain dit \u201cde travail\u201d. \u201cAu-del\u00e0 du lieu, il faut qu\u2019il y ait l\u2019eau, l\u2019\u00e9lectricit\u00e9, de quoi jeter les d\u00e9chets, cela n\u00e9cessite des am\u00e9nagements, et que tous ceux qui y travaillent soit d\u00e9clar\u00e9s \u00e0 l\u2019URSSAF\u201d, pr\u00e9cise Jos\u00e9 Lagorce. Environ 400 personnes vivent toujours dans des bidonvilles \u00e0 Montpellier. <\/p>\n<p>Nos articles sont gratuits car nous pensons que la presse ind\u00e9pendante doit \u00eatre accessible \u00e0 toutes et tous. Pourtant, produire une information engag\u00e9e et de qualit\u00e9 n\u00e9cessite du temps et de l\u2019argent, surtout quand on refuse d\u2019\u00eatre aux ordres de Bollor\u00e9 et de ses amis\u2026 Pourvu que \u00e7a dure\u00a0! \u00c7a tombe bien, \u00e7a ne tient qu\u2019\u00e0 vous :<\/p>\n","protected":false},"excerpt":{"rendered":"Environ 90 personnes vivaient dans le bidonville situ\u00e9 avenue de Maurin, \u00e0 Montpellier. (\u201cLe Poing\u201d) Alors que treize&hellip;\n","protected":false},"author":2,"featured_media":361188,"comment_status":"","ping_status":"","sticky":false,"template":"","format":"standard","meta":{"footnotes":""},"categories":[9599],"tags":[1111,11,1777,674,1011,27,2208,12,2680,25],"class_list":{"0":"post-361187","1":"post","2":"type-post","3":"status-publish","4":"format-standard","5":"has-post-thumbnail","7":"category-montpellier","8":"tag-actu","9":"tag-actualites","10":"tag-eu","11":"tag-europe","12":"tag-fr","13":"tag-france","14":"tag-montpellier","15":"tag-news","16":"tag-occitanie","17":"tag-republique-francaise"},"share_on_mastodon":{"url":"https:\/\/pubeurope.com\/@fr\/115135713633493305","error":""},"_links":{"self":[{"href":"https:\/\/www.europesays.com\/fr\/wp-json\/wp\/v2\/posts\/361187","targetHints":{"allow":["GET"]}}],"collection":[{"href":"https:\/\/www.europesays.com\/fr\/wp-json\/wp\/v2\/posts"}],"about":[{"href":"https:\/\/www.europesays.com\/fr\/wp-json\/wp\/v2\/types\/post"}],"author":[{"embeddable":true,"href":"https:\/\/www.europesays.com\/fr\/wp-json\/wp\/v2\/users\/2"}],"replies":[{"embeddable":true,"href":"https:\/\/www.europesays.com\/fr\/wp-json\/wp\/v2\/comments?post=361187"}],"version-history":[{"count":0,"href":"https:\/\/www.europesays.com\/fr\/wp-json\/wp\/v2\/posts\/361187\/revisions"}],"wp:featuredmedia":[{"embeddable":true,"href":"https:\/\/www.europesays.com\/fr\/wp-json\/wp\/v2\/media\/361188"}],"wp:attachment":[{"href":"https:\/\/www.europesays.com\/fr\/wp-json\/wp\/v2\/media?parent=361187"}],"wp:term":[{"taxonomy":"category","embeddable":true,"href":"https:\/\/www.europesays.com\/fr\/wp-json\/wp\/v2\/categories?post=361187"},{"taxonomy":"post_tag","embeddable":true,"href":"https:\/\/www.europesays.com\/fr\/wp-json\/wp\/v2\/tags?post=361187"}],"curies":[{"name":"wp","href":"https:\/\/api.w.org\/{rel}","templated":true}]}}