{"id":361193,"date":"2025-09-02T16:48:12","date_gmt":"2025-09-02T16:48:12","guid":{"rendered":"https:\/\/www.europesays.com\/fr\/361193\/"},"modified":"2025-09-02T16:48:12","modified_gmt":"2025-09-02T16:48:12","slug":"beaucoup-acceptent-de-vivre-dans-des-logements-insalubres-la-galere-des-etudiants-pour-trouver-un-appartement-a-grenoble","status":"publish","type":"post","link":"https:\/\/www.europesays.com\/fr\/361193\/","title":{"rendered":"\u00ab\u00a0Beaucoup acceptent de vivre dans des logements insalubres\u00a0\u00bb, la gal\u00e8re des \u00e9tudiants pour trouver un appartement \u00e0 Grenoble"},"content":{"rendered":"<p class=\"article__intro\">Certains \u00e9tudiants ont d\u00e9j\u00e0 fait leur rentr\u00e9e, pour d\u2019autres, elle ne sera que la semaine prochaine, mais tous n\u2019ont pas encore trouv\u00e9 de logement. Un probl\u00e8me r\u00e9current pour les quelque 65 000 \u00e9tudiants de la m\u00e9tropole grenobloise.<\/p>\n<p>\n      La Quotidienne Soci\u00e9t\u00e9\n    <\/p>\n<p>\n      De la vie quotidienne aux grands enjeux, recevez tous les jours les sujets qui font la soci\u00e9t\u00e9 locale, comme la justice, l\u2019\u00e9ducation, la sant\u00e9 et la famille.\n    <\/p>\n<p>    France T\u00e9l\u00e9visions utilise votre adresse e-mail afin de vous envoyer la newsletter \u00ab\u00a0La Quotidienne Soci\u00e9t\u00e9\u00a0\u00bb. Vous pouvez vous d\u00e9sinscrire \u00e0 tout moment via le lien en bas de cette newsletter. <a target=\"_blank\" href=\"https:\/\/www.francetelevisions.fr\/groupe\/confidentialite\/politique-de-confidentialite\/politique-de-confidentialite-de-france-televisions-6503\" rel=\"nofollow noopener\">Notre politique de confidentialit\u00e9<\/a><\/p>\n<p>\u00ab\u00a0Chaque ann\u00e9e, au moment de la rentr\u00e9e, on a des dizaines et des dizaines d\u2019\u00e9tudiants qui viennent nous voir parce qu\u2019ils sont sans logement\u00a0\u00bb, d\u00e9plore Malo Warin, le secr\u00e9taire de la coordination \u00e9tudiante \u00e0 Grenoble.<\/p>\n<p>La m\u00e9tropole accueille pr\u00e8s de 65\u00a0000 \u00e9tudiants, mais pour beaucoup, se loger rel\u00e8ve d\u2019un v\u00e9ritable parcours du combattant. Une situation qui ne date pas d\u2019hier : chaque ann\u00e9e, la tension locative ne cesse de s\u2019accentuer.<\/p>\n<p>\u00ab\u00a0Hier, on a crois\u00e9, sur le campus, trois ou quatre \u00e9tudiants qui n\u2019avaient pas de solution de logement pour ce soir, donc on doit s\u2019en occuper pour leur trouver quelque chose au plus vite,\u00a0\u00bb ajoute le jeune homme.<\/p>\n<p>Selon lui, environ 200 \u00e9tudiants dans la m\u00e9tropole sont en p\u00e9nurie de logements chaque ann\u00e9e.\u00a0<\/p>\n<p>    dur\u00e9e de la vid\u00e9o : 00h01mn46s<\/p>\n<p>        <img decoding=\"async\" width=\"640\" height=\"426\" class=\"article-image not-lazy\" src=\"https:\/\/france3-regions.franceinfo.fr\/assets\/img\/logos\/fallbackFr3_16_9.webp\" alt=\"\" fetchpriority=\"high\"\/><\/p>\n<p>              Voir la video\u00a0(1 minutes 46 secondes).\u00a0<br \/>\n                  1 min 46 s<\/p>\n<p>\n          La course au logement \u00e9tudiant \u00e0 Grenoble<\/p>\n<p>        \u2022<\/p>\n<p>              \u00a9France T\u00e9l\u00e9visions \/ Camille Audiger et Yves-Marie Glo\n      <\/p>\n<p>Yassine et Arthur sont deux \u00e9tudiants toujours \u00e0 la recherche d\u2019un logement pour la rentr\u00e9e. Depuis la fin du mois de juin, ils encha\u00eenent les visites, sans succ\u00e8s.\u00a0<\/p>\n<p>\u00ab\u00a0On a fait une dizaine de visites et \u00e0 chacune, c&rsquo;est un refus pour absolument aucune raison, on n\u2019arrive pas \u00e0 comprendre pourquoi parce que mon dossier est plut\u00f4t solide, j\u2019ai un garant qui gagne suffisamment,\u00a0\u00bb explique Yassine.<\/p>\n<p>Pour son camarade, c&rsquo;est le m\u00eame constat.<\/p>\n<blockquote class=\"ftvi_content_quote\">\n<p class=\"ftvi_citation_quote\">Je n\u2019ai jamais eu autant de probl\u00e8mes pour trouver un logement. \u00c7a fait presque trois mois que l\u2019on est dessus.<\/p>\n<\/blockquote>\n<p>Claire Ortoland est charg\u00e9e de location pour l&rsquo;agence Valoris et, selon elle, plusieurs raisons expliquent cette tension :<\/p>\n<p>\u00ab\u00a0C&rsquo;est soit parce que le budget de ces \u00e9tudiants ne va pas \u00eatre adapt\u00e9 par rapport \u00e0 la r\u00e9alit\u00e9 de Grenoble, soit parce que parfois, ils pr\u00e9f\u00e8rent attendre jusqu\u2019au dernier moment pour ne pas r\u00e9server des logements trop t\u00f4t et du coup, quand ils arrivent, ils se retrouvent sans rien.\u00a0\u00bb<\/p>\n<p>Parmi les logements encore sur le march\u00e9, certains sont dans des \u00e9tats d\u00e9plorables, \u00ab\u00a0beaucoup d\u2019\u00e9tudiants acceptent de vivre dans des logements insalubres, car il vaut mieux \u00e7a que de vivre dehors\u00a0\u00bb, nous dit Malo Warin de la coordination \u00e9tudiante.<\/p>\n<p>Des conditions de vie difficiles \u00e0 supporter pour les \u00e9tudiants. Ka\u00efna a v\u00e9cu plusieurs mois dans une chambre de 9\u00a0m\u00b2 dans une r\u00e9sidence avec cuisines partag\u00e9es : \u00ab\u00a0Il y avait des probl\u00e8mes d\u2019insalubrit\u00e9, dans les cuisines communes, il y avait beaucoup d\u2019odeurs, c\u2019\u00e9tait sale, j\u2019ai eu des fuites d\u2019eau et j\u2019avais une difficult\u00e9 \u00e0 garder mon appartement propre\u00a0\u00bb, t\u00e9moigne la jeune fille, qui a quitt\u00e9 son logement depuis.<\/p>\n<p>Le CROUS de Grenoble, principal pourvoyeur de logement \u00e9tudiant, assure de son c\u00f4t\u00e9 que la situation n\u2019a \u00ab\u00a0rien d&rsquo;anormal\u00a0\u00bb. Le centre affiche d\u00e9j\u00e0 complet malgr\u00e9 la cr\u00e9ation de nouveaux appartements dans la ville. \u00a0\u00a0<\/p>\n","protected":false},"excerpt":{"rendered":"Certains \u00e9tudiants ont d\u00e9j\u00e0 fait leur rentr\u00e9e, pour d\u2019autres, elle ne sera que la semaine prochaine, mais tous&hellip;\n","protected":false},"author":2,"featured_media":361194,"comment_status":"","ping_status":"","sticky":false,"template":"","format":"standard","meta":{"footnotes":""},"categories":[9566],"tags":[1111,11,2430,1777,674,1011,27,2731,12,25],"class_list":{"0":"post-361193","1":"post","2":"type-post","3":"status-publish","4":"format-standard","5":"has-post-thumbnail","7":"category-grenoble","8":"tag-actu","9":"tag-actualites","10":"tag-auvergne-rhone-alpes","11":"tag-eu","12":"tag-europe","13":"tag-fr","14":"tag-france","15":"tag-grenoble","16":"tag-news","17":"tag-republique-francaise"},"share_on_mastodon":{"url":"https:\/\/pubeurope.com\/@fr\/115135729814466649","error":""},"_links":{"self":[{"href":"https:\/\/www.europesays.com\/fr\/wp-json\/wp\/v2\/posts\/361193","targetHints":{"allow":["GET"]}}],"collection":[{"href":"https:\/\/www.europesays.com\/fr\/wp-json\/wp\/v2\/posts"}],"about":[{"href":"https:\/\/www.europesays.com\/fr\/wp-json\/wp\/v2\/types\/post"}],"author":[{"embeddable":true,"href":"https:\/\/www.europesays.com\/fr\/wp-json\/wp\/v2\/users\/2"}],"replies":[{"embeddable":true,"href":"https:\/\/www.europesays.com\/fr\/wp-json\/wp\/v2\/comments?post=361193"}],"version-history":[{"count":0,"href":"https:\/\/www.europesays.com\/fr\/wp-json\/wp\/v2\/posts\/361193\/revisions"}],"wp:featuredmedia":[{"embeddable":true,"href":"https:\/\/www.europesays.com\/fr\/wp-json\/wp\/v2\/media\/361194"}],"wp:attachment":[{"href":"https:\/\/www.europesays.com\/fr\/wp-json\/wp\/v2\/media?parent=361193"}],"wp:term":[{"taxonomy":"category","embeddable":true,"href":"https:\/\/www.europesays.com\/fr\/wp-json\/wp\/v2\/categories?post=361193"},{"taxonomy":"post_tag","embeddable":true,"href":"https:\/\/www.europesays.com\/fr\/wp-json\/wp\/v2\/tags?post=361193"}],"curies":[{"name":"wp","href":"https:\/\/api.w.org\/{rel}","templated":true}]}}