{"id":361195,"date":"2025-09-02T16:49:16","date_gmt":"2025-09-02T16:49:16","guid":{"rendered":"https:\/\/www.europesays.com\/fr\/361195\/"},"modified":"2025-09-02T16:49:16","modified_gmt":"2025-09-02T16:49:16","slug":"ils-ont-peint-des-sas-velos-pour-mieux-les-faire-respecter","status":"publish","type":"post","link":"https:\/\/www.europesays.com\/fr\/361195\/","title":{"rendered":"ils ont peint des sas v\u00e9los (pour mieux les faire respecter?)"},"content":{"rendered":"<p>Cet \u00e9t\u00e9, Rennes a d\u00e9cid\u00e9 de remettre un peu de couleur dans ses sas v\u00e9lo. Trente-deux d\u2019entre eux ont \u00e9t\u00e9 repeints, pas par les services techniques, mais par un artiste. Le projet, issu du budget participatif, a \u00e9t\u00e9 confi\u00e9 \u00e0 Florian Schneider, qui a transform\u00e9 ces marquages souvent ignor\u00e9s en visuels graphiques et color\u00e9s. Du street art au service des cyclistes&#8230; et des automobilistes.<\/p>\n<p>\u00c0 Rennes, les sas v\u00e9lo prennent des couleurs pour se faire respecter<\/p>\n<p><a href=\"https:\/\/www.europesays.com\/fr\/wp-content\/uploads\/2025\/09\/florianschneider-sas-rennes-6.webp.webp\"><img loading=\"lazy\" decoding=\"async\" width=\"850\" height=\"1512\" src=\"data:image\/gif;base64,R0lGODlhAQABAIAAAAAAAP\/\/\/yH5BAEAAAAALAAAAAABAAEAAAIBRAA7\" data-lazy-type=\"image\" data-lazy-src=\"https:\/\/www.europesays.com\/fr\/wp-content\/uploads\/2025\/09\/florianschneider-sas-rennes-6.webp.webp\" alt=\"\" class=\"lazy lazy-hidden wp-image-68704\" data-lazy- data-lazy-\/><\/a><\/p>\n<p>C\u2019est une proposition des habitants qui est \u00e0 l\u2019origine de ce projet. Un v\u0153u simple, vot\u00e9 dans le cadre du budget participatif : rendre les sas v\u00e9lo plus visibles. Un appel d\u2019offres remport\u00e9 par Florian Schneider, artiste marseillais habitu\u00e9 des projets urbains. Objectif : faire en sorte que les automobilistes, les motards et autres usagers 2RM, comprennent que ces espaces au sol ne sont pas l\u00e0 pour faire joli.<\/p>\n<p>Un mot, des couleurs, un message<\/p>\n<p><a href=\"https:\/\/weelz.ouest-france.fr\/wp-content\/uploads\/2025\/09\/florianschneider-sas-rennes-11-scaled.webp\" target=\"_blank\" rel=\"noopener\"><img loading=\"lazy\" decoding=\"async\" width=\"1152\" height=\"2048\" data-id=\"68701\" src=\"data:image\/gif;base64,R0lGODlhAQABAIAAAAAAAP\/\/\/yH5BAEAAAAALAAAAAABAAEAAAIBRAA7\" data-lazy-type=\"image\" data-lazy-src=\"https:\/\/www.europesays.com\/fr\/wp-content\/uploads\/2025\/09\/florianschneider-sas-rennes-11-1152x2048.webp.webp\" alt=\"\" class=\"lazy lazy-hidden wp-image-68701\" data-lazy- data-lazy-\/><\/a><br \/>\n<a href=\"https:\/\/www.europesays.com\/fr\/wp-content\/uploads\/2025\/09\/florianschneider-sas-rennes-2.webp.webp\"><img loading=\"lazy\" decoding=\"async\" width=\"850\" height=\"1512\" data-id=\"68702\" src=\"data:image\/gif;base64,R0lGODlhAQABAIAAAAAAAP\/\/\/yH5BAEAAAAALAAAAAABAAEAAAIBRAA7\" data-lazy-type=\"image\" data-lazy-src=\"https:\/\/www.europesays.com\/fr\/wp-content\/uploads\/2025\/09\/florianschneider-sas-rennes-2.webp.webp\" alt=\"\" class=\"lazy lazy-hidden wp-image-68702\" data-lazy- data-lazy-\/><\/a><br \/>\n<a href=\"https:\/\/weelz.ouest-france.fr\/wp-content\/uploads\/2025\/09\/florianschneider-sas-rennes-7-scaled.webp\" target=\"_blank\" rel=\"noopener\"><img loading=\"lazy\" decoding=\"async\" width=\"1152\" height=\"2048\" data-id=\"68699\" src=\"data:image\/gif;base64,R0lGODlhAQABAIAAAAAAAP\/\/\/yH5BAEAAAAALAAAAAABAAEAAAIBRAA7\" data-lazy-type=\"image\" data-lazy-src=\"https:\/\/www.europesays.com\/fr\/wp-content\/uploads\/2025\/09\/florianschneider-sas-rennes-7-1152x2048.webp.webp\" alt=\"\" class=\"lazy lazy-hidden wp-image-68699\" data-lazy- data-lazy-\/><\/a><br \/>\n<a href=\"https:\/\/www.europesays.com\/fr\/wp-content\/uploads\/2025\/09\/florianschneider-sas-rennes-10.webp.webp\"><img loading=\"lazy\" decoding=\"async\" width=\"850\" height=\"1510\" data-id=\"68700\" src=\"data:image\/gif;base64,R0lGODlhAQABAIAAAAAAAP\/\/\/yH5BAEAAAAALAAAAAABAAEAAAIBRAA7\" data-lazy-type=\"image\" data-lazy-src=\"https:\/\/www.europesays.com\/fr\/wp-content\/uploads\/2025\/09\/florianschneider-sas-rennes-10.webp.webp\" alt=\"\" class=\"lazy lazy-hidden wp-image-68700\" data-lazy- data-lazy-\/><\/a><\/p>\n<p>Les marquages sont simples. Un mot par sas : \u201cZen\u201d, \u201cMollo\u201d, \u201cRespire\u201d, \u201cCoucou\u201d. Des messages courts, lisibles, avec un brin d\u2019ironie. Juste en dessous, un rappel clair : \u201cCe sas est r\u00e9serv\u00e9 aux cyclistes\u201d. On est loin de l\u2019esth\u00e9tique habituelle des marquages au sol. Le code couleur joue la carte pop.<\/p>\n<p>700 litres de peinture au sol, 680 m\u00b2 recouverts<\/p>\n<p><a href=\"https:\/\/www.europesays.com\/fr\/wp-content\/uploads\/2025\/09\/florianschneider-sas-rennes-1-scaled.webp.webp\"><img loading=\"lazy\" decoding=\"async\" width=\"1152\" height=\"2048\" src=\"data:image\/gif;base64,R0lGODlhAQABAIAAAAAAAP\/\/\/yH5BAEAAAAALAAAAAABAAEAAAIBRAA7\" data-lazy-type=\"image\" data-lazy-src=\"https:\/\/www.europesays.com\/fr\/wp-content\/uploads\/2025\/09\/florianschneider-sas-rennes-1-scaled.webp.webp\" alt=\"\" class=\"lazy lazy-hidden wp-image-68698\" data-lazy- data-lazy-\/><\/a><\/p>\n<p>Les travaux ont \u00e9t\u00e9 r\u00e9alis\u00e9s en ao\u00fbt, histoire de profiter d\u2019un trafic r\u00e9duit. Florian n&rsquo;\u00e9tait pas tout seul. Quatre autres artistes ont \u00e9t\u00e9 mobilis\u00e9s : <a href=\"https:\/\/www.instagram.com\/olliviercecile\" target=\"_blank\" rel=\"noopener\">@olliviercecile<\/a>, <a href=\"https:\/\/www.instagram.com\/nitramjoke\/?hl=fr\" target=\"_blank\" rel=\"noopener\">@nitramjoke<\/a>, <a href=\"https:\/\/www.instagram.com\/coco_piat\/?hl=fr\" target=\"_blank\" rel=\"noopener\">@coco_piat<\/a> et <a href=\"https:\/\/www.instagram.com\/softariel\/?hl=fr\" target=\"_blank\" rel=\"noopener\">@softariel<\/a>.<\/p>\n<p>Quinze jours de chantier, 700 litres de peinture au sol, 680 m\u00b2 recouverts. La peinture est celle utilis\u00e9e pour les routes, renforc\u00e9e \u00e0 la silice pour \u00e9viter les glissades. Le tout a \u00e9t\u00e9 coordonn\u00e9 avec les services techniques de la ville.<\/p>\n<p>\u00c0 propos de l&rsquo;artiste<\/p>\n<p><a href=\"https:\/\/www.europesays.com\/fr\/wp-content\/uploads\/2025\/09\/1fa0ead6-0135-4f1f-a212-a24bd4fe87a4-rw-1920.webp.webp\"><img loading=\"lazy\" decoding=\"async\" width=\"1920\" height=\"1330\" src=\"data:image\/gif;base64,R0lGODlhAQABAIAAAAAAAP\/\/\/yH5BAEAAAAALAAAAAABAAEAAAIBRAA7\" data-lazy-type=\"image\" data-lazy-src=\"https:\/\/www.europesays.com\/fr\/wp-content\/uploads\/2025\/09\/1fa0ead6-0135-4f1f-a212-a24bd4fe87a4-rw-1920.webp.webp\" alt=\"Florian Schneider, graphiste et artiste issu du graffiti\" class=\"lazy lazy-hidden wp-image-68696\" data-lazy- data-lazy-\/><\/a><\/p>\n<p>Florian Schneider, graphiste et artiste issu du graffiti, travaille surtout dans les domaines culturels ou \u00e9v\u00e9nementiels. Ce projet de sas v\u00e9lo est une premi\u00e8re pour lui, mais s\u2019inscrit dans une d\u00e9marche qu\u2019il conna\u00eet : utiliser l\u2019espace public pour faire passer des messages visuels forts. <\/p>\n<p><strong>Vous avez aim\u00e9 cet article ?<\/strong> N&rsquo;h\u00e9sitez-pas \u00e0 <a href=\"https:\/\/weelz.ouest-france.fr\/newsletter-velo\/\" target=\"_blank\" rel=\"noopener\">vous abonner \u00e0 notre newsletter<\/a>. Vous pouvez aussi nous ajouter en favoris directement dans <a href=\"https:\/\/news.google.com\/publications\/CAAqBwgKMJ3Eugswqt_RAw?hl=fr&amp;gl=FR&amp;ceid=FR%3Afr\" rel=\"external noopener\" target=\"_blank\">Google News<\/a> ou encore nous suivre via <a href=\"https:\/\/bit.ly\/weelz-whatsapp\" target=\"_blank\" rel=\"noopener\">notre chaine WhatsApp<\/a>. Une question, une remarque ? <a href=\"https:\/\/weelz.ouest-france.fr\/contacter-weelz\/\" target=\"_blank\" rel=\"noopener\">Contactez-nous<\/a>.<\/p>\n<p><script async src=\"\/\/www.instagram.com\/embed.js\"><\/script><\/p>\n","protected":false},"excerpt":{"rendered":"Cet \u00e9t\u00e9, Rennes a d\u00e9cid\u00e9 de remettre un peu de couleur dans ses sas v\u00e9lo. Trente-deux d\u2019entre eux&hellip;\n","protected":false},"author":2,"featured_media":361196,"comment_status":"","ping_status":"","sticky":false,"template":"","format":"standard","meta":{"footnotes":""},"categories":[2821],"tags":[1111,11,829,1777,674,1011,27,12,4630,584,25,7189],"class_list":{"0":"post-361195","1":"post","2":"type-post","3":"status-publish","4":"format-standard","5":"has-post-thumbnail","7":"category-rennes","8":"tag-actu","9":"tag-actualites","10":"tag-bretagne","11":"tag-eu","12":"tag-europe","13":"tag-fr","14":"tag-france","15":"tag-news","16":"tag-politique-cyclable","17":"tag-rennes","18":"tag-republique-francaise","19":"tag-street-art"},"share_on_mastodon":{"url":"https:\/\/pubeurope.com\/@fr\/115135733039312945","error":""},"_links":{"self":[{"href":"https:\/\/www.europesays.com\/fr\/wp-json\/wp\/v2\/posts\/361195","targetHints":{"allow":["GET"]}}],"collection":[{"href":"https:\/\/www.europesays.com\/fr\/wp-json\/wp\/v2\/posts"}],"about":[{"href":"https:\/\/www.europesays.com\/fr\/wp-json\/wp\/v2\/types\/post"}],"author":[{"embeddable":true,"href":"https:\/\/www.europesays.com\/fr\/wp-json\/wp\/v2\/users\/2"}],"replies":[{"embeddable":true,"href":"https:\/\/www.europesays.com\/fr\/wp-json\/wp\/v2\/comments?post=361195"}],"version-history":[{"count":0,"href":"https:\/\/www.europesays.com\/fr\/wp-json\/wp\/v2\/posts\/361195\/revisions"}],"wp:featuredmedia":[{"embeddable":true,"href":"https:\/\/www.europesays.com\/fr\/wp-json\/wp\/v2\/media\/361196"}],"wp:attachment":[{"href":"https:\/\/www.europesays.com\/fr\/wp-json\/wp\/v2\/media?parent=361195"}],"wp:term":[{"taxonomy":"category","embeddable":true,"href":"https:\/\/www.europesays.com\/fr\/wp-json\/wp\/v2\/categories?post=361195"},{"taxonomy":"post_tag","embeddable":true,"href":"https:\/\/www.europesays.com\/fr\/wp-json\/wp\/v2\/tags?post=361195"}],"curies":[{"name":"wp","href":"https:\/\/api.w.org\/{rel}","templated":true}]}}