{"id":361197,"date":"2025-09-02T16:50:16","date_gmt":"2025-09-02T16:50:16","guid":{"rendered":"https:\/\/www.europesays.com\/fr\/361197\/"},"modified":"2025-09-02T16:50:16","modified_gmt":"2025-09-02T16:50:16","slug":"50-tonnes-de-foin-brulees","status":"publish","type":"post","link":"https:\/\/www.europesays.com\/fr\/361197\/","title":{"rendered":"50 tonnes de foin br\u00fbl\u00e9es"},"content":{"rendered":"<p>            Par<br \/>\n        <strong><br \/>\n            <a href=\"https:\/\/actu.fr\/auteur\/remi-charrondiere\" title=\"Consulter tous les articles de R\u00e9mi Charrondi\u00e8re\" rel=\"nofollow noopener\" target=\"_blank\">R\u00e9mi Charrondi\u00e8re<\/a><br \/>\n        <\/strong><\/p>\n<p>        Publi\u00e9 le<\/p>\n<p>            2 sept. 2025 \u00e0 18h16        <\/p>\n<p>Il \u00e9tait <b>14\u2009h\u200951<\/b>, ce mardi 2\u00a0septembre, quand les <b>sapeurs pompiers<\/b> ont \u00e9t\u00e9 appel\u00e9s \u00e0 <a href=\"https:\/\/actu.fr\/bretagne\/chasne-sur-illet_35067\" rel=\"nofollow noopener\" target=\"_blank\">Chasn\u00e9-sur-Illet<\/a>, commune situ\u00e9e entre <a href=\"https:\/\/actu.fr\/bretagne\/fougeres_35115\/\" rel=\"nofollow noopener\" target=\"_blank\">Foug\u00e8res<\/a> et <b>Rennes <\/b>(Ille-et-Vilaine).<\/p>\n<p class=\" wall-content\">Un <b>b\u00e2timent agricole<\/b> de 1\u2009500\u00a0m2, rempli de <b>foin<\/b>, \u00e9tait en proie aux <b>flammes<\/b>.<\/p>\n<p>800 m2 impact\u00e9s<\/p>\n<p class=\" wall-content\"><b>23 soldats du feu<\/b> ont donc \u00e9t\u00e9 d\u00e9ploy\u00e9s sur place et ont permis d\u2019\u00e9viter la <b>propagation<\/b>. En cette fin d\u2019apr\u00e8s-midi, le feu est <b>ma\u00eetris\u00e9 <\/b>mais toujours <b>en cours.<\/b><\/p>\n<p class=\" wall-content\"><b>50\u00a0tonnes<\/b> de fourrage ont \u00e9t\u00e9 br\u00fbl\u00e9es et <b>800\u00a0m2<\/b> ont \u00e9t\u00e9 impact\u00e9s. Heureusement, aucun <b>bless\u00e9 <\/b>n\u2019est \u00e0 d\u00e9plorer.<\/p>\n<p class=\" wall-content\">Personnalisez votre actualit\u00e9 en ajoutant vos villes et m\u00e9dias en favori avec <a href=\"https:\/\/moncompte.actu.fr\" title=\"D\u00e9couvez Mon Actu\" rel=\"nofollow noopener\" data-trk=\"{&quot;cta&quot;:{&quot;action&quot;:&quot;https:\\\/\\\/moncompte.actu.fr&quot;,&quot;category&quot;:&quot;mon compte&quot;,&quot;from&quot;:&quot;article footer&quot;,&quot;name&quot;:&quot;Mon actu&quot;,&quot;type&quot;:&quot;cta&quot;}}\" target=\"_blank\">Mon Actu<\/a>.<\/p>\n","protected":false},"excerpt":{"rendered":"Par R\u00e9mi Charrondi\u00e8re Publi\u00e9 le 2 sept. 2025 \u00e0 18h16 Il \u00e9tait 14\u2009h\u200951, ce mardi 2\u00a0septembre, quand les&hellip;\n","protected":false},"author":2,"featured_media":361198,"comment_status":"","ping_status":"","sticky":false,"template":"","format":"standard","meta":{"footnotes":""},"categories":[2821],"tags":[1111,11,829,1777,674,118,1011,27,1310,12,1311,584,25],"class_list":{"0":"post-361197","1":"post","2":"type-post","3":"status-publish","4":"format-standard","5":"has-post-thumbnail","7":"category-rennes","8":"tag-actu","9":"tag-actualites","10":"tag-bretagne","11":"tag-eu","12":"tag-europe","13":"tag-faits-divers","14":"tag-fr","15":"tag-france","16":"tag-incendie","17":"tag-news","18":"tag-pompiers","19":"tag-rennes","20":"tag-republique-francaise"},"share_on_mastodon":{"url":"https:\/\/pubeurope.com\/@fr\/115135736947766109","error":""},"_links":{"self":[{"href":"https:\/\/www.europesays.com\/fr\/wp-json\/wp\/v2\/posts\/361197","targetHints":{"allow":["GET"]}}],"collection":[{"href":"https:\/\/www.europesays.com\/fr\/wp-json\/wp\/v2\/posts"}],"about":[{"href":"https:\/\/www.europesays.com\/fr\/wp-json\/wp\/v2\/types\/post"}],"author":[{"embeddable":true,"href":"https:\/\/www.europesays.com\/fr\/wp-json\/wp\/v2\/users\/2"}],"replies":[{"embeddable":true,"href":"https:\/\/www.europesays.com\/fr\/wp-json\/wp\/v2\/comments?post=361197"}],"version-history":[{"count":0,"href":"https:\/\/www.europesays.com\/fr\/wp-json\/wp\/v2\/posts\/361197\/revisions"}],"wp:featuredmedia":[{"embeddable":true,"href":"https:\/\/www.europesays.com\/fr\/wp-json\/wp\/v2\/media\/361198"}],"wp:attachment":[{"href":"https:\/\/www.europesays.com\/fr\/wp-json\/wp\/v2\/media?parent=361197"}],"wp:term":[{"taxonomy":"category","embeddable":true,"href":"https:\/\/www.europesays.com\/fr\/wp-json\/wp\/v2\/categories?post=361197"},{"taxonomy":"post_tag","embeddable":true,"href":"https:\/\/www.europesays.com\/fr\/wp-json\/wp\/v2\/tags?post=361197"}],"curies":[{"name":"wp","href":"https:\/\/api.w.org\/{rel}","templated":true}]}}