{"id":361199,"date":"2025-09-02T16:51:12","date_gmt":"2025-09-02T16:51:12","guid":{"rendered":"https:\/\/www.europesays.com\/fr\/361199\/"},"modified":"2025-09-02T16:51:12","modified_gmt":"2025-09-02T16:51:12","slug":"pole-sud-ouverture-de-saison-ces-10-et-11-septembre","status":"publish","type":"post","link":"https:\/\/www.europesays.com\/fr\/361199\/","title":{"rendered":"P\u00f4le-Sud, ouverture de saison ces 10 et 11\u00a0septembre"},"content":{"rendered":"<p>  Mouvemenst hypnotiques<\/p>\n<p>Marco da Silva Ferreira confie aux interpr\u00e8tes, Anka Postic et Chlo\u00e9 Robidoux, un pas de deux ouvert et fraternel sur une musique de Schubert. C\u2019est Fantasie minor qui d\u00e9joue son titre tant les pulsations, les codes de la musique classique se frottent au hip-hop et inventent de nouvelles compositions.<\/p>\n<p>Semblables hybridations et intensit\u00e9 animent le solo d\u2019Ol\u00e9 Khamchanla. Dans  Cercle, le danseur pass\u00e9 par le hip-hop avant d\u2019apprendre les danses traditionnelles de son pays d\u2019origine, impulse des mouvements hypnotiques, puissants qui rel\u00e8vent d\u2019un rituel. Nous invitant vers la voie d\u2019un \u00e9quilibre int\u00e9rieur dans le d\u00e9s\u00e9quilibre du monde.<\/p>\n<p class=\"note\">Ces 10 et 11\u00a0septembre \u00e0 19\u00a0h, \u00e0 P\u00f4le-Sud, \u00e0 Strasbourg. Dur\u00e9e\u00a0: 120 mn, entr\u00e9e libre sur r\u00e9servation. www.pole-sud.fr<\/p>\n","protected":false},"excerpt":{"rendered":"Mouvemenst hypnotiques Marco da Silva Ferreira confie aux interpr\u00e8tes, Anka Postic et Chlo\u00e9 Robidoux, un pas de deux&hellip;\n","protected":false},"author":2,"featured_media":361200,"comment_status":"","ping_status":"","sticky":false,"template":"","format":"standard","meta":{"footnotes":""},"categories":[2820],"tags":[1111,11,2389,1687,2880,1777,674,107,1011,27,775,12,25,3140,640,2879],"class_list":{"0":"post-361199","1":"post","2":"type-post","3":"status-publish","4":"format-standard","5":"has-post-thumbnail","7":"category-strasbourg","8":"tag-actu","9":"tag-actualites","10":"tag-alsace","11":"tag-culture-loisirs","12":"tag-edition-strasbourg","13":"tag-eu","14":"tag-europe","15":"tag-fil-info","16":"tag-fr","17":"tag-france","18":"tag-grand-est","19":"tag-news","20":"tag-republique-francaise","21":"tag-spectacle","22":"tag-strasbourg","23":"tag-strasbourg-ville"},"share_on_mastodon":{"url":"https:\/\/pubeurope.com\/@fr\/115135740945312358","error":""},"_links":{"self":[{"href":"https:\/\/www.europesays.com\/fr\/wp-json\/wp\/v2\/posts\/361199","targetHints":{"allow":["GET"]}}],"collection":[{"href":"https:\/\/www.europesays.com\/fr\/wp-json\/wp\/v2\/posts"}],"about":[{"href":"https:\/\/www.europesays.com\/fr\/wp-json\/wp\/v2\/types\/post"}],"author":[{"embeddable":true,"href":"https:\/\/www.europesays.com\/fr\/wp-json\/wp\/v2\/users\/2"}],"replies":[{"embeddable":true,"href":"https:\/\/www.europesays.com\/fr\/wp-json\/wp\/v2\/comments?post=361199"}],"version-history":[{"count":0,"href":"https:\/\/www.europesays.com\/fr\/wp-json\/wp\/v2\/posts\/361199\/revisions"}],"wp:featuredmedia":[{"embeddable":true,"href":"https:\/\/www.europesays.com\/fr\/wp-json\/wp\/v2\/media\/361200"}],"wp:attachment":[{"href":"https:\/\/www.europesays.com\/fr\/wp-json\/wp\/v2\/media?parent=361199"}],"wp:term":[{"taxonomy":"category","embeddable":true,"href":"https:\/\/www.europesays.com\/fr\/wp-json\/wp\/v2\/categories?post=361199"},{"taxonomy":"post_tag","embeddable":true,"href":"https:\/\/www.europesays.com\/fr\/wp-json\/wp\/v2\/tags?post=361199"}],"curies":[{"name":"wp","href":"https:\/\/api.w.org\/{rel}","templated":true}]}}