{"id":361201,"date":"2025-09-02T16:52:18","date_gmt":"2025-09-02T16:52:18","guid":{"rendered":"https:\/\/www.europesays.com\/fr\/361201\/"},"modified":"2025-09-02T16:52:18","modified_gmt":"2025-09-02T16:52:18","slug":"rc-strasbourg-le-havre-ac-decale","status":"publish","type":"post","link":"https:\/\/www.europesays.com\/fr\/361201\/","title":{"rendered":"RC Strasbourg \u2013 Le Havre AC d\u00e9cal\u00e9"},"content":{"rendered":"<p><img alt=\"En accord avec les diffuseurs, la Ligue a d\u00e9cid\u00e9 de d\u00e9caler le match de la 4e journ\u00e9e de Ligue 1 entre Strasbourg et Le Havre.\" loading=\"lazy\" width=\"620\" height=\"413\" decoding=\"async\" data-nimg=\"1\" class=\"rounded-lg\" style=\"color:transparent\" src=\"https:\/\/www.europesays.com\/fr\/wp-content\/uploads\/2025\/09\/b4b313887f49e8279c64aa851efa4f60.jpeg\"\/><\/p>\n<p>En accord avec les diffuseurs, la Ligue a d\u00e9cid\u00e9 de d\u00e9caler le match de la 4e journ\u00e9e de Ligue 1 entre Strasbourg et Le Havre.<\/p>\n<p class=\"mb-4 text-lg md:leading-8 break-words\">La Ligue de Football Professionnel annonce ce mardi soir une modification de programmation concernant la quatri\u00e8me journ\u00e9e de <a href=\"https:\/\/sportune.20minutes.fr\/ligue-1-l1\" rel=\"nofollow noopener\" target=\"_blank\" data-ylk=\"slk:Ligue 1;elm:context_link;itc:0;sec:content-canvas\" class=\"link \">Ligue 1<\/a>. Le match entre le <a href=\"https:\/\/sportune.20minutes.fr\/rc-strasbourg-rcsa\" rel=\"nofollow noopener\" target=\"_blank\" data-ylk=\"slk:RC Strasbourg Alsace;elm:context_link;itc:0;sec:content-canvas\" class=\"link \">RC Strasbourg Alsace<\/a> et <a href=\"https:\/\/sportune.20minutes.fr\/le-havre-ac-hac\" rel=\"nofollow noopener\" target=\"_blank\" data-ylk=\"slk:Le Havre AC;elm:context_link;itc:0;sec:content-canvas\" class=\"link \">Le Havre AC<\/a>, pr\u00e9vu initialement samedi 13 septembre \u00e0 19h00, se d\u00e9roulera finalement dimanche 14 septembre \u00e0 17h15.<\/p>\n<p class=\"mb-4 text-lg md:leading-8 break-words\">Cette reprogrammation a \u00e9t\u00e9 valid\u00e9e en concertation avec les diffuseurs beIn Sport et <a href=\"https:\/\/sportune.20minutes.fr\/ligue-1-l1\" rel=\"nofollow noopener\" target=\"_blank\" data-ylk=\"slk:Ligue 1;elm:context_link;itc:0;sec:content-canvas\" class=\"link \">Ligue 1<\/a>+. La rencontre sera retransmise dans le cadre du multiplex dominical et int\u00e9gralement sur la cha\u00eene <a href=\"https:\/\/sportune.20minutes.fr\/ligue-1-l1\" rel=\"nofollow noopener\" target=\"_blank\" data-ylk=\"slk:Ligue 1;elm:context_link;itc:0;sec:content-canvas\" class=\"link \">Ligue 1<\/a>+. Cette modification s\u2019inscrit dans l\u2019organisation t\u00e9l\u00e9visuelle de la journ\u00e9e de championnat.<\/p>\n<p class=\"mb-4 text-lg md:leading-8 break-words\">Le d\u00e9calage d\u2019un jour permet aux deux formations de b\u00e9n\u00e9ficier d\u2019un cr\u00e9neau de diffusion adapt\u00e9 aux contraintes du calendrier t\u00e9l\u00e9visuel de ce weekend de septembre.<\/p>\n<p class=\"mb-4 text-lg md:leading-8 break-words\"><a href=\"https:\/\/sportune.20minutes.fr\/rc-strasbourg-le-havre-ac-decale-377801\" rel=\"nofollow noopener\" target=\"_blank\" data-ylk=\"slk:RC Strasbourg \u2013 Le Havre AC d\u00e9cal\u00e9;elm:context_link;itc:0;sec:content-canvas\" class=\"link \">RC Strasbourg \u2013 Le Havre AC d\u00e9cal\u00e9<\/a> est un article paru sur <a href=\"https:\/\/sportune.20minutes.fr\" rel=\"nofollow noopener\" target=\"_blank\" data-ylk=\"slk:Sportune;elm:context_link;itc:0;sec:content-canvas\" class=\"link \">Sportune<\/a>.<\/p>\n","protected":false},"excerpt":{"rendered":"En accord avec les diffuseurs, la Ligue a d\u00e9cid\u00e9 de d\u00e9caler le match de la 4e journ\u00e9e de&hellip;\n","protected":false},"author":2,"featured_media":361202,"comment_status":"","ping_status":"","sticky":false,"template":"","format":"standard","meta":{"footnotes":""},"categories":[2820],"tags":[1111,11,41254,1777,674,1011,27,775,49666,66,34152,12,4448,25,640],"class_list":{"0":"post-361201","1":"post","2":"type-post","3":"status-publish","4":"format-standard","5":"has-post-thumbnail","7":"category-strasbourg","8":"tag-actu","9":"tag-actualites","10":"tag-bein-sport","11":"tag-eu","12":"tag-europe","13":"tag-fr","14":"tag-france","15":"tag-grand-est","16":"tag-havre-ac","17":"tag-ligue-1","18":"tag-ligue-de-football-professionnel","19":"tag-news","20":"tag-rc-strasbourg","21":"tag-republique-francaise","22":"tag-strasbourg"},"share_on_mastodon":{"url":"https:\/\/pubeurope.com\/@fr\/115135745259444115","error":""},"_links":{"self":[{"href":"https:\/\/www.europesays.com\/fr\/wp-json\/wp\/v2\/posts\/361201","targetHints":{"allow":["GET"]}}],"collection":[{"href":"https:\/\/www.europesays.com\/fr\/wp-json\/wp\/v2\/posts"}],"about":[{"href":"https:\/\/www.europesays.com\/fr\/wp-json\/wp\/v2\/types\/post"}],"author":[{"embeddable":true,"href":"https:\/\/www.europesays.com\/fr\/wp-json\/wp\/v2\/users\/2"}],"replies":[{"embeddable":true,"href":"https:\/\/www.europesays.com\/fr\/wp-json\/wp\/v2\/comments?post=361201"}],"version-history":[{"count":0,"href":"https:\/\/www.europesays.com\/fr\/wp-json\/wp\/v2\/posts\/361201\/revisions"}],"wp:featuredmedia":[{"embeddable":true,"href":"https:\/\/www.europesays.com\/fr\/wp-json\/wp\/v2\/media\/361202"}],"wp:attachment":[{"href":"https:\/\/www.europesays.com\/fr\/wp-json\/wp\/v2\/media?parent=361201"}],"wp:term":[{"taxonomy":"category","embeddable":true,"href":"https:\/\/www.europesays.com\/fr\/wp-json\/wp\/v2\/categories?post=361201"},{"taxonomy":"post_tag","embeddable":true,"href":"https:\/\/www.europesays.com\/fr\/wp-json\/wp\/v2\/tags?post=361201"}],"curies":[{"name":"wp","href":"https:\/\/api.w.org\/{rel}","templated":true}]}}