{"id":361203,"date":"2025-09-02T16:53:10","date_gmt":"2025-09-02T16:53:10","guid":{"rendered":"https:\/\/www.europesays.com\/fr\/361203\/"},"modified":"2025-09-02T16:53:10","modified_gmt":"2025-09-02T16:53:10","slug":"elton-john-va-mieux-un-jour-apres-la-diffusion-dune-video-inquietante-la-star-britannique-apercue-dans-un-celebre-restaurant-de-nice","status":"publish","type":"post","link":"https:\/\/www.europesays.com\/fr\/361203\/","title":{"rendered":"Elton John va mieux: un jour apr\u00e8s la diffusion d&rsquo;une vid\u00e9o inqui\u00e9tante, la star britannique aper\u00e7ue dans un c\u00e9l\u00e8bre restaurant de Nice"},"content":{"rendered":"<p>Le samedi 9 ao\u00fbt, il avait d\u00e9j\u00e0 <strong>not\u00e9 avec enthousiasme son exp\u00e9rience<\/strong> <a href=\"https:\/\/www.nicematin.com\/people\/w-997668\" rel=\"nofollow noopener\" target=\"_blank\">\u00ab\u00a0Eleven out of ten\u00a0\u00bb\u00a0(\u00ab\u00a011 sur 10!\u00a0\u00bb)<\/a>.\u00a0<\/p>\n<p>Ce dimanche 31 ao\u00fbt, <strong>il est revenu<\/strong>, pour le plus grand plaisir de son propri\u00e9taire.<\/p>\n<p>Sir Elton John est en effet devenu, <a href=\"https:\/\/www.nicematin.com\/people\/cest-le-nouveau-restaurant-des-stars-a-nice-quel-est-le-secret-de-la-reussite-du-nespo-720817\" rel=\"nofollow noopener\" target=\"_blank\">en quelques ann\u00e9es<\/a>, <strong>un habitu\u00e9 du restaurant de S\u00e9bastien Nespolo, Nespo<\/strong>, situ\u00e9 au 48 boulevard Victor Hugo \u00e0 Nice.<\/p>\n<p>La star britannique de 78 ans avait pourtant \u00e9t\u00e9 aper\u00e7ue <strong><a href=\"https:\/\/www.nicematin.com\/people\/elton-john-a-ete-filme-dans-les-alpes-maritimes-ce-week-end-une-surprenante-video-qui-inquiete-ses-fans-1000071\" rel=\"nofollow noopener\" target=\"_blank\">plut\u00f4t mal en point ce week-end<\/a> dans le baie de Villefranche-sur-Mer<\/strong>, film\u00e9 en train de descendre avec la plus grande difficult\u00e9 d&rsquo;un yacht, <strong>accompagn\u00e9 de son mari, David Furnish.<\/strong><\/p>\n<p>Un court extrait, post\u00e9 sur TikTok, a fait se questionner bon nombre de fans <strong>sur la sant\u00e9 du chanteur<\/strong>, qui ne se cachait toutefois pas pour \u00e9voquer, d\u00e8s\u00a0fin 2024, <strong>ne plus avoir \u00ab\u00a0<a href=\"https:\/\/www.nicematin.com\/people\/jetais-a-deux-doigts-de-le-virer-puis-on-a-sympathise-elton-john-en-seance-shopping-ce-lundi-dans-une-boutique-de-nice-dans-laquelle-il-sest-dabord-soulage-dans-une-bouteille-en-plastique-932514\" rel=\"nofollow noopener\" target=\"_blank\">de prostate<\/a>, de hanche droite ni de genoux\u00a0\u00bb.<\/strong><\/p>\n<p data-start=\"1261\" data-end=\"1480\">\u00ab\u00a0Une mani\u00e8re \u00e9l\u00e9gante et m\u00e9morable de cl\u00f4turer ce mois d\u2019ao\u00fbt\u00a0\u00bb<\/p>\n<p>Elton John souffrirait \u00e9galement de <strong>probl\u00e8mes de vision depuis une infection oculaire s\u00e9v\u00e8re<\/strong>, comme il l&rsquo;avait r\u00e9v\u00e9l\u00e9 en novembre dernier dans un journal am\u00e9ricain.<\/p>\n<p>Si ces ennuis de sant\u00e9 <strong>nourrissent r\u00e9guli\u00e8rement l\u2019inqui\u00e9tude de ses admirateurs<\/strong>, l&rsquo;artiste, <a href=\"https:\/\/www.instagram.com\/p\/DOEhdiJDPIo\/\" target=\"_blank\" rel=\"noopener nofollow\">qui s\u00e9journe r\u00e9guli\u00e8rement <strong>dans sa maison du\u00a0mont Alban \u00e0 Nice<\/strong><\/a>, a l&rsquo;air plut\u00f4t en forme quand il s&rsquo;agit de venir se poser pour <strong>passer du bon temps \u00e0 la table<\/strong> de cette adresse chouchou des people.<\/p>\n<p>\u00ab\u00a0Nous avons eu l\u2019honneur, une fois de plus, d\u2019accueillir <a href=\"https:\/\/www.instagram.com\/eltonjohn\/\" target=\"_blank\" rel=\"noopener nofollow\">Sir Elton John<\/a> hier soir\u00a0\u00bb, <strong>a \u00e9crit lundi 1er septembre S\u00e9bastien Nespolo<\/strong> sur le compte officiel de son \u00e9tablissement.<\/p>\n<p>\u00ab\u00a0Une mani\u00e8re<strong> \u00e9l\u00e9gante et m\u00e9morable<\/strong> de cl\u00f4turer ce mois d\u2019ao\u00fbt.\u00a0\u00bb<\/p>\n<p>Et une fa\u00e7on comme une autre de rassurer les fans, <strong>Ni\u00e7ois y compris<\/strong>, qui aiment bien croiser la star de la musique dans leur ville.<\/p>\n<p><script async src=\"\/\/www.instagram.com\/embed.js\"><\/script><\/p>\n","protected":false},"excerpt":{"rendered":"Le samedi 9 ao\u00fbt, il avait d\u00e9j\u00e0 not\u00e9 avec enthousiasme son exp\u00e9rience \u00ab\u00a0Eleven out of ten\u00a0\u00bb\u00a0(\u00ab\u00a011 sur 10!\u00a0\u00bb).\u00a0&hellip;\n","protected":false},"author":2,"featured_media":361204,"comment_status":"","ping_status":"","sticky":false,"template":"","format":"standard","meta":{"footnotes":""},"categories":[2819],"tags":[1111,11,1777,674,1011,27,12,2401,973,882,25],"class_list":{"0":"post-361203","1":"post","2":"type-post","3":"status-publish","4":"format-standard","5":"has-post-thumbnail","7":"category-nice","8":"tag-actu","9":"tag-actualites","10":"tag-eu","11":"tag-europe","12":"tag-fr","13":"tag-france","14":"tag-news","15":"tag-nice","16":"tag-people","17":"tag-provence-alpes-cote-dazur","18":"tag-republique-francaise"},"share_on_mastodon":{"url":"https:\/\/pubeurope.com\/@fr\/115135748877936549","error":""},"_links":{"self":[{"href":"https:\/\/www.europesays.com\/fr\/wp-json\/wp\/v2\/posts\/361203","targetHints":{"allow":["GET"]}}],"collection":[{"href":"https:\/\/www.europesays.com\/fr\/wp-json\/wp\/v2\/posts"}],"about":[{"href":"https:\/\/www.europesays.com\/fr\/wp-json\/wp\/v2\/types\/post"}],"author":[{"embeddable":true,"href":"https:\/\/www.europesays.com\/fr\/wp-json\/wp\/v2\/users\/2"}],"replies":[{"embeddable":true,"href":"https:\/\/www.europesays.com\/fr\/wp-json\/wp\/v2\/comments?post=361203"}],"version-history":[{"count":0,"href":"https:\/\/www.europesays.com\/fr\/wp-json\/wp\/v2\/posts\/361203\/revisions"}],"wp:featuredmedia":[{"embeddable":true,"href":"https:\/\/www.europesays.com\/fr\/wp-json\/wp\/v2\/media\/361204"}],"wp:attachment":[{"href":"https:\/\/www.europesays.com\/fr\/wp-json\/wp\/v2\/media?parent=361203"}],"wp:term":[{"taxonomy":"category","embeddable":true,"href":"https:\/\/www.europesays.com\/fr\/wp-json\/wp\/v2\/categories?post=361203"},{"taxonomy":"post_tag","embeddable":true,"href":"https:\/\/www.europesays.com\/fr\/wp-json\/wp\/v2\/tags?post=361203"}],"curies":[{"name":"wp","href":"https:\/\/api.w.org\/{rel}","templated":true}]}}