{"id":361208,"date":"2025-09-02T16:56:19","date_gmt":"2025-09-02T16:56:19","guid":{"rendered":"https:\/\/www.europesays.com\/fr\/361208\/"},"modified":"2025-09-02T16:56:19","modified_gmt":"2025-09-02T16:56:19","slug":"fuite-de-produits-chimiques-dans-un-laboratoire-du-chu-de-nantes-130-personnes-ont-ete-evacuees","status":"publish","type":"post","link":"https:\/\/www.europesays.com\/fr\/361208\/","title":{"rendered":"Fuite de produits chimiques dans un laboratoire du CHU de Nantes, 130 personnes ont \u00e9t\u00e9 \u00e9vacu\u00e9es"},"content":{"rendered":"<p>L&rsquo;Institut de recherche en sant\u00e9, au sein du CHU de Nantes, a \u00e9t\u00e9 victime mardi apr\u00e8s-midi d&rsquo;une fuite de produit chimique. 130 personnes ont \u00e9t\u00e9 \u00e9vacu\u00e9es le temps de l&rsquo;intervention des pompiers. Elles ont pu regagner les locaux vers 17 heures.<\/p>\n<p>Beaucoup d&rsquo;agitation au c\u0153ur de l&rsquo;apr\u00e8s-midi ce mardi sur le quai Moncousu, \u00e0 Nantes. L&rsquo;Institut de recherche en sant\u00e9, qui jouxte les urgences du CHU, a \u00e9t\u00e9 \u00e9vacu\u00e9 \u00e0 cause d&rsquo;une fuite de <strong>produit chimique, de type solvant<\/strong>, dans un laboratoire.<\/p>\n<p>L&rsquo;ensemble du personnel a \u00e9t\u00e9 pri\u00e9 de sortir, soit 130 personnes.\u00a0Apr\u00e8s ventilation des locaux, tous ont pu regagner leur poste aux alentours de 17 heures.<\/p>\n<p>Une vingtaine de sapeurs-pompiers ont \u00e9t\u00e9 mobilis\u00e9s sur cette op\u00e9ration dont la <strong>cellule risque chimique<\/strong>. Nantes M\u00e9tropole et la police nationale \u00e9taient \u00e9galement sur place.<\/p>\n<p><img loading=\"lazy\" decoding=\"async\" class=\"VisualPreview svelte-1rldrkz\" src=\"data:image\/jpeg;base64,\/9j\/2wBDACgcHiMeGSgjISMtKygwPGRBPDc3PHtYXUlkkYCZlo+AjIqgtObDoKrarYqMyP\/L2u71\/\/\/\/m8H\/\/\/\/6\/+b9\/\/j\/2wBDASstLTw1PHZBQXb4pYyl+Pj4+Pj4+Pj4+Pj4+Pj4+Pj4+Pj4+Pj4+Pj4+Pj4+Pj4+Pj4+Pj4+Pj4+Pj4+Pj4+Pj\/wAARCAAXACoDASIAAhEBAxEB\/8QAGAABAQEBAQAAAAAAAAAAAAAAAAIBAwT\/xAAYEAEBAQEBAAAAAAAAAAAAAAAAARECEv\/EABUBAQEAAAAAAAAAAAAAAAAAAAAB\/8QAFBEBAAAAAAAAAAAAAAAAAAAAAP\/aAAwDAQACEQMRAD8A7azRNBt6TemWotBXo9IAemxNgCosTYAMwwAf\/9k=\" alt=\"Les personnels de l'Institut de recherche en sant\u00e9 ont \u00e9t\u00e9 \u00e9vacu\u00e9s pendant pr\u00e8s d'une heure et demie.\" width=\"600\" height=\"337\"\/>  Les personnels de l&rsquo;Institut de recherche en sant\u00e9 ont \u00e9t\u00e9 \u00e9vacu\u00e9s pendant pr\u00e8s d&rsquo;une heure et demie. \u00a9 Radio France &#8211; Pascal Roche<\/p>\n","protected":false},"excerpt":{"rendered":"L&rsquo;Institut de recherche en sant\u00e9, au sein du CHU de Nantes, a \u00e9t\u00e9 victime mardi apr\u00e8s-midi d&rsquo;une fuite&hellip;\n","protected":false},"author":2,"featured_media":361209,"comment_status":"","ping_status":"","sticky":false,"template":"","format":"standard","meta":{"footnotes":""},"categories":[2818],"tags":[1111,11,1777,674,1011,27,766,12,2636,25],"class_list":{"0":"post-361208","1":"post","2":"type-post","3":"status-publish","4":"format-standard","5":"has-post-thumbnail","7":"category-nantes","8":"tag-actu","9":"tag-actualites","10":"tag-eu","11":"tag-europe","12":"tag-fr","13":"tag-france","14":"tag-nantes","15":"tag-news","16":"tag-pays-de-la-loire","17":"tag-republique-francaise"},"share_on_mastodon":{"url":"https:\/\/pubeurope.com\/@fr\/115135760579240502","error":""},"_links":{"self":[{"href":"https:\/\/www.europesays.com\/fr\/wp-json\/wp\/v2\/posts\/361208","targetHints":{"allow":["GET"]}}],"collection":[{"href":"https:\/\/www.europesays.com\/fr\/wp-json\/wp\/v2\/posts"}],"about":[{"href":"https:\/\/www.europesays.com\/fr\/wp-json\/wp\/v2\/types\/post"}],"author":[{"embeddable":true,"href":"https:\/\/www.europesays.com\/fr\/wp-json\/wp\/v2\/users\/2"}],"replies":[{"embeddable":true,"href":"https:\/\/www.europesays.com\/fr\/wp-json\/wp\/v2\/comments?post=361208"}],"version-history":[{"count":0,"href":"https:\/\/www.europesays.com\/fr\/wp-json\/wp\/v2\/posts\/361208\/revisions"}],"wp:featuredmedia":[{"embeddable":true,"href":"https:\/\/www.europesays.com\/fr\/wp-json\/wp\/v2\/media\/361209"}],"wp:attachment":[{"href":"https:\/\/www.europesays.com\/fr\/wp-json\/wp\/v2\/media?parent=361208"}],"wp:term":[{"taxonomy":"category","embeddable":true,"href":"https:\/\/www.europesays.com\/fr\/wp-json\/wp\/v2\/categories?post=361208"},{"taxonomy":"post_tag","embeddable":true,"href":"https:\/\/www.europesays.com\/fr\/wp-json\/wp\/v2\/tags?post=361208"}],"curies":[{"name":"wp","href":"https:\/\/api.w.org\/{rel}","templated":true}]}}