{"id":361210,"date":"2025-09-02T16:57:16","date_gmt":"2025-09-02T16:57:16","guid":{"rendered":"https:\/\/www.europesays.com\/fr\/361210\/"},"modified":"2025-09-02T16:57:16","modified_gmt":"2025-09-02T16:57:16","slug":"une-mega-teuf-va-transformer-les-vivres-de-lart-en-terrain-post-apocalyptique-a-bordeaux","status":"publish","type":"post","link":"https:\/\/www.europesays.com\/fr\/361210\/","title":{"rendered":"Une m\u00e9ga teuf va transformer les Vivres de l&rsquo;Art en terrain post-apocalyptique \u00e0 Bordeaux"},"content":{"rendered":"<p>Une sc\u00e9nographie d\u00e9mesur\u00e9e<\/p>\n<p data-start=\"647\" data-end=\"1016\">Rendez-vous est pris ce samedi pour s&rsquo;envoler vers une autre galaxie. Fid\u00e8le \u00e0 sa r\u00e9putation, le collectif bordelais promet une mise en sc\u00e8ne hors norme. Au programme de son prochain \u00e9v\u00e8nement\u00a0: <strong data-start=\"736\" data-end=\"769\">sc\u00e9nographie \u00ab\u00a0full Mad Max\u00a0\u00bb<\/strong> avec carcasses de voitures, v\u00e9hicules monstrueux, mitrailleuses sur le toit et d\u00e9cors post-apocalyptiques. Pour sublimer l\u2019exp\u00e9rience, un <strong data-start=\"881\" data-end=\"907\">show mapping et lasers<\/strong> de zinzin viendra habiller les fa\u00e7ades, gr\u00e2ce \u00e0 huit vid\u00e9oprojecteurs d\u00e9ploy\u00e9s sur l\u2019ensemble du site.<\/p>\n<blockquote class=\"instagram-media\" data-instgrm-captioned=\"\" data-instgrm-permalink=\"https:\/\/www.instagram.com\/reel\/DOA-gfljFx5\/?utm_source=ig_embed&amp;utm_campaign=loading\" data-instgrm-version=\"14\" style=\"background: #FFF; border: 0; border-radius: 3px; box-shadow: 0 0 1px 0 rgba(0,0,0,0.5),0 1px 10px 0 rgba(0,0,0,0.15); margin: 1px; max-width: 540px; min-width: 326px; padding: 0; width: calc(100% - 2px);\">\n<\/blockquote>\n<p>Un line-up maison jusqu\u2019\u00e0 minuit<\/p>\n<p data-start=\"1056\" data-end=\"1324\">Derri\u00e8re les platines, les <strong>r\u00e9sidents de 3615BEBOP<\/strong> m\u00e8neront la danse\u00a0: Recapew, Coffiiz, Scandalous by JG, DJ Content33, P-A, Ollino Brothers, Jacqueline, Stoat, Tazmuzik et Dymetyl. Trois univers, un son Funktion-One et une mont\u00e9e en puissance jusqu\u2019au dernier drop. Tous ces petits oiseaux de nuit seront eparpill\u00e9s sur 3 espaces dantesques\u00a0: la for\u00eat, la verri\u00e8re et l&rsquo;atelier.\u00a0<\/p>\n<p data-start=\"1056\" data-end=\"1324\"><img loading=\"lazy\" decoding=\"async\" src=\"https:\/\/www.europesays.com\/fr\/wp-content\/uploads\/2025\/09\/bebop-bordeaux.jpg\" width=\"1000\" height=\"667\" alt=\"bebop-bordeaux\"\/><\/p>\n<p>L\u2019after sur l\u2019Iboat<\/p>\n<p data-start=\"1351\" data-end=\"1620\">\u00c0 minuit, la f\u00eate continuera \u00e0 l\u2019Iboat avec un <strong>after r\u00e9parti sur ses trois \u00e9tages<\/strong>, chacun d\u00e9di\u00e9 \u00e0 une ambiance\u00a0: techno\/trance, techhouse\/minimal et psytrance. Les festivaliers venant des Vivres b\u00e9n\u00e9ficieront d\u2019un <strong data-start=\"1569\" data-end=\"1585\">tarif r\u00e9duit<\/strong> sur pr\u00e9sentation de leur billet.<\/p>\n<p data-start=\"1351\" data-end=\"1620\"><img loading=\"lazy\" decoding=\"async\" src=\"https:\/\/www.europesays.com\/fr\/wp-content\/uploads\/2025\/09\/vivres-de-lart-bordeaux.jpg\" width=\"1000\" height=\"563\" alt=\"vivres-de-lart-bordeaux\"\/><\/p>\n<p>Les Vivres de l&rsquo;Art<\/p>\n<li class=\"opening-hours\">Dimanche : 11:00 &#8211; 18:00<\/li>\n<li class=\"opening-hours\">Lundi &#8211; samedi : 10:00 &#8211; 18:00<\/li>\n<p><script async src=\"\/\/www.instagram.com\/embed.js\"><\/script><\/p>\n","protected":false},"excerpt":{"rendered":"Une sc\u00e9nographie d\u00e9mesur\u00e9e Rendez-vous est pris ce samedi pour s&rsquo;envoler vers une autre galaxie. Fid\u00e8le \u00e0 sa r\u00e9putation,&hellip;\n","protected":false},"author":2,"featured_media":361211,"comment_status":"","ping_status":"","sticky":false,"template":"","format":"standard","meta":{"footnotes":""},"categories":[2817],"tags":[1111,11,1997,1777,674,1011,27,12,2219,25],"class_list":{"0":"post-361210","1":"post","2":"type-post","3":"status-publish","4":"format-standard","5":"has-post-thumbnail","7":"category-bordeaux","8":"tag-actu","9":"tag-actualites","10":"tag-bordeaux","11":"tag-eu","12":"tag-europe","13":"tag-fr","14":"tag-france","15":"tag-news","16":"tag-nouvelle-aquitaine","17":"tag-republique-francaise"},"share_on_mastodon":{"url":"https:\/\/pubeurope.com\/@fr\/115135764829946807","error":""},"_links":{"self":[{"href":"https:\/\/www.europesays.com\/fr\/wp-json\/wp\/v2\/posts\/361210","targetHints":{"allow":["GET"]}}],"collection":[{"href":"https:\/\/www.europesays.com\/fr\/wp-json\/wp\/v2\/posts"}],"about":[{"href":"https:\/\/www.europesays.com\/fr\/wp-json\/wp\/v2\/types\/post"}],"author":[{"embeddable":true,"href":"https:\/\/www.europesays.com\/fr\/wp-json\/wp\/v2\/users\/2"}],"replies":[{"embeddable":true,"href":"https:\/\/www.europesays.com\/fr\/wp-json\/wp\/v2\/comments?post=361210"}],"version-history":[{"count":0,"href":"https:\/\/www.europesays.com\/fr\/wp-json\/wp\/v2\/posts\/361210\/revisions"}],"wp:featuredmedia":[{"embeddable":true,"href":"https:\/\/www.europesays.com\/fr\/wp-json\/wp\/v2\/media\/361211"}],"wp:attachment":[{"href":"https:\/\/www.europesays.com\/fr\/wp-json\/wp\/v2\/media?parent=361210"}],"wp:term":[{"taxonomy":"category","embeddable":true,"href":"https:\/\/www.europesays.com\/fr\/wp-json\/wp\/v2\/categories?post=361210"},{"taxonomy":"post_tag","embeddable":true,"href":"https:\/\/www.europesays.com\/fr\/wp-json\/wp\/v2\/tags?post=361210"}],"curies":[{"name":"wp","href":"https:\/\/api.w.org\/{rel}","templated":true}]}}