{"id":361212,"date":"2025-09-02T16:58:11","date_gmt":"2025-09-02T16:58:11","guid":{"rendered":"https:\/\/www.europesays.com\/fr\/361212\/"},"modified":"2025-09-02T16:58:11","modified_gmt":"2025-09-02T16:58:11","slug":"rugby-top-14-le-centre-de-bordeaux-begles-moefana-absent-trois-mois","status":"publish","type":"post","link":"https:\/\/www.europesays.com\/fr\/361212\/","title":{"rendered":"Rugby (Top 14)\u00a0: le centre de Bordeaux-B\u00e8gles Moefana absent trois mois"},"content":{"rendered":"<p>Moefana, qui avait esp\u00e9r\u00e9 le soir de sa blessure que \u00ab\u00a0les ligaments (de son \u00e9paule) ne soient pas touch\u00e9s\u00a0\u00bb avait-il dit, a pass\u00e9 des examens m\u00e9dicaux qui ont r\u00e9v\u00e9l\u00e9 une blessure s\u00e9rieuse n\u00e9cessitant une op\u00e9ration et trois mois d\u2019arr\u00eat.<\/p>\n<p>    La r\u00e9daction vous conseille<\/p>\n<p>Le Futunien de 25\u00a0ans (36 s\u00e9lections) ne pourra pas postuler \u00e0 la Tourn\u00e9e d\u2019automne des Bleus.<\/p>\n<p>Cette absence, \u00ab\u00a0pr\u00e9judiciable\u00a0\u00bb selon son manager Yannick Bru, intervient alors que ses rempla\u00e7ants habituels, le Sud-Africain Rohan Janse Van Rensburg (adducteurs) et Pablo Uberti (\u00e9paule), sont \u00e9galement bless\u00e9s.<\/p>\n<p>Interrog\u00e9 sur la possibilit\u00e9 de prendre un joker m\u00e9dical au poste de centre, le pr\u00e9sident girondin Laurent Marti a d\u00e9clar\u00e9 \u00e0 l\u2019AFP\u00a0: \u00ab\u00a0pas pour l\u2019instant\u00a0\u00bb.<\/p>\n<p>En plus de Moefana, le deuxi\u00e8me match de pr\u00e9paration de l\u2019UBB face au promu montalbanais a \u00e9t\u00e9 fatal au demi de m\u00eal\u00e9e Maxime Lucu, op\u00e9r\u00e9 vendredi d\u2019une rupture d\u2019un tendon du pouce et indisponible deux mois.<\/p>\n","protected":false},"excerpt":{"rendered":"Moefana, qui avait esp\u00e9r\u00e9 le soir de sa blessure que \u00ab\u00a0les ligaments (de son \u00e9paule) ne soient pas&hellip;\n","protected":false},"author":2,"featured_media":361213,"comment_status":"","ping_status":"","sticky":false,"template":"","format":"standard","meta":{"footnotes":""},"categories":[2817],"tags":[1111,11,1997,1777,674,1011,27,12,2219,25],"class_list":{"0":"post-361212","1":"post","2":"type-post","3":"status-publish","4":"format-standard","5":"has-post-thumbnail","7":"category-bordeaux","8":"tag-actu","9":"tag-actualites","10":"tag-bordeaux","11":"tag-eu","12":"tag-europe","13":"tag-fr","14":"tag-france","15":"tag-news","16":"tag-nouvelle-aquitaine","17":"tag-republique-francaise"},"share_on_mastodon":{"url":"https:\/\/pubeurope.com\/@fr\/115135768513902534","error":""},"_links":{"self":[{"href":"https:\/\/www.europesays.com\/fr\/wp-json\/wp\/v2\/posts\/361212","targetHints":{"allow":["GET"]}}],"collection":[{"href":"https:\/\/www.europesays.com\/fr\/wp-json\/wp\/v2\/posts"}],"about":[{"href":"https:\/\/www.europesays.com\/fr\/wp-json\/wp\/v2\/types\/post"}],"author":[{"embeddable":true,"href":"https:\/\/www.europesays.com\/fr\/wp-json\/wp\/v2\/users\/2"}],"replies":[{"embeddable":true,"href":"https:\/\/www.europesays.com\/fr\/wp-json\/wp\/v2\/comments?post=361212"}],"version-history":[{"count":0,"href":"https:\/\/www.europesays.com\/fr\/wp-json\/wp\/v2\/posts\/361212\/revisions"}],"wp:featuredmedia":[{"embeddable":true,"href":"https:\/\/www.europesays.com\/fr\/wp-json\/wp\/v2\/media\/361213"}],"wp:attachment":[{"href":"https:\/\/www.europesays.com\/fr\/wp-json\/wp\/v2\/media?parent=361212"}],"wp:term":[{"taxonomy":"category","embeddable":true,"href":"https:\/\/www.europesays.com\/fr\/wp-json\/wp\/v2\/categories?post=361212"},{"taxonomy":"post_tag","embeddable":true,"href":"https:\/\/www.europesays.com\/fr\/wp-json\/wp\/v2\/tags?post=361212"}],"curies":[{"name":"wp","href":"https:\/\/api.w.org\/{rel}","templated":true}]}}