{"id":361214,"date":"2025-09-02T16:59:11","date_gmt":"2025-09-02T16:59:11","guid":{"rendered":"https:\/\/www.europesays.com\/fr\/361214\/"},"modified":"2025-09-02T16:59:11","modified_gmt":"2025-09-02T16:59:11","slug":"un-marche-japonais-sapprete-a-investir-toulouse","status":"publish","type":"post","link":"https:\/\/www.europesays.com\/fr\/361214\/","title":{"rendered":"Un march\u00e9 japonais s&rsquo;appr\u00eate \u00e0 investir Toulouse"},"content":{"rendered":"<p>\t\t\t\t\t\t\t\t\t\t\t\t\t\t\t\t\t\t\t\t\t\t<img loading=\"lazy\" decoding=\"async\" src=\"data:image\/svg+xml,%3Csvg%20xmlns=\" http:=\"\" class=\"img-fluid\" alt=\"Tokyo Market Toulouse\" width=\"1024\" height=\"683\" data-lazy-src=\"https:\/\/www.europesays.com\/fr\/wp-content\/uploads\/2025\/09\/Tokyo-Market-Toulouse-1024x683.jpg\"\/><br \/>\n\t\t\t\t\t\t\t\t\t\t\t\t\t\t\t\t\t\t\t\t\t\t\u00a9 PierreG_09 | Flickr<\/p>\n<p>Le retour des vacances est un peu difficile ? Gardez le sourire, un vent venu d\u2019Est souffle sur Toulouse et l\u2019\u00e9vasion sera au rendez-vous <a href=\"https:\/\/toulousesecret.com\/que-faire-a-toulouse-ce-week-end\/\" rel=\"noopener noreferrer nofollow\" target=\"_self\" class=\"shortcode-outbound-link\" data-has-ga=\"true\" data-ga-type=\"click\" data-label=\"https:\/\/toulousesecret.com\/que-faire-a-toulouse-ce-week-end\/\" data-action=\"text_cta_0\" data-category=\"click_internal\">ce week-end<\/a>. Les 6 et 7 septembre 2025, le <strong>Tokyo Market<\/strong> <strong>Toulouse<\/strong> (anciennement Japan Touch) transforme le <strong>jardin japonais Compans-Caffarelli<\/strong> en v\u00e9ritable film de Miyazaki. Sur place, pr\u00e8s de <strong>quarante cr\u00e9ateurs, des ateliers traditionnels et des spectacles<\/strong> vous invitent \u00e0 une plong\u00e9e totale dans la culture du pays du Soleil-Levant. Ce rendez-vous incontournable s\u2019adresse \u00e0 tous ceux qui veulent voyager au Japon\u2026 sans prendre l\u2019avion.<\/p>\n<p> Tokyo Market Toulouse : un village cr\u00e9ateurs au c\u0153ur du Jardin Japonais <\/p>\n<p>Si vous aimez<strong> la mode, le design ou l\u2019artisanat japonais<\/strong>, impossible de manquer le Tokyo Market Toulouse. Le Jardin Japonais, habituellement havre de paix, devient le th\u00e9\u00e2tre d\u2019une quarantaine de stands tenus par des <strong>cr\u00e9ateurs et artisans sp\u00e9cialis\u00e9s dans l\u2019univers nippon<\/strong>. V\u00eatements, accessoires, bijoux ainsi que objets d\u00e9co c\u00f4toient des \u0153uvres d\u2019illustrateurs locaux.<\/p>\n<p>En arpentant les all\u00e9es, laissez-vous s\u00e9duire par les id\u00e9es cadeaux \u00e0 <strong>prix doux<\/strong> ou par des rencontres avec des artistes venus partager leur passion. C\u2019est l\u2019occasion de d\u00e9couvrir <strong>l\u2019art floral, admirer des sculptures en fil de fer ou observer des peintures inspir\u00e9es de la tradition japonaise<\/strong>. Pour compl\u00e9ter l\u2019exp\u00e9rience, des <strong>ateliers autour du bonsa\u00ef, de la cuisine et de l\u2019origami<\/strong> sont aussi propos\u00e9s tout au long du week-end.<\/p>\n<p><img fetchpriority=\"high\" decoding=\"async\" class=\"alignnone size-full wp-image-13624\" src=\"data:image\/svg+xml,%3Csvg%20xmlns=\" http:=\"\" alt=\"Tokyo Market Toulouse\" width=\"1200\" height=\"800\" data-lazy- data-lazy- data-lazy-src=\"https:\/\/www.europesays.com\/fr\/wp-content\/uploads\/2025\/09\/Tokyo-Market-Toulouse-1.jpg\"\/><\/p>\n<p> Ateliers, spectacles et c\u00e9r\u00e9monies : immersion totale dans la culture japonaise <\/p>\n<p>La programmation du <a href=\"https:\/\/www.japan-touch.com\/toulouse\/\" rel=\"nofollow noopener noreferrer\" target=\"_blank\" class=\"shortcode-outbound-link\" data-has-ga=\"true\" data-ga-type=\"click\" data-label=\"https:\/\/www.japan-touch.com\/toulouse\/\" data-action=\"text_cta_1\" data-category=\"click_non_sales\">Tokyo Market<\/a> regorge d\u2019activit\u00e9s pour tous les amateurs de Japon. Les passionn\u00e9s pourront s\u2019initier \u00e0 <strong>l\u2019art du th\u00e9 et \u00e0 la calligraphie<\/strong> dans un pavillon d\u00e9di\u00e9 en plein centre du <a href=\"https:\/\/toulousesecret.com\/plus-beaux-jardins-toulouse\/\" rel=\"noopener noreferrer nofollow\" target=\"_self\" class=\"shortcode-outbound-link\" data-has-ga=\"true\" data-ga-type=\"click\" data-label=\"https:\/\/toulousesecret.com\/plus-beaux-jardins-toulouse\/\" data-action=\"text_cta_2\" data-category=\"click_internal\">jardin Pierre Baudui<\/a>. Des<strong> s\u00e9ances de shiatsu ou d\u2019arts martiaux<\/strong> sont \u00e9galement au planning, tout comme des <strong>d\u00e9monstrations de manga et de mahjong<\/strong>, jeu de soci\u00e9t\u00e9 embl\u00e9matique du pays.<\/p>\n<p>Pour les fans de pop culture, un groupe de danseurs d\u2019idol masculins animera le village avec des performances in\u00e9dites. Enfin, le jardinier du parc, Fr\u00e9d\u00e9ric Bordis, propose des<strong> visites guid\u00e9es<\/strong> pour r\u00e9v\u00e9ler tous les secrets du Jardin Japonais. Un week-end sous le signe de la d\u00e9couverte qui vous promet une \u00e9chapp\u00e9e belle sans fronti\u00e8re !<\/p>\n","protected":false},"excerpt":{"rendered":"\u00a9 PierreG_09 | Flickr Le retour des vacances est un peu difficile ? Gardez le sourire, un vent&hellip;\n","protected":false},"author":2,"featured_media":361215,"comment_status":"","ping_status":"","sticky":false,"template":"","format":"standard","meta":{"footnotes":""},"categories":[2816],"tags":[1111,11,1777,674,1011,27,12,2680,25,2312],"class_list":{"0":"post-361214","1":"post","2":"type-post","3":"status-publish","4":"format-standard","5":"has-post-thumbnail","7":"category-toulouse","8":"tag-actu","9":"tag-actualites","10":"tag-eu","11":"tag-europe","12":"tag-fr","13":"tag-france","14":"tag-news","15":"tag-occitanie","16":"tag-republique-francaise","17":"tag-toulouse"},"share_on_mastodon":{"url":"https:\/\/pubeurope.com\/@fr\/115135772385588030","error":""},"_links":{"self":[{"href":"https:\/\/www.europesays.com\/fr\/wp-json\/wp\/v2\/posts\/361214","targetHints":{"allow":["GET"]}}],"collection":[{"href":"https:\/\/www.europesays.com\/fr\/wp-json\/wp\/v2\/posts"}],"about":[{"href":"https:\/\/www.europesays.com\/fr\/wp-json\/wp\/v2\/types\/post"}],"author":[{"embeddable":true,"href":"https:\/\/www.europesays.com\/fr\/wp-json\/wp\/v2\/users\/2"}],"replies":[{"embeddable":true,"href":"https:\/\/www.europesays.com\/fr\/wp-json\/wp\/v2\/comments?post=361214"}],"version-history":[{"count":0,"href":"https:\/\/www.europesays.com\/fr\/wp-json\/wp\/v2\/posts\/361214\/revisions"}],"wp:featuredmedia":[{"embeddable":true,"href":"https:\/\/www.europesays.com\/fr\/wp-json\/wp\/v2\/media\/361215"}],"wp:attachment":[{"href":"https:\/\/www.europesays.com\/fr\/wp-json\/wp\/v2\/media?parent=361214"}],"wp:term":[{"taxonomy":"category","embeddable":true,"href":"https:\/\/www.europesays.com\/fr\/wp-json\/wp\/v2\/categories?post=361214"},{"taxonomy":"post_tag","embeddable":true,"href":"https:\/\/www.europesays.com\/fr\/wp-json\/wp\/v2\/tags?post=361214"}],"curies":[{"name":"wp","href":"https:\/\/api.w.org\/{rel}","templated":true}]}}