{"id":361216,"date":"2025-09-02T17:00:11","date_gmt":"2025-09-02T17:00:11","guid":{"rendered":"https:\/\/www.europesays.com\/fr\/361216\/"},"modified":"2025-09-02T17:00:11","modified_gmt":"2025-09-02T17:00:11","slug":"une-association-tire-la-sonnette-dalarme","status":"publish","type":"post","link":"https:\/\/www.europesays.com\/fr\/361216\/","title":{"rendered":"une association \u00ab\u00a0tire la sonnette d&rsquo;alarme\u00a0\u00bb"},"content":{"rendered":"<p>            Par<br \/>\n        <strong><br \/>\n            <a href=\"https:\/\/actu.fr\/auteur\/david-saint-sernin\" title=\"Consulter tous les articles de David Saint-Sernin\" target=\"_blank\" rel=\"noopener\">David Saint-Sernin<\/a><br \/>\n        <\/strong><\/p>\n<p>        Publi\u00e9 le<\/p>\n<p>            2 sept. 2025 \u00e0 18h28        <\/p>\n<p><a href=\"https:\/\/actu.fr\/occitanie\/muret_31395\/nouveau-centre-commercial-pres-de-toulouse-les-travaux-debutent-bientot-d-autres-enseignes-annoncees_62770580.html\" target=\"_blank\" rel=\"noopener\">L\u2019ouverture annonc\u00e9e d\u2019une FNAC \u00e0 Muret (Haute-Garonne)<\/a>, au sud de Toulouse, ne fait pas que des heureux. Pour rappel, l\u2019enseigne culturelle, d\u00e9j\u00e0 pr\u00e9sente au centre-ville de <strong>Toulouse <\/strong><a href=\"https:\/\/actu.fr\/occitanie\/toulouse_31555\/toulouse-la-fnac-investit-un-site-historique-du-centre-ville-comment-s-organise-son-grand-demenagement_62886608.html\" target=\"_blank\" rel=\"noopener\">(elle va d\u00e9m\u00e9nager dans les prochaines ann\u00e9es, NDLR)<\/a>\u00a0et \u00e0<strong> Lab\u00e8ge<\/strong>, doit ouvrir un nouveau magasin dans le cadre <a href=\"https:\/\/actu.fr\/occitanie\/muret_31395\/pres-de-toulouse-feu-vert-pour-cet-enorme-projet-de-centre-commercial-en-attente-depuis-25-ans_60162456.html\" target=\"_blank\" rel=\"noopener\">du projet de centre commercial des Portes des Pyr\u00e9n\u00e9es<\/a>, dont les travaux doivent d\u00e9buter en cette rentr\u00e9e de septembre\u00a02025 selon le calendrier annonc\u00e9.<\/p>\n<p>L\u2019arriv\u00e9e de la FNAC r\u00e9jouit le maire de Muret<\/p>\n<p class=\" wall-content\">Si elle r\u00e9jouit le maire de Muret, <strong>Andr\u00e9 Mandement<\/strong> \u2013 \u00ab\u00a0La FNAC, c\u2019est une belle enseigne, dont la r\u00e9putation n\u2019est plus \u00e0 faire, et qui a su se diversifier. Et puis, \u00e7a \u00e9vitera aux Muretains d\u2019aller \u00e0 la FNAC ailleurs\u2026\u2009\u00bb, <a href=\"https:\/\/actu.fr\/occitanie\/muret_31395\/nouveau-centre-commercial-pres-de-toulouse-les-travaux-debutent-bientot-d-autres-enseignes-annoncees_62770580.html\" target=\"_blank\" rel=\"noopener\">a-t-il d\u00e9clar\u00e9 \u00e0 Actu Toulouse<\/a>, il y a quelques semaines \u2013 elle suscite de vives inqui\u00e9tudes chez l\u2019Association r\u00e9gionale des librairies ind\u00e9pendantes (ALIDO) qui \u00ab\u00a0tire la sonnette d\u2019alarme\u00a0\u00bb ce mardi 2\u00a0septembre 2025.<\/p>\n<p>\u00ab\u2009Elle inqui\u00e8te les librairies des communes proches\u2009\u00bb<\/p>\n<p class=\" wall-content\">L\u2019association s\u2019explique\u2009:<\/p>\n<p class=\" wall-content\">\u00ab\u2009Depuis l\u2019automne 2024, les librairies de Blagnac, Grenade et Colomiers, Mondonville voire celle de Pibrac ont \u00e9t\u00e9 durement affect\u00e9es <a href=\"https:\/\/actu.fr\/occitanie\/blagnac_31069\/cultura-va-ouvrir-un-nouveau-magasin-pres-de-toulouse-au-rez-de-chaussee-d-un-magasin-de-meubles_61503193.html\" target=\"_blank\" rel=\"noopener\">par l\u2019ouverture du Cultura \u00e0 Blagnac<\/a>. Les baisses de chiffres d\u2019affaires constat\u00e9es vont jusqu\u2019\u00e0 20, voire 28\u2009%. Dans ce contexte, le projet d\u2019ouverture d\u2019une FNAC \u00e0 Muret, au sud de Toulouse,<strong> met directement en danger la librairie ind\u00e9pendante de la ville<\/strong>, \u00e0 demi-mot, et <strong>inqui\u00e8te les librairies<\/strong> des communes proches [\u2026] Le d\u00e9veloppement des grandes surfaces commerciales en p\u00e9riph\u00e9rie de certaines villes aggrave la d\u00e9sertification des centres-villes d\u00e9j\u00e0 en souffrance, et pr\u00e9cipite la fragilisation des librairies ind\u00e9pendantes pr\u00e9sentes sur ces territoires\u2009\u00bb.<\/p>\n<p class=\" wall-content\">Elle poursuit\u2009:<\/p>\n<p class=\" wall-content\">Avec des moyens bien plus restreints que les grands magasins et plateformes de ventes en ligne, les petites librairies sont les plus expos\u00e9es \u00e0 la fragilit\u00e9 \u00e9conomique, \u00e0 laquelle s\u2019ajoutent une baisse du pouvoir d\u2019achat g\u00e9n\u00e9ralis\u00e9e et une tendance \u00e0 la baisse de la lecture, en particulier chez les plus jeunes. Pourtant, les librairies ind\u00e9pendantes ne sont cependant pas un commerce comme les autres\u2009: elles font vivre la culture au quotidien.<br \/>Elles sont un vecteur de lien territorial, social et d\u2019attractivit\u00e9 culturelle\u00a0\u00bb.\u00a0<\/p>\n<p>Vid\u00e9os : en ce moment sur Actu\u00abRefuser l\u2019implantation de grandes surfaces culturelles\u2026\u2009\u00bb<\/p>\n<p class=\" wall-content\">Ce mardi soir, l\u2019Association r\u00e9gionale des librairies ind\u00e9pendantes appelle les pouvoirs publics \u00ab\u2009\u00e0 prot\u00e9ger le r\u00f4le culturel, social et de coh\u00e9sion territoriale des librairies ind\u00e9pendantes, en refusant l\u2019implantation de grandes surfaces culturelles sur leur territoire d\u00e8s lors qu\u2019il existe d\u00e9j\u00e0 une librairie \u00e0 proximit\u00e9, et \u00e0 renforcer les politiques de soutien aux commerces culturels de centre-ville\u2009\u00bb.<\/p>\n<p>Des fermetures de librairies ces derni\u00e8res ann\u00e9es<\/p>\n<p class=\" wall-content\">Ces derni\u00e8res ann\u00e9es, plusieurs librairies ind\u00e9pendantes ont ferm\u00e9 leurs portes dans l\u2019agglom\u00e9ration de Toulouse comme celle <a href=\"https:\/\/actu.fr\/occitanie\/plaisance-du-touch_31424\/pres-de-toulouse-le-coeur-plein-de-tristesse-la-seule-librairie-de-cette-ville-ferme-ses-portes_58779497.html\" target=\"_blank\" rel=\"noopener\">de Plaisance-du-Touch en avril\u00a02023.<\/a><\/p>\n<p>Votre r\u00e9gion, votre actu !<\/p>\n<p>Recevez chaque jour les infos qui comptent pour vous.<\/p>\n<p>\t<a href=\"https:\/\/actu.fr\/newsletter\" class=\"ac-btn ac-btn--corner ac-btn--medium ac-btn--blue800\" target=\"_blank\" rel=\"noopener\">S&rsquo;incrire<\/a><\/p>\n<p class=\" wall-content\">Plus r\u00e9cemment, en mai\u00a02025, c\u2019est la commune de L\u00e9guevin qui a perdu son unique librairie-caf\u00e9 plomb\u00e9e par le commerce en ligne, et, selon sa g\u00e9rante, \u00ab\u2009par la concurrence exerc\u00e9e par le magasin Cultura de Blagnac\u2009\u00bb.<\/p>\n<p class=\" wall-content\">Toujours pr\u00e8s de Toulouse, c\u2019est la librairie ind\u00e9pendante de Blagnac <a href=\"https:\/\/actu.fr\/occitanie\/blagnac_31069\/c-est-une-histoire-de-mois-pourquoi-l-unique-librairie-de-cette-ville-proche-de-toulouse-menace-de-fermer_62456913.html\" target=\"_blank\" rel=\"noopener\">qui s\u2019est retrouv\u00e9e en grande difficult\u00e9.<\/a><\/p>\n<p class=\" wall-content\">En juin\u00a02025, la mairie de Blagnac a vot\u00e9 \u00e0 l\u2019unanimit\u00e9 pour une aide de 15\u2009000\u00a0\u20ac en faveur de la librairie blagnacaise. Une enveloppe attribu\u00e9e gr\u00e2ce \u00e0 la loi Darcos qui autorise les communes \u00e0 subventionner les librairies ind\u00e9pendantes afin de garantir le maintien d\u2019une offre culturelle de qualit\u00e9.<\/p>\n<p class=\" wall-content\">Dans le m\u00eame temps, la libraire a lanc\u00e9 une campagne de financement participatif qui lui a permis de r\u00e9colter 10\u2009000\u00a0euros.<\/p>\n<p class=\" wall-content\">L\u2019ensemble des fonds r\u00e9colt\u00e9s lui a permis d\u2019\u00e9ponger ses dettes et de relever son commerce comme elle l\u2019a annonc\u00e9 \u00e0 Actu Toulouse avant l\u2019\u00e9t\u00e9.<\/p>\n<p class=\" wall-content\">Personnalisez votre actualit\u00e9 en ajoutant vos villes et m\u00e9dias en favori avec <a href=\"https:\/\/moncompte.actu.fr\" title=\"D\u00e9couvez Mon Actu\" rel=\"nofollow noopener\" data-trk=\"{&quot;cta&quot;:{&quot;action&quot;:&quot;https:\\\/\\\/moncompte.actu.fr&quot;,&quot;category&quot;:&quot;mon compte&quot;,&quot;from&quot;:&quot;article footer&quot;,&quot;name&quot;:&quot;Mon actu&quot;,&quot;type&quot;:&quot;cta&quot;}}\" target=\"_blank\">Mon Actu<\/a>.<\/p>\n","protected":false},"excerpt":{"rendered":"Par David Saint-Sernin Publi\u00e9 le 2 sept. 2025 \u00e0 18h28 L\u2019ouverture annonc\u00e9e d\u2019une FNAC \u00e0 Muret (Haute-Garonne), au&hellip;\n","protected":false},"author":2,"featured_media":361217,"comment_status":"","ping_status":"","sticky":false,"template":"","format":"standard","meta":{"footnotes":""},"categories":[2816],"tags":[1111,11,1777,674,1011,27,12,2849,2680,25,104,2312],"class_list":{"0":"post-361216","1":"post","2":"type-post","3":"status-publish","4":"format-standard","5":"has-post-thumbnail","7":"category-toulouse","8":"tag-actu","9":"tag-actualites","10":"tag-eu","11":"tag-europe","12":"tag-fr","13":"tag-france","14":"tag-news","15":"tag-nouveaux-commerces-a-toulouse","16":"tag-occitanie","17":"tag-republique-francaise","18":"tag-societe","19":"tag-toulouse"},"share_on_mastodon":{"url":"https:\/\/pubeurope.com\/@fr\/115135776342102552","error":""},"_links":{"self":[{"href":"https:\/\/www.europesays.com\/fr\/wp-json\/wp\/v2\/posts\/361216","targetHints":{"allow":["GET"]}}],"collection":[{"href":"https:\/\/www.europesays.com\/fr\/wp-json\/wp\/v2\/posts"}],"about":[{"href":"https:\/\/www.europesays.com\/fr\/wp-json\/wp\/v2\/types\/post"}],"author":[{"embeddable":true,"href":"https:\/\/www.europesays.com\/fr\/wp-json\/wp\/v2\/users\/2"}],"replies":[{"embeddable":true,"href":"https:\/\/www.europesays.com\/fr\/wp-json\/wp\/v2\/comments?post=361216"}],"version-history":[{"count":0,"href":"https:\/\/www.europesays.com\/fr\/wp-json\/wp\/v2\/posts\/361216\/revisions"}],"wp:featuredmedia":[{"embeddable":true,"href":"https:\/\/www.europesays.com\/fr\/wp-json\/wp\/v2\/media\/361217"}],"wp:attachment":[{"href":"https:\/\/www.europesays.com\/fr\/wp-json\/wp\/v2\/media?parent=361216"}],"wp:term":[{"taxonomy":"category","embeddable":true,"href":"https:\/\/www.europesays.com\/fr\/wp-json\/wp\/v2\/categories?post=361216"},{"taxonomy":"post_tag","embeddable":true,"href":"https:\/\/www.europesays.com\/fr\/wp-json\/wp\/v2\/tags?post=361216"}],"curies":[{"name":"wp","href":"https:\/\/api.w.org\/{rel}","templated":true}]}}