{"id":361218,"date":"2025-09-02T17:01:24","date_gmt":"2025-09-02T17:01:24","guid":{"rendered":"https:\/\/www.europesays.com\/fr\/361218\/"},"modified":"2025-09-02T17:01:24","modified_gmt":"2025-09-02T17:01:24","slug":"need-coffee-ouvrira-bientot-ses-portes-a-lille-centre-dans-une-ambiance-chill-et-joyeuse-02-09-2025","status":"publish","type":"post","link":"https:\/\/www.europesays.com\/fr\/361218\/","title":{"rendered":"Need Coffee ouvrira bient\u00f4t ses portes \u00e0 Lille-Centre dans une ambiance chill et joyeuse &#8211; 02\/09\/2025"},"content":{"rendered":"<p>        La rue Pierre-Mauroy continue d&rsquo;accueillir de nouveaux commer\u00e7ant\u00b7es. Apr\u00e8s <a target=\"_blank\" href=\"https:\/\/www.vozer.fr\/2025\/08\/12\/a-lille-la-cafeteria-decalee-dada-ouvre-ses-portes-fin-aout-rue-pierre-mauroy\/\" rel=\"nofollow noopener\">Dada<\/a> et <a target=\"_blank\" href=\"https:\/\/www.instagram.com\/reel\/DN71SrTjJuk\/\" rel=\"nofollow noopener\">Ramen Oden<\/a>, on vous pr\u00e9sente cette fois-ci Need Coffee, un coffee shop tenu par une Lilloise attachante. Le spot doit ouvrir courant septembre, avec une pr\u00e9ouverture pendant la Braderie de Lille. On vous en dit plus.<\/p>\n<p>Il n&rsquo;est pas encore 9h quand Zo\u00e9 Diagne, en plein dans ses cartons fra\u00eechement livr\u00e9s, nous accueille dans son local de la rue Pierre-Mauroy \u00e0 Lille. Stress\u00e9e par toutes les pr\u00e9parations li\u00e9es \u00e0 sa prochaine ouverture, elle arrive pourtant \u00e0 cr\u00e9er, en un temps record, une ambiance chill, chaleureuse et terriblement amicale. On comprend alors ce qui sera le point fort de son futur coffee shop Need : elle.<\/p>\n<p>      <a data-fslightbox=\"lightbox-73163\" data-caption=\"Zo&#xE9; voulait absolument s&#039;installer dans la rue Pierre-Mauroy, &quot;rue en pleine expansion&quot;.\" href=\"https:\/\/vozer.s3.eu-west-3.amazonaws.com\/production\/1756817899\/wvwg682i9oncejnzo70bixc2wbs8\/img_1942.jpg\" rel=\"nofollow noopener\" target=\"_blank\"><br \/>\n        <img decoding=\"async\" class=\"mw-100 lazy\" alt=\"Zo&#xE9; voulait absolument s'installer dans la rue Pierre-Mauroy, &quot;rue en pleine expansion&quot;.\" lazy=\"true\" src=\"https:\/\/www.europesays.com\/fr\/wp-content\/uploads\/2025\/09\/img_1942.webp.webp\"\/><br \/>\n      <\/a><br \/>\n        Zo\u00e9 voulait absolument s&rsquo;installer dans la rue Pierre-Mauroy, \u00ab\u00a0rue en pleine expansion\u00a0\u00bb.<\/p>\n<p>La tout juste trentenaire (elle a souffl\u00e9 ses bougies mi-ao\u00fbt) est n\u00e9e et a grandi \u00e0 Roubaix, avant d&#8217;emm\u00e9nager \u00e0 Lille en 2020. \u00ab\u00a0J&rsquo;ai travaill\u00e9 dans le commerce pendant plus de dix ans, dans le pr\u00eat-\u00e0-porter surtout, raconte-t-elle.\u00a0J&rsquo;ai toujours voulu ouvrir un lieu pour moi mais je ne savais pas quoi encore.\u00a0Lorsque sa bo\u00eete annonce un plan social (qui n&rsquo;a finalement pas eu lieu), elle se dit alors que c&rsquo;est le bon moment pour se lancer.<\/p>\n<p>Et quoi de mieux qu&rsquo;un coffee shop pour r\u00e9pondre \u00e0 son d\u00e9sir de faire un lieu plein de vie, \u00e0 son image. \u00ab\u00a0Je veux que les clients se sentent bien, qu&rsquo;ils puissent taper la discut&rsquo; avec moi et qu&rsquo;ils se sentent comme chez eux, r\u00e9sume la g\u00e9rante.\u00a0L&rsquo;important pour moi, c&rsquo;est qu&rsquo;ils soient bien accueillis.\u00a0\u00bb Et pour \u00e7a, Zo\u00e9 veut une d\u00e9co \u00e9pur\u00e9e \u00ab\u00a0pour qu&rsquo;ils ne se sentent pas \u00e9touff\u00e9s.\u00a0\u00bb<\/p>\n<p>Une carte typique de coffee shop avec quelques surprises<\/p>\n<p>Maintenant, parlons de ce qu&rsquo;on va trouver dans la tasse. Du c\u00f4t\u00e9 des boissons chaudes, vous allez retrouver tout ce qu&rsquo;on trouve habituellement dans un coffee shop : les diff\u00e9rentes d\u00e9clinaisons de caf\u00e9 (espresso, allong\u00e9, latte, iced coffee, etc.), du th\u00e9, du matcha, du cha\u00ef et du chocolat chaud. \u00ab\u00a0Il y aura aussi des boissons sp\u00e9ciales qui tourneront\u00a0\u00bb, ajoute Zo\u00e9 qui pr\u00e9voit aussi de la limonade et du th\u00e9 glac\u00e9 maison. Bonne nouvelle pour les vegan\u00b7es et les intol\u00e9rant\u00b7es au lait de vache, Zo\u00e9 a pris son stock de lait d&rsquo;avoine et de coco.\u00a0<\/p>\n<p>Pour ce qui est des gourmandises sucr\u00e9es, Zo\u00e9 va pour l&rsquo;instant faire ses propres cookies et cakes type banana bread ou encore carrot cake. Mais il y aura aussi dans un second temps, une offre sal\u00e9e, \u00e0 manger sur le pouce, gourmande et qui changera r\u00e9guli\u00e8rement. On ne peut pas vous en dire plus pour l&rsquo;instant car la carte n&rsquo;est pas d\u00e9finitive. \u00ab\u00a0Je teste plusieurs fournisseurs et mon offre s&rsquo;adaptera aussi en fonction de la demande\u00a0\u00bb, termine la Lilloise.\u00a0<\/p>\n<p>Pr\u00e9ouverture \u00e0 la Braderie<\/p>\n<p>Zo\u00e9 compte bien vous donner un petit aper\u00e7u de sa carte pendant la Braderie de Lille, les 6 et 7 septembre. Tout se passera \u00e0 l&rsquo;ext\u00e9rieur devant son local. Pour d\u00e9couvrir son coffee shop termin\u00e9, il va falloir attendre un peu, puisqu&rsquo;elle pr\u00e9voit d&rsquo;ouvrir \u00ab\u00a0courant septembre, le plus t\u00f4t possible.\u00a0\u00bb\u00a0Stay tuned.<\/p>\n<p>    <script async src=\"\/\/www.instagram.com\/embed.js\"><\/script><\/p>\n","protected":false},"excerpt":{"rendered":"La rue Pierre-Mauroy continue d&rsquo;accueillir de nouveaux commer\u00e7ant\u00b7es. Apr\u00e8s Dada et Ramen Oden, on vous pr\u00e9sente cette fois-ci&hellip;\n","protected":false},"author":2,"featured_media":361219,"comment_status":"","ping_status":"","sticky":false,"template":"","format":"standard","meta":{"footnotes":""},"categories":[2815],"tags":[1111,11,1777,674,1011,27,811,1307,12,25],"class_list":{"0":"post-361218","1":"post","2":"type-post","3":"status-publish","4":"format-standard","5":"has-post-thumbnail","7":"category-lille","8":"tag-actu","9":"tag-actualites","10":"tag-eu","11":"tag-europe","12":"tag-fr","13":"tag-france","14":"tag-hauts-de-france","15":"tag-lille","16":"tag-news","17":"tag-republique-francaise"},"share_on_mastodon":{"url":"https:\/\/pubeurope.com\/@fr\/115135780545748071","error":""},"_links":{"self":[{"href":"https:\/\/www.europesays.com\/fr\/wp-json\/wp\/v2\/posts\/361218","targetHints":{"allow":["GET"]}}],"collection":[{"href":"https:\/\/www.europesays.com\/fr\/wp-json\/wp\/v2\/posts"}],"about":[{"href":"https:\/\/www.europesays.com\/fr\/wp-json\/wp\/v2\/types\/post"}],"author":[{"embeddable":true,"href":"https:\/\/www.europesays.com\/fr\/wp-json\/wp\/v2\/users\/2"}],"replies":[{"embeddable":true,"href":"https:\/\/www.europesays.com\/fr\/wp-json\/wp\/v2\/comments?post=361218"}],"version-history":[{"count":0,"href":"https:\/\/www.europesays.com\/fr\/wp-json\/wp\/v2\/posts\/361218\/revisions"}],"wp:featuredmedia":[{"embeddable":true,"href":"https:\/\/www.europesays.com\/fr\/wp-json\/wp\/v2\/media\/361219"}],"wp:attachment":[{"href":"https:\/\/www.europesays.com\/fr\/wp-json\/wp\/v2\/media?parent=361218"}],"wp:term":[{"taxonomy":"category","embeddable":true,"href":"https:\/\/www.europesays.com\/fr\/wp-json\/wp\/v2\/categories?post=361218"},{"taxonomy":"post_tag","embeddable":true,"href":"https:\/\/www.europesays.com\/fr\/wp-json\/wp\/v2\/tags?post=361218"}],"curies":[{"name":"wp","href":"https:\/\/api.w.org\/{rel}","templated":true}]}}