{"id":361220,"date":"2025-09-02T17:02:11","date_gmt":"2025-09-02T17:02:11","guid":{"rendered":"https:\/\/www.europesays.com\/fr\/361220\/"},"modified":"2025-09-02T17:02:11","modified_gmt":"2025-09-02T17:02:11","slug":"la-braderie-a-deja-commence-chez-les-commercants-du-vieux-lille","status":"publish","type":"post","link":"https:\/\/www.europesays.com\/fr\/361220\/","title":{"rendered":"La braderie a d\u00e9j\u00e0 commenc\u00e9 chez les commer\u00e7ants du vieux Lille"},"content":{"rendered":"<p>En amont de la braderie qui aura lieu ce week-end, les commer\u00e7ants du vieux Lille proposent des rabais depuis le d\u00e9but de la semaine. Une occasion pour les habitu\u00e9s de profiter de l&rsquo;\u00e9v\u00e8nement avant l&rsquo;heure.<\/p>\n<p><strong>Plus que quelques jours<\/strong> avant le d\u00e9but de la braderie dans la capitale des Flandres\u00a0!\u00a0<strong>Dans les rues du vieux Lille, les premiers rabais sont d\u00e9j\u00e0 visibles sur les vitrines des boutiques<\/strong>. \u00a0\u00bb Alors \u00e7a va de 30% \u00e0 70% de r\u00e9duction \u00a0\u00bb\u00a0pr\u00e9cise Patricia Potier, responsable de Desforges.\u00a0Pour ce magasin de linge de maison,\u00a0\u00a0\u00bb c&rsquo;est rentable au niveau \u00e9conomique et \u00e7a nous permet de bien commencer la saison \u00ab\u00a0.<\/p>\n<p>\u00c0 lire aussi   <img decoding=\"async\" src=\"https:\/\/www.europesays.com\/fr\/wp-content\/uploads\/2025\/09\/1756832531_948_560x315\" alt=\"Plus de 2,5 millions de visiteurs sont attendus \u00e0 la Braderie de Lille les samedi 6 et dimanche 7 septembre 2025\" style=\"--_image-preview:url('data:image\/jpeg;base64,\/9j\/2wBDACgcHiMeGSgjISMtKygwPGRBPDc3PHtYXUlkkYCZlo+AjIqgtObDoKrarYqMyP\/L2u71\/\/\/\/m8H\/\/\/\/6\/+b9\/\/j\/2wBDASstLTw1PHZBQXb4pYyl+Pj4+Pj4+Pj4+Pj4+Pj4+Pj4+Pj4+Pj4+Pj4+Pj4+Pj4+Pj4+Pj4+Pj4+Pj4+Pj4+Pj\/wAARCAAXACoDASIAAhEBAxEB\/8QAFwABAQEBAAAAAAAAAAAAAAAAAAEDAv\/EABYQAQEBAAAAAAAAAAAAAAAAAAAREv\/EABYBAQEBAAAAAAAAAAAAAAAAAAACAf\/EABURAQEAAAAAAAAAAAAAAAAAAAAR\/9oADAMBAAIRAxEAPwDqlcUqqmO6tZ1aUjSrWejRSMaUEqWlAatKAx\/\/2Q==');\" loading=\"lazy\" fetchpriority=\"low\" aria-hidden=\"true\" class=\"svelte-1pnmlwx rounded\" onload=\"this.__e=event\" onerror=\"this.__e=event\"\/><\/p>\n<p><strong>Responsable depuis une trentaine d&rsquo;ann\u00e9es<\/strong>, Patricia Potier sait que les rabais en avance suscitent surtout de l&rsquo;int\u00e9r\u00eat chez ses \u00ab\u00a0les clients r\u00e9guliers \u00a0\u00bb . C&rsquo;est le cas de Val\u00e9rie, elle\u00a0vient \u00a0\u00bb tous les ans avant le weekend phare, en g\u00e9n\u00e9ral je fais des bonnes affaires \u00ab\u00a0. <strong>Cette h<\/strong>abitante de la M\u00e9tropole Europ\u00e9enne Lilloise** depuis 20 ans\u00a0ajoute\u00a0: \u00a0\u00bb pour nous c&rsquo;est plus int\u00e9ressant, surtout quand on habite \u00e0 proximit\u00e9 \u00ab\u00a0.<\/p>\n<p>\u00a0\u00bb Prix braderie \u00ab\u00a0<\/p>\n<p>Pour aller chercher sa fille au coll\u00e8ge, Karine file dans les rues du c\u0153ur historique de la ville. Elle ne s&rsquo;arr\u00eate pas devant les boutiques, sauf quand elle aper\u00e7oit \u00a0\u00bb prix braderie \u00ab\u00a0. <strong>Cette maman compte chiner ce weekend<\/strong>, \u00a0\u00bb j&rsquo;ai rep\u00e9r\u00e9 quelques petites choses, je reviendrais plus tard parce que je n&rsquo;ai pas le temps \u00a0\u00bb s&rsquo;exclame-t-elle en continuant son chemin.<\/p>\n<p>A l&rsquo;int\u00e9rieur d&rsquo;un magasin de chaussures situ\u00e9 rue Basse, <strong>les premiers int\u00e9ress\u00e9s se bousculent d\u00e9j\u00e0 pour des paires de bottes ou des sandales<\/strong>. Manon, 38 ans, est accompagn\u00e9e de sa m\u00e8re. Toutes les deux portent des lunettes rondes et un sac l\u00e9opard sous le bras, \u00a0\u00bb le weekend g\u00e9n\u00e9ralement on travaille \u00a0\u00bb\u00a0 raconte la jeune femme. <strong>Elle n&rsquo;ira pas \u00e0 la braderie<\/strong>, \u00a0\u00bb j&rsquo;ai un petit gar\u00e7on en bas \u00e2ge, y&rsquo;a trop de monde et donc on peut le perdre, il peut se blesser ou \u00e7a peut \u00eatre anxiog\u00e8ne pour lui \u00a0\u00bb pr\u00e9cise-t-elle.<\/p>\n<p><img loading=\"lazy\" decoding=\"async\" class=\"VisualPreview svelte-1rldrkz\" src=\"data:image\/jpeg;base64,\/9j\/2wBDACgcHiMeGSgjISMtKygwPGRBPDc3PHtYXUlkkYCZlo+AjIqgtObDoKrarYqMyP\/L2u71\/\/\/\/m8H\/\/\/\/6\/+b9\/\/j\/2wBDASstLTw1PHZBQXb4pYyl+Pj4+Pj4+Pj4+Pj4+Pj4+Pj4+Pj4+Pj4+Pj4+Pj4+Pj4+Pj4+Pj4+Pj4+Pj4+Pj4+Pj\/wAARCAAfACoDASIAAhEBAxEB\/8QAGAAAAwEBAAAAAAAAAAAAAAAAAQIDAAT\/xAAYEAEBAQEBAAAAAAAAAAAAAAAAAQIREv\/EABYBAQEBAAAAAAAAAAAAAAAAAAEAAv\/EABQRAQAAAAAAAAAAAAAAAAAAAAD\/2gAMAwEAAhEDEQA\/AOjSdp9VLVBa0OltDoR+t0nQ9AujSWldI6aBLQ61JaEa6D0S0Oov\/9k=\" alt=\"Le magasin Ninon situ\u00e9 rue basse propose des chaussures \u00e0 -60% depuis lundi\" width=\"600\" height=\"450\"\/>  Le magasin Ninon situ\u00e9 rue basse propose des chaussures \u00e0 -60% depuis lundi \u00a9 Radio France &#8211; Nina Richard<\/p>\n<p>\u00a0\u00bb Je fais des prix braderie avant l&rsquo;heure pour ma client\u00e8le \u00a0\u00bb\u00a0 assure H\u00e9l\u00e8ne Natier. <strong>Responsable de la boutique ind\u00e9pendante Bleu Natier depuis 38 ans<\/strong>, \u00a0\u00bb j&rsquo;ai une petite probl\u00e9matique sur ce weekend, en face j&rsquo;ai des bars et \u00e0 partir du midi il y a trop de bruit \u00ab\u00a0. <strong>En face de son enseigne, il y a trois bars \u00e0 qui elle laisse la place \u00e0 partir de 14h ce samedi 06 septembre<\/strong>.<\/p>\n<p>\u00a0\u00bb Pour eux, c&rsquo;est extr\u00eamement important cette braderie \u00a0\u00bb assure H\u00e9l\u00e8ne Natier, <strong>aussi pr\u00e9sidente de l&rsquo;union commerciale C\u0153ur de Lille<\/strong>.\u00a0\u00a0\u00bb Autant trouver un \u00e9quilibre dans lequel chacun s&rsquo;y retrouve \u00ab\u00a0, et\u00a0c&rsquo;est <strong>ce\u00a0syst\u00e8me de \u00a0\u00bb pr\u00e9-braderie \u00a0\u00bb qui a \u00e9t\u00e9 adopt\u00e9 par<\/strong>\u00a0\u00a0<strong>la centaine de\u00a0 boutiques ind\u00e9pendantes\u00a0r\u00e9unies dans cette union.<\/strong> Beaucoup de magasins de pr\u00eat \u00e0 porter ou de chaussures ont donc d\u00e9j\u00e0 lanc\u00e9 les hostilit\u00e9s dans le centre historique de la ville.<\/p>\n<p>\u00c0 lire aussi   <img decoding=\"async\" src=\"https:\/\/www.europesays.com\/fr\/wp-content\/uploads\/2025\/09\/1756832531_399_560x315\" alt=\"Affiche 2025 de la Braderie de Lille\" style=\"--_image-preview:url('data:image\/jpeg;base64,\/9j\/2wBDACgcHiMeGSgjISMtKygwPGRBPDc3PHtYXUlkkYCZlo+AjIqgtObDoKrarYqMyP\/L2u71\/\/\/\/m8H\/\/\/\/6\/+b9\/\/j\/2wBDASstLTw1PHZBQXb4pYyl+Pj4+Pj4+Pj4+Pj4+Pj4+Pj4+Pj4+Pj4+Pj4+Pj4+Pj4+Pj4+Pj4+Pj4+Pj4+Pj4+Pj\/wAARCAAXACoDASIAAhEBAxEB\/8QAFwABAQEBAAAAAAAAAAAAAAAAAAECA\/\/EABYQAQEBAAAAAAAAAAAAAAAAAAABEf\/EABYBAQEBAAAAAAAAAAAAAAAAAAEDAv\/EABgRAQEBAQEAAAAAAAAAAAAAAAABEQIS\/9oADAMBAAIRAxEAPwDgmKCL9UxZBSnpFA4PTADK1VQLFigNRGv\/2Q==');\" loading=\"lazy\" fetchpriority=\"low\" aria-hidden=\"true\" class=\"svelte-1pnmlwx rounded\" onload=\"this.__e=event\" onerror=\"this.__e=event\"\/><\/p>\n","protected":false},"excerpt":{"rendered":"En amont de la braderie qui aura lieu ce week-end, les commer\u00e7ants du vieux Lille proposent des rabais&hellip;\n","protected":false},"author":2,"featured_media":361221,"comment_status":"","ping_status":"","sticky":false,"template":"","format":"standard","meta":{"footnotes":""},"categories":[2815],"tags":[1111,11,1777,674,1011,27,811,1307,12,25],"class_list":{"0":"post-361220","1":"post","2":"type-post","3":"status-publish","4":"format-standard","5":"has-post-thumbnail","7":"category-lille","8":"tag-actu","9":"tag-actualites","10":"tag-eu","11":"tag-europe","12":"tag-fr","13":"tag-france","14":"tag-hauts-de-france","15":"tag-lille","16":"tag-news","17":"tag-republique-francaise"},"share_on_mastodon":{"url":"https:\/\/pubeurope.com\/@fr\/115135784191500568","error":""},"_links":{"self":[{"href":"https:\/\/www.europesays.com\/fr\/wp-json\/wp\/v2\/posts\/361220","targetHints":{"allow":["GET"]}}],"collection":[{"href":"https:\/\/www.europesays.com\/fr\/wp-json\/wp\/v2\/posts"}],"about":[{"href":"https:\/\/www.europesays.com\/fr\/wp-json\/wp\/v2\/types\/post"}],"author":[{"embeddable":true,"href":"https:\/\/www.europesays.com\/fr\/wp-json\/wp\/v2\/users\/2"}],"replies":[{"embeddable":true,"href":"https:\/\/www.europesays.com\/fr\/wp-json\/wp\/v2\/comments?post=361220"}],"version-history":[{"count":0,"href":"https:\/\/www.europesays.com\/fr\/wp-json\/wp\/v2\/posts\/361220\/revisions"}],"wp:featuredmedia":[{"embeddable":true,"href":"https:\/\/www.europesays.com\/fr\/wp-json\/wp\/v2\/media\/361221"}],"wp:attachment":[{"href":"https:\/\/www.europesays.com\/fr\/wp-json\/wp\/v2\/media?parent=361220"}],"wp:term":[{"taxonomy":"category","embeddable":true,"href":"https:\/\/www.europesays.com\/fr\/wp-json\/wp\/v2\/categories?post=361220"},{"taxonomy":"post_tag","embeddable":true,"href":"https:\/\/www.europesays.com\/fr\/wp-json\/wp\/v2\/tags?post=361220"}],"curies":[{"name":"wp","href":"https:\/\/api.w.org\/{rel}","templated":true}]}}