{"id":361224,"date":"2025-09-02T17:04:13","date_gmt":"2025-09-02T17:04:13","guid":{"rendered":"https:\/\/www.europesays.com\/fr\/361224\/"},"modified":"2025-09-02T17:04:13","modified_gmt":"2025-09-02T17:04:13","slug":"on-etait-face-a-un-individu-qui-etait-menacant-et-vehement-a-legard-des-policiers-souligne-eddy-sid-porte-parole-du-syndicat-de-police-unite-marseille","status":"publish","type":"post","link":"https:\/\/www.europesays.com\/fr\/361224\/","title":{"rendered":"\u00ab\u00a0On \u00e9tait face \u00e0 un individu qui \u00e9tait mena\u00e7ant et v\u00e9h\u00e9ment\u00a0\u00bb \u00e0 l&rsquo;\u00e9gard des policiers, souligne Eddy Sid, porte-parole du syndicat de police UNIT\u00c9 Marseille"},"content":{"rendered":"<p>Attaque au couteau \u00e0 Marseille: \u00ab\u00a0On \u00e9tait face \u00e0 un individu qui \u00e9tait mena\u00e7ant et v\u00e9h\u00e9ment\u00a0\u00bb \u00e0 l&rsquo;\u00e9gard des policiers, souligne Eddy Sid, porte-parole du syndicat de police UNIT\u00c9 MarseilleSur le m\u00eame sujet<a href=\"https:\/\/www.bfmtv.com\/police-justice\/video-attaque-au-couteau-a-marseille-on-etait-face-a-un-individu-qui-etait-menacant-et-vehement-a-l-egard-des-policiers-souligne-eddy-sid-porte-parole-du-syndicat-de-police-unite-marseille_VN-202509020757.html\" title=\"Attaque au couteau \u00e0 Marseille: &quot;On \u00e9tait face \u00e0 un individu qui \u00e9tait mena\u00e7ant et v\u00e9h\u00e9ment&quot; \u00e0 l&#039;\u00e9gard des policiers, souligne Eddy Sid, porte-parole du syndicat de police UNIT\u00c9 Marseille\" rel=\"nofollow noopener\" target=\"_blank\"><img width=\"16\" height=\"9\" class=\"lozad\"  alt=\"Attaque au couteau \u00e0 Marseille: &quot;On \u00e9tait face \u00e0 un individu qui \u00e9tait mena\u00e7ant et v\u00e9h\u00e9ment&quot; \u00e0 l'\u00e9gard des policiers, souligne Eddy Sid, porte-parole du syndicat de police UNIT\u00c9 Marseille\"\/>en lectureAttaque au couteau \u00e0 Marseille: \u00ab\u00a0On \u00e9tait face \u00e0 un individu qui \u00e9tait mena\u00e7ant et v\u00e9h\u00e9ment\u00a0\u00bb \u00e0 l&rsquo;\u00e9gard des policiers, souligne Eddy Sid, porte-parole du syndicat de police UNIT\u00c9 Marseille<\/a><a href=\"https:\/\/www.bfmtv.com\/police-justice\/video-attaque-au-couteau-a-marseille-les-actes-de-violence-sont-de-plus-en-plus-forts-affirme-sylvie-noachovitch-avocate-penaliste-au-barreau-de-paris_VN-202509020750.html\" title=\"Attaque au couteau \u00e0 Marseille: &quot;Les actes de violence sont de plus en plus forts&quot;, affirme Sylvie Noachovitch, avocate p\u00e9naliste au barreau de Paris\" rel=\"nofollow noopener\" target=\"_blank\"><img width=\"16\" height=\"9\" class=\"lozad\"  alt=\"Attaque au couteau \u00e0 Marseille: &quot;Les actes de violence sont de plus en plus forts&quot;, affirme Sylvie Noachovitch, avocate p\u00e9naliste au barreau de Paris\"\/>1:12Attaque au couteau \u00e0 Marseille: \u00ab\u00a0Les actes de violence sont de plus en plus forts\u00a0\u00bb, affirme Sylvie Noachovitch, avocate p\u00e9naliste au barreau de Paris<\/a><a href=\"https:\/\/www.bfmtv.com\/police-justice\/video-attaque-a-marseille-valerie-boyer-senatrice-lr-des-bouches-du-rhone-salue-la-reactivite-des-forces-de-police_VN-202509020746.html\" title=\"Attaque \u00e0 Marseille: Val\u00e9rie Boyer, s\u00e9natrice LR des Bouches-du-Rh\u00f4ne salue &quot;la r\u00e9activit\u00e9 des forces de police&quot; \" rel=\"nofollow noopener\" target=\"_blank\"><img width=\"16\" height=\"9\" class=\"lozad\"  alt=\"Attaque \u00e0 Marseille: Val\u00e9rie Boyer, s\u00e9natrice LR des Bouches-du-Rh\u00f4ne salue &quot;la r\u00e9activit\u00e9 des forces de police&quot; \"\/>2:46Attaque \u00e0 Marseille: Val\u00e9rie Boyer, s\u00e9natrice LR des Bouches-du-Rh\u00f4ne salue \u00ab\u00a0la r\u00e9activit\u00e9 des forces de police\u00a0\u00bb<\/a><a href=\"https:\/\/www.bfmtv.com\/police-justice\/video-attaque-au-couteau-a-marseille-les-policiers-ont-fait-feu-car-visiblement-c-etait-le-dernier-recours-pour-proteger-des-vies-indique-mathieu-valet-depute-europeen-du-rassemblement-national_VN-202509020711.html\" title=\"Attaque au couteau \u00e0 Marseille: &quot;Les policiers ont fait feu car visiblement, c&#039;\u00e9tait le dernier recours pour prot\u00e9ger des vies&quot;, indique Mathieu Valet, d\u00e9put\u00e9 europ\u00e9en du Rassemblement national\" rel=\"nofollow noopener\" target=\"_blank\"><img width=\"16\" height=\"9\" class=\"lozad\"  alt=\"Attaque au couteau \u00e0 Marseille: &quot;Les policiers ont fait feu car visiblement, c'\u00e9tait le dernier recours pour prot\u00e9ger des vies&quot;, indique Mathieu Valet, d\u00e9put\u00e9 europ\u00e9en du Rassemblement national\"\/>1:04Attaque au couteau \u00e0 Marseille: \u00ab\u00a0Les policiers ont fait feu car visiblement, c&rsquo;\u00e9tait le dernier recours pour prot\u00e9ger des vies\u00a0\u00bb, indique Mathieu Valet, d\u00e9put\u00e9 europ\u00e9en du Rassemblement national<\/a><a href=\"https:\/\/www.bfmtv.com\/police-justice\/video-attaque-a-marseille-le-quartier-toujours-boucle-par-les-forces-de-l-ordre_VN-202509020706.html\" title=\"Attaque \u00e0 Marseille: le quartier toujours boucl\u00e9 par les forces de l&#039;ordre\" rel=\"nofollow noopener\" target=\"_blank\"><img width=\"16\" height=\"9\" class=\"lozad\"  alt=\"Attaque \u00e0 Marseille: le quartier toujours boucl\u00e9 par les forces de l'ordre\"\/>1:24Attaque \u00e0 Marseille: le quartier toujours boucl\u00e9 par les forces de l&rsquo;ordre<\/a><a href=\"https:\/\/www.bfmtv.com\/police-justice\/video-attaque-au-couteau-a-marseille-on-a-un-probleme-de-sante-mentale-dans-ce-pays-assure-mathieu-lefevre-depute-ensemble-pour-la-republique-du-val-de-marne_VN-202509020700.html\" title=\"Attaque au couteau \u00e0 Marseille: &quot;On a un probl\u00e8me de sant\u00e9 mentale dans ce pays&quot;, assure Mathieu Lef\u00e8vre, d\u00e9put\u00e9 Ensemble pour la R\u00e9publique du Val-de-Marne\" rel=\"nofollow noopener\" target=\"_blank\"><img width=\"16\" height=\"9\" class=\"lozad\"  alt=\"Attaque au couteau \u00e0 Marseille: &quot;On a un probl\u00e8me de sant\u00e9 mentale dans ce pays&quot;, assure Mathieu Lef\u00e8vre, d\u00e9put\u00e9 Ensemble pour la R\u00e9publique du Val-de-Marne\"\/>1:09Attaque au couteau \u00e0 Marseille: \u00ab\u00a0On a un probl\u00e8me de sant\u00e9 mentale dans ce pays\u00a0\u00bb, assure Mathieu Lef\u00e8vre, d\u00e9put\u00e9 Ensemble pour la R\u00e9publique du Val-de-Marne<\/a><a href=\"https:\/\/www.bfmtv.com\/police-justice\/video-attaque-au-couteau-a-marseille-on-n-a-pas-besoin-de-monsieur-retailleau-pour-des-promesses-qu-il-ne-tiendra-pas-fustige-stephane-ravier-senateur-divers-droite-des-bouches-du-rhone_VN-202509020699.html\" title=\"Attaque au couteau \u00e0 Marseille: &quot;On n&#039;a pas besoin de monsieur Retailleau pour des promesses qu&#039;il ne tiendra pas&quot;, fustige St\u00e9phane Ravier, s\u00e9nateur divers droite des Bouches-du-Rh\u00f4ne \" rel=\"nofollow noopener\" target=\"_blank\"><img width=\"16\" height=\"9\" class=\"lozad\"  alt=\"Attaque au couteau \u00e0 Marseille: &quot;On n'a pas besoin de monsieur Retailleau pour des promesses qu'il ne tiendra pas&quot;, fustige St\u00e9phane Ravier, s\u00e9nateur divers droite des Bouches-du-Rh\u00f4ne \"\/>0:55Attaque au couteau \u00e0 Marseille: \u00ab\u00a0On n&rsquo;a pas besoin de monsieur Retailleau pour des promesses qu&rsquo;il ne tiendra pas\u00a0\u00bb, fustige St\u00e9phane Ravier, s\u00e9nateur divers droite des Bouches-du-Rh\u00f4ne<\/a><a href=\"https:\/\/www.bfmtv.com\/police-justice\/video-attaque-au-couteau-ces-policiers-ont-permis-a-marseille-d-etre-debarrasse-d-une-ordure-lance-stephane-ravier-senateur-divers-droite-des-bouches-du-rhone_VN-202509020697.html\" title=\"Attaque au couteau: &quot;Ces policiers ont permis \u00e0 Marseille d&#039;\u00eatre d\u00e9barrass\u00e9 d&#039;une ordure&quot;, lance St\u00e9phane Ravier, s\u00e9nateur divers droite des Bouches-du-Rh\u00f4ne \" rel=\"nofollow noopener\" target=\"_blank\"><img width=\"16\" height=\"9\" class=\"lozad\"  alt=\"Attaque au couteau: &quot;Ces policiers ont permis \u00e0 Marseille d'\u00eatre d\u00e9barrass\u00e9 d'une ordure&quot;, lance St\u00e9phane Ravier, s\u00e9nateur divers droite des Bouches-du-Rh\u00f4ne \"\/>1:23Attaque au couteau: \u00ab\u00a0Ces policiers ont permis \u00e0 Marseille d&rsquo;\u00eatre d\u00e9barrass\u00e9 d&rsquo;une ordure\u00a0\u00bb, lance St\u00e9phane Ravier, s\u00e9nateur divers droite des Bouches-du-Rh\u00f4ne<\/a><a href=\"https:\/\/www.bfmtv.com\/replay-emissions\/bfm-story\/video-marschall-truchot-attaque-au-couteau-a-marseille-cinq-blesses-l-assaillant-tue-02-09_VN-202509020701.html\" title=\"Marschall Truchot : Attaque au couteau \u00e0 Marseille, cinq bless\u00e9s, l&#039;assaillant tu\u00e9 - 02\/09\" rel=\"nofollow noopener\" target=\"_blank\"><img width=\"16\" height=\"9\" class=\"lozad\"  alt=\"Marschall Truchot : Attaque au couteau \u00e0 Marseille, cinq bless\u00e9s, l'assaillant tu\u00e9 - 02\/09\"\/>41:01Marschall Truchot : Attaque au couteau \u00e0 Marseille, cinq bless\u00e9s, l&rsquo;assaillant tu\u00e9 &#8211; 02\/09<\/a><a href=\"https:\/\/www.bfmtv.com\/police-justice\/video-attaque-au-couteau-a-marseille-on-est-en-etat-de-legitime-defense-et-on-neutralise-la-personne-il-n-y-a-pas-le-choix-souligne-jean-christophe-couvy-secretaire-national-du-syndicat-de-police-unite_VN-202509020693.html\" title=\"Attaque au couteau \u00e0 Marseille: &quot;On est en \u00e9tat de l\u00e9gitime d\u00e9fense et on neutralise la personne, il n&#039;y a pas le choix&quot;, souligne Jean-Christophe Couvy, secr\u00e9taire national du syndicat de police UNIT\u00c9\" rel=\"nofollow noopener\" target=\"_blank\"><img width=\"16\" height=\"9\" class=\"lozad\"  alt=\"Attaque au couteau \u00e0 Marseille: &quot;On est en \u00e9tat de l\u00e9gitime d\u00e9fense et on neutralise la personne, il n'y a pas le choix&quot;, souligne Jean-Christophe Couvy, secr\u00e9taire national du syndicat de police UNIT\u00c9\"\/>1:03Attaque au couteau \u00e0 Marseille: \u00ab\u00a0On est en \u00e9tat de l\u00e9gitime d\u00e9fense et on neutralise la personne, il n&rsquo;y a pas le choix\u00a0\u00bb, souligne Jean-Christophe Couvy, secr\u00e9taire national du syndicat de police UNIT\u00c9<\/a><a href=\"https:\/\/www.bfmtv.com\/police-justice\/video-attaque-au-couteau-a-marseille-nicolas-bessone-procureur-de-marseille-deplore-un-periple-criminel-gratuit-a-l-aveugle_VN-202509020684.html\" title=\"Attaque au couteau \u00e0 Marseille: Nicolas Bessone, procureur de Marseille, d\u00e9plore un &quot;p\u00e9riple criminel gratuit, \u00e0 l&#039;aveugle&quot;\" rel=\"nofollow noopener\" target=\"_blank\"><img width=\"16\" height=\"9\" class=\"lozad\"  alt=\"Attaque au couteau \u00e0 Marseille: Nicolas Bessone, procureur de Marseille, d\u00e9plore un &quot;p\u00e9riple criminel gratuit, \u00e0 l'aveugle&quot;\"\/>4:30Attaque au couteau \u00e0 Marseille: Nicolas Bessone, procureur de Marseille, d\u00e9plore un \u00ab\u00a0p\u00e9riple criminel gratuit, \u00e0 l&rsquo;aveugle\u00a0\u00bb<\/a><a href=\"https:\/\/www.bfmtv.com\/police-justice\/video-info-bfmtv-un-homme-mortellement-touche-par-des-tirs-policiers-apres-avoir-poignarde-plusieurs-personnes-dans-un-hotel-a-marseille_VN-202509020682.html\" title=\"Info BFMTV - Un homme mortellement touch\u00e9 par des tirs policiers apr\u00e8s avoir poignard\u00e9 plusieurs personnes dans un h\u00f4tel \u00e0 Marseille\" rel=\"nofollow noopener\" target=\"_blank\"><img width=\"16\" height=\"9\" class=\"lozad\"  alt=\"Info BFMTV - Un homme mortellement touch\u00e9 par des tirs policiers apr\u00e8s avoir poignard\u00e9 plusieurs personnes dans un h\u00f4tel \u00e0 Marseille\"\/>2:31Info BFMTV &#8211; Un homme mortellement touch\u00e9 par des tirs policiers apr\u00e8s avoir poignard\u00e9 plusieurs personnes dans un h\u00f4tel \u00e0 Marseille<\/a><a href=\"https:\/\/www.bfmtv.com\/police-justice\/video-rave-party-dans-l-aude-le-nombre-d-unites-presentes-permet-de-faire-cette-evacuation-sous-contrainte-sans-utiliser-la-violence-assure-alain-bucquet-prefet-de-l-aude_VN-202509020655.html\" title=\"Rave party dans l&#039;Aude: &quot;Le nombre d&#039;unit\u00e9s pr\u00e9sentes permet de faire cette \u00e9vacuation sous contrainte, sans utiliser la violence&quot;, assure Alain Bucquet, pr\u00e9fet de l&#039;Aude\" rel=\"nofollow noopener\" target=\"_blank\"><img width=\"16\" height=\"9\" class=\"lozad\"  alt=\"Rave party dans l'Aude: &quot;Le nombre d'unit\u00e9s pr\u00e9sentes permet de faire cette \u00e9vacuation sous contrainte, sans utiliser la violence&quot;, assure Alain Bucquet, pr\u00e9fet de l'Aude\"\/>2:54Rave party dans l&rsquo;Aude: \u00ab\u00a0Le nombre d&rsquo;unit\u00e9s pr\u00e9sentes permet de faire cette \u00e9vacuation sous contrainte, sans utiliser la violence\u00a0\u00bb, assure Alain Bucquet, pr\u00e9fet de l&rsquo;Aude<\/a><a href=\"https:\/\/www.bfmtv.com\/police-justice\/video-rave-party-dans-l-aude-l-evacuation-est-en-cours-dans-le-calme-affirme-alain-bucquet-prefet-de-l-aude_VN-202509020650.html\" title=\"Rave party dans l&#039;Aude: &quot;L&#039;\u00e9vacuation est en cours [...] dans le calme&quot;, affirme Alain Bucquet, pr\u00e9fet de l&#039;Aude\" rel=\"nofollow noopener\" target=\"_blank\"><img width=\"16\" height=\"9\" class=\"lozad\"  alt=\"Rave party dans l'Aude: &quot;L'\u00e9vacuation est en cours [...] dans le calme&quot;, affirme Alain Bucquet, pr\u00e9fet de l'Aude\"\/>1:38Rave party dans l&rsquo;Aude: \u00ab\u00a0L&rsquo;\u00e9vacuation est en cours [&#8230;] dans le calme\u00a0\u00bb, affirme Alain Bucquet, pr\u00e9fet de l&rsquo;Aude<\/a><a class=\"jumpToVideo\" target=\"_blank\"><img class=\"thumbnailPreview\"\/><\/a><\/p>\n","protected":false},"excerpt":{"rendered":"Attaque au couteau \u00e0 Marseille: \u00ab\u00a0On \u00e9tait face \u00e0 un individu qui \u00e9tait mena\u00e7ant et v\u00e9h\u00e9ment\u00a0\u00bb \u00e0 l&rsquo;\u00e9gard&hellip;\n","protected":false},"author":2,"featured_media":361225,"comment_status":"","ping_status":"","sticky":false,"template":"","format":"standard","meta":{"footnotes":""},"categories":[2814],"tags":[1111,11,1777,674,1011,27,884,12,882,25],"class_list":{"0":"post-361224","1":"post","2":"type-post","3":"status-publish","4":"format-standard","5":"has-post-thumbnail","7":"category-marseille","8":"tag-actu","9":"tag-actualites","10":"tag-eu","11":"tag-europe","12":"tag-fr","13":"tag-france","14":"tag-marseille","15":"tag-news","16":"tag-provence-alpes-cote-dazur","17":"tag-republique-francaise"},"share_on_mastodon":{"url":"https:\/\/pubeurope.com\/@fr\/115135791993432146","error":""},"_links":{"self":[{"href":"https:\/\/www.europesays.com\/fr\/wp-json\/wp\/v2\/posts\/361224","targetHints":{"allow":["GET"]}}],"collection":[{"href":"https:\/\/www.europesays.com\/fr\/wp-json\/wp\/v2\/posts"}],"about":[{"href":"https:\/\/www.europesays.com\/fr\/wp-json\/wp\/v2\/types\/post"}],"author":[{"embeddable":true,"href":"https:\/\/www.europesays.com\/fr\/wp-json\/wp\/v2\/users\/2"}],"replies":[{"embeddable":true,"href":"https:\/\/www.europesays.com\/fr\/wp-json\/wp\/v2\/comments?post=361224"}],"version-history":[{"count":0,"href":"https:\/\/www.europesays.com\/fr\/wp-json\/wp\/v2\/posts\/361224\/revisions"}],"wp:featuredmedia":[{"embeddable":true,"href":"https:\/\/www.europesays.com\/fr\/wp-json\/wp\/v2\/media\/361225"}],"wp:attachment":[{"href":"https:\/\/www.europesays.com\/fr\/wp-json\/wp\/v2\/media?parent=361224"}],"wp:term":[{"taxonomy":"category","embeddable":true,"href":"https:\/\/www.europesays.com\/fr\/wp-json\/wp\/v2\/categories?post=361224"},{"taxonomy":"post_tag","embeddable":true,"href":"https:\/\/www.europesays.com\/fr\/wp-json\/wp\/v2\/tags?post=361224"}],"curies":[{"name":"wp","href":"https:\/\/api.w.org\/{rel}","templated":true}]}}