{"id":361226,"date":"2025-09-02T17:05:09","date_gmt":"2025-09-02T17:05:09","guid":{"rendered":"https:\/\/www.europesays.com\/fr\/361226\/"},"modified":"2025-09-02T17:05:09","modified_gmt":"2025-09-02T17:05:09","slug":"une-dame-de-86-ans-privee-du-pendentif-souvenir-de-son-mari","status":"publish","type":"post","link":"https:\/\/www.europesays.com\/fr\/361226\/","title":{"rendered":"une dame de 86 ans priv\u00e9e du pendentif souvenir de son mari"},"content":{"rendered":"<p class=\"gmail-Paragraph gmail-SCXW120829165 gmail-BCX0\" lang=\"FR-FR\">Samedi 31 ao\u00fbt aux alentours de 17h50, une femme de 86 ans a \u00e9t\u00e9 victime d\u2019un vol avec violences dans son immeuble de l\u2019avenue de Saxe, \u00e0 Lyon (3e). \u00a0<\/p>\n<p class=\"gmail-Paragraph gmail-SCXW120829165 gmail-BCX0\" lang=\"FR-FR\">Alors qu\u2019elle se trouvait dans l\u2019ascenseur, un individu lui a arrach\u00e9 son pendentif en or avant de prendre la fuite.\u00a0<\/p>\n<p class=\"gmail-Paragraph gmail-SCXW120829165 gmail-BCX0\" lang=\"FR-FR\">Si la retrait\u00e9e n\u2019a heureusement pas \u00e9t\u00e9 gri\u00e8vement bless\u00e9e, l\u2019agression l\u2019a profond\u00e9ment marqu\u00e9e. Son fils a publi\u00e9 un message sur les r\u00e9seaux sociaux pour alerter : \u00ab\u00a0un individu a l\u00e2chement agress\u00e9 ma m\u00e8re [\u2026]. Il a vol\u00e9 LE souvenir de mon p\u00e8re, aujourd&rsquo;hui d\u00e9c\u00e9d\u00e9, auquel elle tenait le plus, le symbole de leurs d\u00e9cennies de mariage\u00a0\u00bb, a-t-il \u00e9crit en partageant la photo du bijou.\u00a0<\/p>\n<p class=\"gmail-Paragraph gmail-SCXW120829165 gmail-BCX0\" lang=\"FR-FR\">La victime a d\u00e9pos\u00e9 plainte d\u00e8s le lendemain. Une enqu\u00eate est en cours pour tenter de retrouver l\u2019auteur des faits.\u00a0<\/p>\n<p class=\"gmail-Paragraph gmail-SCXW120829165 gmail-BCX0\" lang=\"FR-FR\">Ce type d\u2019agression n\u2019est pas isol\u00e9 \u00e0 Lyon : depuis plusieurs mois, les autorit\u00e9s constatent une recrudescence de vols \u00e0 l\u2019arrach\u00e9 visant des bijoux port\u00e9s en public.<\/p>\n","protected":false},"excerpt":{"rendered":"Samedi 31 ao\u00fbt aux alentours de 17h50, une femme de 86 ans a \u00e9t\u00e9 victime d\u2019un vol avec&hellip;\n","protected":false},"author":2,"featured_media":361227,"comment_status":"","ping_status":"","sticky":false,"template":"","format":"standard","meta":{"footnotes":""},"categories":[1889],"tags":[1111,11,2813,2190,2430,1109,251,1112,2811,1777,674,118,1011,27,1922,1110,1114,2428,2810,12,241,316,25,2812,517,800],"class_list":{"0":"post-361226","1":"post","2":"type-post","3":"status-publish","4":"format-standard","5":"has-post-thumbnail","7":"category-lyon","8":"tag-actu","9":"tag-actualites","10":"tag-article","11":"tag-asvel","12":"tag-auvergne-rhone-alpes","13":"tag-breves","14":"tag-culture","15":"tag-depeches","16":"tag-economique","17":"tag-eu","18":"tag-europe","19":"tag-faits-divers","20":"tag-fr","21":"tag-france","22":"tag-info","23":"tag-informations","24":"tag-infos","25":"tag-lyon","26":"tag-lyonmag","27":"tag-news","28":"tag-ol","29":"tag-politique","30":"tag-republique-francaise","31":"tag-sociale","32":"tag-sport","33":"tag-transports"},"share_on_mastodon":{"url":"https:\/\/pubeurope.com\/@fr\/115135795962204299","error":""},"_links":{"self":[{"href":"https:\/\/www.europesays.com\/fr\/wp-json\/wp\/v2\/posts\/361226","targetHints":{"allow":["GET"]}}],"collection":[{"href":"https:\/\/www.europesays.com\/fr\/wp-json\/wp\/v2\/posts"}],"about":[{"href":"https:\/\/www.europesays.com\/fr\/wp-json\/wp\/v2\/types\/post"}],"author":[{"embeddable":true,"href":"https:\/\/www.europesays.com\/fr\/wp-json\/wp\/v2\/users\/2"}],"replies":[{"embeddable":true,"href":"https:\/\/www.europesays.com\/fr\/wp-json\/wp\/v2\/comments?post=361226"}],"version-history":[{"count":0,"href":"https:\/\/www.europesays.com\/fr\/wp-json\/wp\/v2\/posts\/361226\/revisions"}],"wp:featuredmedia":[{"embeddable":true,"href":"https:\/\/www.europesays.com\/fr\/wp-json\/wp\/v2\/media\/361227"}],"wp:attachment":[{"href":"https:\/\/www.europesays.com\/fr\/wp-json\/wp\/v2\/media?parent=361226"}],"wp:term":[{"taxonomy":"category","embeddable":true,"href":"https:\/\/www.europesays.com\/fr\/wp-json\/wp\/v2\/categories?post=361226"},{"taxonomy":"post_tag","embeddable":true,"href":"https:\/\/www.europesays.com\/fr\/wp-json\/wp\/v2\/tags?post=361226"}],"curies":[{"name":"wp","href":"https:\/\/api.w.org\/{rel}","templated":true}]}}