{"id":361228,"date":"2025-09-02T17:06:12","date_gmt":"2025-09-02T17:06:12","guid":{"rendered":"https:\/\/www.europesays.com\/fr\/361228\/"},"modified":"2025-09-02T17:06:12","modified_gmt":"2025-09-02T17:06:12","slug":"laventure-est-trop-aventureuse-selon-gilles-morisseau-membre-du-syndicat-mixte","status":"publish","type":"post","link":"https:\/\/www.europesays.com\/fr\/361228\/","title":{"rendered":"\u00ab\u00a0L\u2019aventure est trop aventureuse\u00a0\u00bb, selon Gilles Morisseau, membre du syndicat mixte"},"content":{"rendered":"<p>\u00ab\u00a0Grand Poitiers a toujours \u00e9t\u00e9 clair depuis le d\u00e9but\u00a0\u00bb, ass\u00e8ne Gilles Morisseau, l\u2019un des membres du syndicat mixte de l\u2019a\u00e9roport Poitiers-Biard <a target=\"_self\" href=\"https:\/\/www.lanouvellerepublique.fr\/vienne\/grand-poitiers\/vienne-le-budget-de-l-aeroport-refuse-par-grand-poitiers-1743760555\" rel=\"noopener\">repr\u00e9sentant Grand Poitiers<\/a>. \u00ab\u00a0Nous refusons de financer des compagnies low cost. Signer avec Volotea pour deux rotations par semaine, c\u2019est d\u00e9raisonnable et dangereux.\u00a0\u00bb Au sortir du comit\u00e9 syndical, la collectivit\u00e9 s\u2019est fendue d\u2019un communiqu\u00e9 de presse mettant \u00ab\u00a0en &#8230; <\/p>\n<p>    Cet article a \u00e9t\u00e9 tronqu\u00e9. Abonnez-vous pour lire l&rsquo;article complet sur notre site.<\/p>\n<p style=\"margin: 0 !important; padding: 0 !important; font-size: 12px !important;\">Cet article a \u00e9t\u00e9 tronqu\u00e9. Abonnez-vous pour lire l&rsquo;article complet.<\/p>\n<p>    <a href=\"https:\/\/www.lanouvellerepublique.fr\/abonnements\" style=\"display: inline-block; margin-top: 5px !important; padding: 6px 12px !important; background: #cb1c27; color: white; text-decoration: none; border-radius: 4px; font-size: 12px !important;\" target=\"_blank\" rel=\"noopener\"><br \/>\n      S&rsquo;abonner<br \/>\n    <\/a><\/p>\n","protected":false},"excerpt":{"rendered":"\u00ab\u00a0Grand Poitiers a toujours \u00e9t\u00e9 clair depuis le d\u00e9but\u00a0\u00bb, ass\u00e8ne Gilles Morisseau, l\u2019un des membres du syndicat mixte&hellip;\n","protected":false},"author":2,"featured_media":361229,"comment_status":"","ping_status":"","sticky":false,"template":"","format":"standard","meta":{"footnotes":""},"categories":[1889],"tags":[1392,1111,11,2430,49667,33,1777,674,1011,27,2428,12,1653,316,25,800,1584],"class_list":{"0":"post-361228","1":"post","2":"type-post","3":"status-publish","4":"format-standard","5":"has-post-thumbnail","7":"category-lyon","8":"tag-a-la-une-local","9":"tag-actu","10":"tag-actualites","11":"tag-auvergne-rhone-alpes","12":"tag-biard","13":"tag-economie","14":"tag-eu","15":"tag-europe","16":"tag-fr","17":"tag-france","18":"tag-lyon","19":"tag-news","20":"tag-poitiers","21":"tag-politique","22":"tag-republique-francaise","23":"tag-transports","24":"tag-vienne"},"share_on_mastodon":{"url":"https:\/\/pubeurope.com\/@fr\/115135799865063600","error":""},"_links":{"self":[{"href":"https:\/\/www.europesays.com\/fr\/wp-json\/wp\/v2\/posts\/361228","targetHints":{"allow":["GET"]}}],"collection":[{"href":"https:\/\/www.europesays.com\/fr\/wp-json\/wp\/v2\/posts"}],"about":[{"href":"https:\/\/www.europesays.com\/fr\/wp-json\/wp\/v2\/types\/post"}],"author":[{"embeddable":true,"href":"https:\/\/www.europesays.com\/fr\/wp-json\/wp\/v2\/users\/2"}],"replies":[{"embeddable":true,"href":"https:\/\/www.europesays.com\/fr\/wp-json\/wp\/v2\/comments?post=361228"}],"version-history":[{"count":0,"href":"https:\/\/www.europesays.com\/fr\/wp-json\/wp\/v2\/posts\/361228\/revisions"}],"wp:featuredmedia":[{"embeddable":true,"href":"https:\/\/www.europesays.com\/fr\/wp-json\/wp\/v2\/media\/361229"}],"wp:attachment":[{"href":"https:\/\/www.europesays.com\/fr\/wp-json\/wp\/v2\/media?parent=361228"}],"wp:term":[{"taxonomy":"category","embeddable":true,"href":"https:\/\/www.europesays.com\/fr\/wp-json\/wp\/v2\/categories?post=361228"},{"taxonomy":"post_tag","embeddable":true,"href":"https:\/\/www.europesays.com\/fr\/wp-json\/wp\/v2\/tags?post=361228"}],"curies":[{"name":"wp","href":"https:\/\/api.w.org\/{rel}","templated":true}]}}