{"id":361233,"date":"2025-09-02T17:09:11","date_gmt":"2025-09-02T17:09:11","guid":{"rendered":"https:\/\/www.europesays.com\/fr\/361233\/"},"modified":"2025-09-02T17:09:11","modified_gmt":"2025-09-02T17:09:11","slug":"eramet-figeac-aero-winfarm-les-valeurs-a-suivre-demain-a-paris-02-09-2025-a-1832","status":"publish","type":"post","link":"https:\/\/www.europesays.com\/fr\/361233\/","title":{"rendered":"Eramet, Figeac A\u00e9ro, Winfarm&#8230; Les valeurs \u00e0 suivre demain \u00e0 Paris &#8211; 02\/09\/2025 \u00e0 18:32"},"content":{"rendered":"<p>\n (AOF) &#8211;<br \/>\n <strong><br \/>\n  <a href=\"https:\/\/www.boursorama.com\/cours\/1rPERA\/\" rel=\"nofollow noopener\" target=\"_blank\"><br \/>\n   Eramet<br \/>\n  <\/a><br \/>\n <\/strong>\n<\/p>\n<p>\n Abel Martins\u2011Alexandre est nomm\u00e9 directeur financier d&rsquo;Eramet, en charge des syst\u00e8mes d&rsquo;information et des achats, poste qu&rsquo;il occupera \u00e0 compter du 15 septembre prochain. Il succ\u00e8de \u00e0 Nicolas Carr\u00e9, qui a annonc\u00e9 sa d\u00e9cision de quitter ses fonctions pour saisir une nouvelle opportunit\u00e9 professionnelle en dehors du groupe. Abel Martins\u2011Alexandre \u00e9tait jusque r\u00e9cemment \u00a0\u00bb managing director &amp; head of infrastructure, energy et industrials \u00a0\u00bb chez Lloyds Corporate &amp; Institutional Bank.\n<\/p>\n<p>\n <strong><br \/>\n  Figeac A\u00e9ro<br \/>\n <\/strong>\n<\/p>\n<p>\n L&rsquo;entreprise sp\u00e9cialis\u00e9e dans la sous-traitance d&rsquo;\u00e9quipements a\u00e9ronautiques communiquera son chiffre d&rsquo;affaires du premier trimestre.\n<\/p>\n<p>\n <strong><br \/>\n  Obiz<br \/>\n <\/strong>\n<\/p>\n<p>\n A l&rsquo;issue du premier semestre 2025, Obiz a enregistr\u00e9 un chiffre d&rsquo;affaires consolid\u00e9 de 57,8 millions d&rsquo;euros, en croissance totale de 11%. L&rsquo;activit\u00e9 historique du groupe, programmes relationnels et affinitaires, poursuit sa forte trajectoire de croissance, recueillant les fruits des 43 programmes sign\u00e9s sur l&rsquo;exercice 2024 (dont Decathlon, Air France Industries, Macif Avantages, Shiva, etc.) et des 27 nouveaux programmes d\u00e9j\u00e0 remport\u00e9s au premier semestre 2025 (dont Smerra, Comit\u00e9 national olympique et sportif fran\u00e7ais, Reward Pulse, Lucca, etc.).\n<\/p>\n<p>\n <strong><br \/>\n  Sogeclair<br \/>\n <\/strong>\n<\/p>\n<p>\n La soci\u00e9t\u00e9 d&rsquo;ing\u00e9nierie sp\u00e9cialiste de l&rsquo;a\u00e9ronautique pr\u00e9sentera ses r\u00e9sultats du premier semestre.\n<\/p>\n<p>\n Winfarm\n<\/p>\n<p>\n Le sp\u00e9cialiste de la vente \u00e0 distance de produits et de solutions au monde agricole et \u00e0 l&rsquo;\u00e9levage<\/p>\n<p> livrera son chiffre d&rsquo;affaires du deuxi\u00e8me trimestre.<\/p>\n","protected":false},"excerpt":{"rendered":"(AOF) &#8211; Eramet Abel Martins\u2011Alexandre est nomm\u00e9 directeur financier d&rsquo;Eramet, en charge des syst\u00e8mes d&rsquo;information et des achats,&hellip;\n","protected":false},"author":2,"featured_media":9135,"comment_status":"","ping_status":"","sticky":false,"template":"","format":"standard","meta":{"footnotes":""},"categories":[1888],"tags":[400,1111,1928,11,1927,398,408,405,1777,674,1011,27,403,402,399,404,12,1926,626,1925,25,401,406,407],"class_list":{"0":"post-361233","1":"post","2":"type-post","3":"status-publish","4":"format-standard","5":"has-post-thumbnail","7":"category-paris","8":"tag-action-cac-40","9":"tag-actu","10":"tag-actu-paris","11":"tag-actualites","12":"tag-actualites-paris","13":"tag-bourse-de-paris","14":"tag-boursorama","15":"tag-cotations","16":"tag-eu","17":"tag-europe","18":"tag-fr","19":"tag-france","20":"tag-indices-devises","21":"tag-investir","22":"tag-investissement","23":"tag-marche-boursier","24":"tag-news","25":"tag-news-paris","26":"tag-paris","27":"tag-paris-news","28":"tag-republique-francaise","29":"tag-sicav","30":"tag-trackers","31":"tag-warrants"},"share_on_mastodon":{"url":"https:\/\/pubeurope.com\/@fr\/115135811618236331","error":""},"_links":{"self":[{"href":"https:\/\/www.europesays.com\/fr\/wp-json\/wp\/v2\/posts\/361233","targetHints":{"allow":["GET"]}}],"collection":[{"href":"https:\/\/www.europesays.com\/fr\/wp-json\/wp\/v2\/posts"}],"about":[{"href":"https:\/\/www.europesays.com\/fr\/wp-json\/wp\/v2\/types\/post"}],"author":[{"embeddable":true,"href":"https:\/\/www.europesays.com\/fr\/wp-json\/wp\/v2\/users\/2"}],"replies":[{"embeddable":true,"href":"https:\/\/www.europesays.com\/fr\/wp-json\/wp\/v2\/comments?post=361233"}],"version-history":[{"count":0,"href":"https:\/\/www.europesays.com\/fr\/wp-json\/wp\/v2\/posts\/361233\/revisions"}],"wp:featuredmedia":[{"embeddable":true,"href":"https:\/\/www.europesays.com\/fr\/wp-json\/wp\/v2\/media\/9135"}],"wp:attachment":[{"href":"https:\/\/www.europesays.com\/fr\/wp-json\/wp\/v2\/media?parent=361233"}],"wp:term":[{"taxonomy":"category","embeddable":true,"href":"https:\/\/www.europesays.com\/fr\/wp-json\/wp\/v2\/categories?post=361233"},{"taxonomy":"post_tag","embeddable":true,"href":"https:\/\/www.europesays.com\/fr\/wp-json\/wp\/v2\/tags?post=361233"}],"curies":[{"name":"wp","href":"https:\/\/api.w.org\/{rel}","templated":true}]}}