{"id":361234,"date":"2025-09-02T17:10:13","date_gmt":"2025-09-02T17:10:13","guid":{"rendered":"https:\/\/www.europesays.com\/fr\/361234\/"},"modified":"2025-09-02T17:10:13","modified_gmt":"2025-09-02T17:10:13","slug":"lacteur-gerard-depardieu-sera-juge-a-paris-pour-viols-et-agressions-sexuelles","status":"publish","type":"post","link":"https:\/\/www.europesays.com\/fr\/361234\/","title":{"rendered":"L&rsquo;acteur G\u00e9rard Depardieu sera jug\u00e9 \u00e0 Paris pour viols et agressions sexuelles"},"content":{"rendered":"<p class=\"mb-4 text-lg md:leading-8 break-words\">L&rsquo;acteur fran\u00e7ais G\u00e9rard Depardieu a \u00e9t\u00e9 convoqu\u00e9 devant la cour criminelle d\u00e9partementale de Paris pour des accusations de viols et d&rsquo;agressions sexuelles contre l&rsquo;actrice Charlotte Arnould.<\/p>\n<p class=\"mb-4 text-lg md:leading-8 break-words\">\u00abJe suis soulag\u00e9e\u00bb, a \u00e9crit Arnould dans une publication sur Instagram mardi apr\u00e8s avoir re\u00e7u l&rsquo;ordonnance de mise en examen du juge d&rsquo;instruction. \u00abL&rsquo;ordonnance vient r\u00e9tablir une forme de v\u00e9rit\u00e9 judiciaire. Je crois que j&rsquo;ai du mal \u00e0 r\u00e9aliser tant c&rsquo;est \u00e9norme.\u00bb<\/p>\n<p class=\"mb-4 text-lg md:leading-8 break-words\">L&rsquo;avocate d&rsquo;Arnould, Me Carine Durrieu-Diebolt, n&rsquo;\u00e9tait pas imm\u00e9diatement disponible pour commenter. Elle a d\u00e9clar\u00e9 \u00e0 Franceinfo \u00eatre \u00abextr\u00eamement satisfaite\u00bb, ajoutant qu&rsquo;il s&rsquo;agissait d&rsquo;un \u00abmoment de v\u00e9rit\u00e9 judiciaire dans cette affaire\u00bb.<\/p>\n<p class=\"mb-4 text-lg md:leading-8 break-words\">L&rsquo;affaire remonte \u00e0 2018, lorsque le parquet de Paris a ouvert une enqu\u00eate pr\u00e9liminaire apr\u00e8s que l&rsquo;actrice a accus\u00e9 Depardieu de l&rsquo;avoir viol\u00e9e \u00e0 son domicile.<\/p>\n<p class=\"mb-4 text-lg md:leading-8 break-words\">\u00abLes faits de viols et d&rsquo;agressions sexuelles ont \u00e9t\u00e9 retenus pour les 7 et 13 ao\u00fbt, a \u00e9crit Arnould. D\u00e9sormais, nous attendons la suite.\u00bb<\/p>\n<p class=\"mb-4 text-lg md:leading-8 break-words\">Le parquet a d\u00e9pos\u00e9 une demande l&rsquo;ann\u00e9e derni\u00e8re pour que l&rsquo;affaire soit jug\u00e9e.<\/p>\n<p class=\"mb-4 text-lg md:leading-8 break-words\">Depardieu a \u00e9t\u00e9 reconnu coupable plus t\u00f4t cette ann\u00e9e d&rsquo;agression sexuelle sur deux femmes sur un plateau de tournage. Il a \u00e9t\u00e9 condamn\u00e9 \u00e0 18 mois de prison avec sursis dans cette affaire largement per\u00e7ue comme un test post-#MeToo pour l&rsquo;industrie cin\u00e9matographique fran\u00e7aise.<\/p>\n<p class=\"mb-4 text-lg md:leading-8 break-words\">Depardieu, 76 ans, figure embl\u00e9matique du cin\u00e9ma fran\u00e7ais depuis des d\u00e9cennies, a \u00e9t\u00e9 reconnu coupable d&rsquo;attouchements sur une d\u00e9coratrice de 54 ans et une assistante-r\u00e9alisatrice de 34 ans lors du tournage de \u00abLes volets verts\u00bb en 2021. Le tribunal a ordonn\u00e9 son inscription au fichier national des d\u00e9linquants sexuels.<\/p>\n<p class=\"mb-4 text-lg md:leading-8 break-words\">La longue et riche carri\u00e8re de Depardieu, qui, selon lui, compte plus de 250 films \u00e0 son actif, a fait de lui un g\u00e9ant du cin\u00e9ma fran\u00e7ais. Il a \u00e9t\u00e9 nomm\u00e9 aux Oscars en 1991 pour son interpr\u00e9tation de l&rsquo;\u00e9p\u00e9iste et po\u00e8te Cyrano de Bergerac.<\/p>\n<p class=\"mb-4 text-lg md:leading-8 break-words\">Ces derni\u00e8res ann\u00e9es, l&rsquo;acteur a \u00e9t\u00e9 accus\u00e9 publiquement ou formellement de mauvaise conduite par plus de vingt femmes, mais, jusqu&rsquo;\u00e0 pr\u00e9sent, seule l&rsquo;affaire d&rsquo;agression sexuelle a \u00e9t\u00e9 port\u00e9e devant les tribunaux. D&rsquo;autres affaires ont \u00e9t\u00e9 abandonn\u00e9es faute de preuves ou de prescription.<\/p>\n<p class=\"mb-4 text-lg md:leading-8 break-words\">The Associated Press<\/p>\n","protected":false},"excerpt":{"rendered":"L&rsquo;acteur fran\u00e7ais G\u00e9rard Depardieu a \u00e9t\u00e9 convoqu\u00e9 devant la cour criminelle d\u00e9partementale de Paris pour des accusations de&hellip;\n","protected":false},"author":2,"featured_media":361235,"comment_status":"","ping_status":"","sticky":false,"template":"","format":"standard","meta":{"footnotes":""},"categories":[1888],"tags":[1111,1928,11,1927,49668,8900,1777,674,1011,27,302,12,1926,626,1925,25],"class_list":{"0":"post-361234","1":"post","2":"type-post","3":"status-publish","4":"format-standard","5":"has-post-thumbnail","7":"category-paris","8":"tag-actu","9":"tag-actu-paris","10":"tag-actualites","11":"tag-actualites-paris","12":"tag-arnould","13":"tag-cinema-francais","14":"tag-eu","15":"tag-europe","16":"tag-fr","17":"tag-france","18":"tag-gerard-depardieu","19":"tag-news","20":"tag-news-paris","21":"tag-paris","22":"tag-paris-news","23":"tag-republique-francaise"},"share_on_mastodon":{"url":"https:\/\/pubeurope.com\/@fr\/115135815669094616","error":""},"_links":{"self":[{"href":"https:\/\/www.europesays.com\/fr\/wp-json\/wp\/v2\/posts\/361234","targetHints":{"allow":["GET"]}}],"collection":[{"href":"https:\/\/www.europesays.com\/fr\/wp-json\/wp\/v2\/posts"}],"about":[{"href":"https:\/\/www.europesays.com\/fr\/wp-json\/wp\/v2\/types\/post"}],"author":[{"embeddable":true,"href":"https:\/\/www.europesays.com\/fr\/wp-json\/wp\/v2\/users\/2"}],"replies":[{"embeddable":true,"href":"https:\/\/www.europesays.com\/fr\/wp-json\/wp\/v2\/comments?post=361234"}],"version-history":[{"count":0,"href":"https:\/\/www.europesays.com\/fr\/wp-json\/wp\/v2\/posts\/361234\/revisions"}],"wp:featuredmedia":[{"embeddable":true,"href":"https:\/\/www.europesays.com\/fr\/wp-json\/wp\/v2\/media\/361235"}],"wp:attachment":[{"href":"https:\/\/www.europesays.com\/fr\/wp-json\/wp\/v2\/media?parent=361234"}],"wp:term":[{"taxonomy":"category","embeddable":true,"href":"https:\/\/www.europesays.com\/fr\/wp-json\/wp\/v2\/categories?post=361234"},{"taxonomy":"post_tag","embeddable":true,"href":"https:\/\/www.europesays.com\/fr\/wp-json\/wp\/v2\/tags?post=361234"}],"curies":[{"name":"wp","href":"https:\/\/api.w.org\/{rel}","templated":true}]}}