{"id":361236,"date":"2025-09-02T17:11:09","date_gmt":"2025-09-02T17:11:09","guid":{"rendered":"https:\/\/www.europesays.com\/fr\/361236\/"},"modified":"2025-09-02T17:11:09","modified_gmt":"2025-09-02T17:11:09","slug":"une-eleve-condamnee-par-la-justice-a-rejoindre-le-meme-college-que-ses-presumes-harceleurs","status":"publish","type":"post","link":"https:\/\/www.europesays.com\/fr\/361236\/","title":{"rendered":"une \u00e9l\u00e8ve condamn\u00e9e par la justice \u00e0 rejoindre le m\u00eame coll\u00e8ge que ses pr\u00e9sum\u00e9s harceleurs"},"content":{"rendered":"<p>            Par<br \/>\n        <strong><br \/>\n            <a href=\"https:\/\/actu.fr\/auteur\/redaction-paris\" title=\"Consulter tous les articles de R\u00e9daction Paris\" target=\"_blank\" rel=\"noopener\">R\u00e9daction Paris<\/a><br \/>\n        <\/strong><\/p>\n<p>        Publi\u00e9 le<\/p>\n<p>            2 sept. 2025 \u00e0 18h34        <\/p>\n<p>La m\u00e8re de famille estimait qu\u2019il y avait \u00ab\u2009urgence\u2009\u00bb \u00e0 suspendre la d\u00e9cision de la <a href=\"https:\/\/actu.fr\/ile-de-france\/paris_75056\/education-julie-benetti-quitte-l-academie-de-creteil-pour-devenir-rectrice-de-paris_62365561.html\" target=\"_blank\" rel=\"noopener\">rectrice d\u2019acad\u00e9mie<\/a>. La justice administrative ne l\u2019a pas entendu de cette oreille. Le 13 juin 2025, une jeune fille a \u00e9t\u00e9 affect\u00e9e en classe de 6e au coll\u00e8ge Daniel-Mayer, dans le 18e arrondissement de <a href=\"https:\/\/actu.fr\/paris\/dernieres-actus\" target=\"_blank\" rel=\"noopener\">Paris<\/a>, o\u00f9 elle aurait \u00e9t\u00e9 en contact avec des \u00e9l\u00e8ves qui la <a href=\"https:\/\/actu.fr\/tag\/harcelement-scolaire\" target=\"_blank\" rel=\"noopener\">harcelaient<\/a>, soutenait sa maman. <br \/>Dans une requ\u00eate introduite devant le<a href=\"https:\/\/actu.fr\/tag\/tribunal-administratif-de-paris\" target=\"_blank\" rel=\"noopener\"> tribunal administratif<\/a>, le 28 juillet, elle a expliqu\u00e9 que \u00ab\u2009les inscriptions dans les \u00e9tablissements publics [devaient] \u00eatre finalis\u00e9es avant la fin du mois de juillet\u2009\u00bb. Il y avait donc un \u00ab\u2009risque\u2009\u00bb que sa fille soit \u00ab\u2009d\u00e9scolaris\u00e9e\u2009\u00bb\u2009; cela porterait \u00ab\u2009atteinte au droit \u00e0 l\u2019instruction\u2009\u00bb de l\u2019adolescente, en d\u00e9duisait-elle.<\/p>\n<p>Pas de risque de d\u00e9scolarisation<\/p>\n<p class=\" wall-content\">\u00ab\u2009Le juge peut ordonner la suspension d\u2019une d\u00e9cision administrative lorsque l\u2019urgence le justifie et qu\u2019il est fait \u00e9tat d\u2019un moyen propre \u00e0 cr\u00e9er un doute s\u00e9rieux quant \u00e0 sa l\u00e9galit\u00e9\u2009\u00bb, commence par rappeler de fa\u00e7on g\u00e9n\u00e9rale la juge des r\u00e9f\u00e9r\u00e9s du tribunal administratif de Paris dans une ordonnance du 1er ao\u00fbt 2025, qui vient d\u2019\u00eatre rendue publique. Mais un juge peut aussi, \u00ab\u2009par une ordonnance motiv\u00e9e\u2009\u00bb, rejeter une requ\u00eate \u00ab\u2009sans instruction ni audience\u2009\u00bb lorsque \u00ab\u2009la condition d\u2019urgence n\u2019est pas remplie\u2009\u00bb.<\/p>\n<p class=\" wall-content\">Or, dans cette affaire, \u00ab\u2009si Mme X. soutient qu\u2019il existe un risque s\u00e9rieux de d\u00e9scolarisation de l\u2019enfant, il est constant que celle-ci pourra \u00eatre accueillie en classe de 6e au coll\u00e8ge Daniel-Meyer, qui est son coll\u00e8ge de secteur\u2009\u00bb, souligne la magistrate.<\/p>\n<p class=\" wall-content\">\u00ab\u2009Si la requ\u00e9rante soutient que sa fille a fait l\u2019objet d\u2019un harc\u00e8lement moral de la part d\u2019autres enfants qui seront scolaris\u00e9s au sein de ce m\u00eame coll\u00e8ge et que cette circonstance ferait obstacle \u00e0 la poursuite de sa scolarit\u00e9 de sa fille dans celui-ci, elle n\u2019apporte aucun commencement de preuve au soutien de ses all\u00e9gations\u2009\u00bb, conclut la juge.<\/p>\n<p class=\" wall-content\">\u00ab\u2009Dans ces conditions, Mme X. ne justifie pas que la condition d\u2019urgence pos\u00e9e par les dispositions [\u2026] du Code de justice administrative est remplie.\u2009\u00bb<\/p>\n<p class=\" wall-content\"><strong>\/ED (PressPepper)<\/strong><\/p>\n<p class=\" wall-content\">Personnalisez votre actualit\u00e9 en ajoutant vos villes et m\u00e9dias en favori avec <a href=\"https:\/\/moncompte.actu.fr\" title=\"D\u00e9couvez Mon Actu\" rel=\"nofollow noopener\" data-trk=\"{&quot;cta&quot;:{&quot;action&quot;:&quot;https:\\\/\\\/moncompte.actu.fr&quot;,&quot;category&quot;:&quot;mon compte&quot;,&quot;from&quot;:&quot;article footer&quot;,&quot;name&quot;:&quot;Mon actu&quot;,&quot;type&quot;:&quot;cta&quot;}}\" target=\"_blank\">Mon Actu<\/a>.<\/p>\n","protected":false},"excerpt":{"rendered":"Par R\u00e9daction Paris Publi\u00e9 le 2 sept. 2025 \u00e0 18h34 La m\u00e8re de famille estimait qu\u2019il y avait&hellip;\n","protected":false},"author":2,"featured_media":361237,"comment_status":"","ping_status":"","sticky":false,"template":"","format":"standard","meta":{"footnotes":""},"categories":[1888],"tags":[29011,11,1777,674,118,1011,27,17930,303,12,626,25],"class_list":{"0":"post-361236","1":"post","2":"type-post","3":"status-publish","4":"format-standard","5":"has-post-thumbnail","7":"category-paris","8":"tag-academie-de-paris","9":"tag-actualites","10":"tag-eu","11":"tag-europe","12":"tag-faits-divers","13":"tag-fr","14":"tag-france","15":"tag-harcelement-scolaire","16":"tag-justice","17":"tag-news","18":"tag-paris","19":"tag-republique-francaise"},"share_on_mastodon":{"url":"https:\/\/pubeurope.com\/@fr\/115135819536176762","error":""},"_links":{"self":[{"href":"https:\/\/www.europesays.com\/fr\/wp-json\/wp\/v2\/posts\/361236","targetHints":{"allow":["GET"]}}],"collection":[{"href":"https:\/\/www.europesays.com\/fr\/wp-json\/wp\/v2\/posts"}],"about":[{"href":"https:\/\/www.europesays.com\/fr\/wp-json\/wp\/v2\/types\/post"}],"author":[{"embeddable":true,"href":"https:\/\/www.europesays.com\/fr\/wp-json\/wp\/v2\/users\/2"}],"replies":[{"embeddable":true,"href":"https:\/\/www.europesays.com\/fr\/wp-json\/wp\/v2\/comments?post=361236"}],"version-history":[{"count":0,"href":"https:\/\/www.europesays.com\/fr\/wp-json\/wp\/v2\/posts\/361236\/revisions"}],"wp:featuredmedia":[{"embeddable":true,"href":"https:\/\/www.europesays.com\/fr\/wp-json\/wp\/v2\/media\/361237"}],"wp:attachment":[{"href":"https:\/\/www.europesays.com\/fr\/wp-json\/wp\/v2\/media?parent=361236"}],"wp:term":[{"taxonomy":"category","embeddable":true,"href":"https:\/\/www.europesays.com\/fr\/wp-json\/wp\/v2\/categories?post=361236"},{"taxonomy":"post_tag","embeddable":true,"href":"https:\/\/www.europesays.com\/fr\/wp-json\/wp\/v2\/tags?post=361236"}],"curies":[{"name":"wp","href":"https:\/\/api.w.org\/{rel}","templated":true}]}}