{"id":361238,"date":"2025-09-02T17:12:14","date_gmt":"2025-09-02T17:12:14","guid":{"rendered":"https:\/\/www.europesays.com\/fr\/361238\/"},"modified":"2025-09-02T17:12:14","modified_gmt":"2025-09-02T17:12:14","slug":"la-marque-ines-de-la-fressange-paris-confie-sa-direction-generale-a-romain-trebuil","status":"publish","type":"post","link":"https:\/\/www.europesays.com\/fr\/361238\/","title":{"rendered":"La marque In\u00e8s de la Fressange Paris confie sa direction g\u00e9n\u00e9rale \u00e0 Romain Tr\u00e9buil"},"content":{"rendered":"<p>\n                                    <b>Publi\u00e9 le<\/b><br \/>\n                                    <\/p>\n<p>                                        2 septembre 2025<\/p>\n<p class=\"article-content col-md-8 offset-md-1\">\n                                Apr\u00e8s avoir \u00e9quip\u00e9 les sportifs responsables, Romain Tr\u00e9buil va habiller les \u00e9l\u00e9gantes sensibles au chic parisien: le cofondateur du label de sport responsable Circle, qui a quitt\u00e9 la jeune soci\u00e9t\u00e9 en d\u00e9but d&rsquo;ann\u00e9e, devient le directeur g\u00e9n\u00e9ral de la marque In\u00e8s de la Fressange \u00e0 compter de ce 3 septembre.<img decoding=\"async\" class=\"news-image\" style=\"width:100%;max-width:774px;\" src=\"https:\/\/www.europesays.com\/fr\/wp-content\/uploads\/2025\/09\/435e.jpg\" alt=\"Romain Tr\u00e9buil, nouveau directeur g\u00e9n\u00e9ral d'In\u00e8s de la Fressange Paris\" loading=\"lazy\"\/>Romain Tr\ufffdbuil, nouveau directeur g\ufffdn\ufffdral d&rsquo;In\ufffds de la Fressange Paris &#8211; Julia et By raw studioLa marque, qui porte le nom de la c\u00e9l\u00e8bre mannequin fran\u00e7aise, avait \u00e9t\u00e9 relanc\u00e9e en 2013 par un consortium d&rsquo;investisseurs et \u00e9tait pilot\u00e9e depuis par Fabrice Bo\u00e9. Romain Tr\u00e9buil, qui avant d&rsquo;initier Circle Sportswear en 2019, avait fond\u00e9 une marketplace d\u00e9di\u00e9 aux ressources humaines nomm\u00e9e Yoss et occup\u00e9 des fonctions strat\u00e9giques et marketing au d\u00e9but de sa carri\u00e8re dans les groupes de beaut\u00e9 et de mode L\u2019Or\u00e9al et Yves Saint Laurent, \u00ab\u00a0\u00e9paulera Fabrice Bo\u00e9, PDG, dans le d\u00e9ploiement d\u2019une nouvelle feuille de route strat\u00e9gique pour acc\u00e9l\u00e9rer le d\u00e9veloppement et l\u2019influence de la marque en France et \u00e0 l\u2019international\u00a0\u00bb, selon la communication de l&rsquo;entreprise.\n                            <\/p>\n<p>\n                                Tous droits de reproduction et de repr\u00e9sentation r\u00e9serv\u00e9s.<br \/>\u00a9 2025 FashionNetwork.com\n                            <\/p>\n","protected":false},"excerpt":{"rendered":"Publi\u00e9 le 2 septembre 2025 Apr\u00e8s avoir \u00e9quip\u00e9 les sportifs responsables, Romain Tr\u00e9buil va habiller les \u00e9l\u00e9gantes sensibles&hellip;\n","protected":false},"author":2,"featured_media":361239,"comment_status":"","ping_status":"","sticky":false,"template":"","format":"standard","meta":{"footnotes":""},"categories":[1888],"tags":[11,2424,537,2423,42686,1777,674,1011,27,4238,46639,32584,2425,985,12,2298,626,2426,2427,25,2421,13507,2422],"class_list":{"0":"post-361238","1":"post","2":"type-post","3":"status-publish","4":"format-standard","5":"has-post-thumbnail","7":"category-paris","8":"tag-actualites","9":"tag-beaute","10":"tag-contact","11":"tag-cosmetiques","12":"tag-dim","13":"tag-eu","14":"tag-europe","15":"tag-fr","16":"tag-france","17":"tag-galeries-lafayette","18":"tag-ines-de-la-fressange","19":"tag-loreal","20":"tag-luxe","21":"tag-mode","22":"tag-news","23":"tag-parfum","24":"tag-paris","25":"tag-professionnel","26":"tag-professionnels","27":"tag-republique-francaise","28":"tag-reseau","29":"tag-saint-laurent","30":"tag-textile"},"share_on_mastodon":{"url":"https:\/\/pubeurope.com\/@fr\/115135824029247792","error":""},"_links":{"self":[{"href":"https:\/\/www.europesays.com\/fr\/wp-json\/wp\/v2\/posts\/361238","targetHints":{"allow":["GET"]}}],"collection":[{"href":"https:\/\/www.europesays.com\/fr\/wp-json\/wp\/v2\/posts"}],"about":[{"href":"https:\/\/www.europesays.com\/fr\/wp-json\/wp\/v2\/types\/post"}],"author":[{"embeddable":true,"href":"https:\/\/www.europesays.com\/fr\/wp-json\/wp\/v2\/users\/2"}],"replies":[{"embeddable":true,"href":"https:\/\/www.europesays.com\/fr\/wp-json\/wp\/v2\/comments?post=361238"}],"version-history":[{"count":0,"href":"https:\/\/www.europesays.com\/fr\/wp-json\/wp\/v2\/posts\/361238\/revisions"}],"wp:featuredmedia":[{"embeddable":true,"href":"https:\/\/www.europesays.com\/fr\/wp-json\/wp\/v2\/media\/361239"}],"wp:attachment":[{"href":"https:\/\/www.europesays.com\/fr\/wp-json\/wp\/v2\/media?parent=361238"}],"wp:term":[{"taxonomy":"category","embeddable":true,"href":"https:\/\/www.europesays.com\/fr\/wp-json\/wp\/v2\/categories?post=361238"},{"taxonomy":"post_tag","embeddable":true,"href":"https:\/\/www.europesays.com\/fr\/wp-json\/wp\/v2\/tags?post=361238"}],"curies":[{"name":"wp","href":"https:\/\/api.w.org\/{rel}","templated":true}]}}