{"id":361242,"date":"2025-09-02T17:14:20","date_gmt":"2025-09-02T17:14:20","guid":{"rendered":"https:\/\/www.europesays.com\/fr\/361242\/"},"modified":"2025-09-02T17:14:20","modified_gmt":"2025-09-02T17:14:20","slug":"ukraine-les-bombardements-russes-marquent-un-nouveau-seuil-de-violence","status":"publish","type":"post","link":"https:\/\/www.europesays.com\/fr\/361242\/","title":{"rendered":"Ukraine : les bombardements russes marquent un nouveau seuil de violence"},"content":{"rendered":"<p>Dans la nuit du 27 au 28 ao\u00fbt, selon les autorit\u00e9s ukrainiennes, la Russie a lanc\u00e9 <strong>598 attaques de drones et 31 missiles<\/strong> contre le pays, frappant jusqu\u2019aux r\u00e9gions les plus \u00e9loign\u00e9es de la ligne de front. <strong>\u00c0 Kyiv, 23 personnes, dont quatre enfants, ont \u00e9t\u00e9 tu\u00e9es et 64 bless\u00e9es<\/strong>. Un immeuble de cinq \u00e9tages s\u2019est effondr\u00e9 sur ses habitants. La capitale a aussi vu ses institutions \u00e9trang\u00e8res touch\u00e9es : les locaux diplomatiques de l\u2019Union europ\u00e9enne et le si\u00e8ge du British Council ont \u00e9t\u00e9 \u00e9ventr\u00e9s.<\/p>\n<p>Ailleurs dans le pays, les sir\u00e8nes ont retenti jusque tard dans la nuit, for\u00e7ant les habitants \u00e0 se r\u00e9fugier dans des caves et des abris de fortune. Des victimes civiles ont \u00e9t\u00e9 signal\u00e9es dans le nord (Tchernihiv et Kharkiv), le centre (Zaporijjia), l\u2019est (Donetsk), le sud (Kherson) et l\u2019ouest (Vinnytsia), o\u00f9 un d\u00e9p\u00f4t ferroviaire a \u00e9t\u00e9 frapp\u00e9.<\/p>\n<p>Une escalade brutale<\/p>\n<p>Ces bombardements s\u2019inscrivent dans une spirale d\u2019une brutalit\u00e9 croissante. La semaine pr\u00e9c\u00e9dente, Moscou avait d\u00e9j\u00e0 lanc\u00e9 574 drones et 40 missiles. En juillet, le Haut-Commissariat de l&rsquo;ONU aux droits humains a recens\u00e9 <strong>1.674 victimes civiles, un record mensuel depuis mai 2022<\/strong>. Depuis le d\u00e9but du conflit, <strong>plus de 14.000 civils, dont 730 enfants, ont p\u00e9ri<\/strong> et plus de <strong>36.000 autres ont \u00e9t\u00e9 bless\u00e9s<\/strong>.<\/p>\n<p>            <img decoding=\"async\" src=\"https:\/\/www.europesays.com\/fr\/wp-content\/uploads\/2025\/09\/image3000x3000.jpg\" alt=\"R\u00e9union du Conseil de s\u00e9curit\u00e9 sur l'Ukraine.\" title=\"R\u00e9union du Conseil de s\u00e9curit\u00e9 sur l'Ukraine.\" loading=\"lazy\" width=\"3000\" height=\"3000\"\/><\/p>\n<p>R\u00e9union du Conseil de s\u00e9curit\u00e9 sur l&rsquo;Ukraine.<\/p>\n<p>Vendredi, devant le<strong> Conseil de s\u00e9curit\u00e9, r\u00e9uni \u00e0 la demande de l\u2019Ukraine, Miroslav Jen\u010da, le Sous-secr\u00e9taire g\u00e9n\u00e9ral pour l\u2019Europe, l\u2019Asie centrale et les Am\u00e9riques<\/strong>, a rappel\u00e9 que les attaques contre des civils et infrastructures civiles constituent une violation du droit international humanitaire. \u00ab Nous les condamnons toutes, o\u00f9 qu\u2019elles se produisent. Elles sont inacceptables et doivent cesser imm\u00e9diatement \u00bb, a-t-il insist\u00e9.<\/p>\n<p>\u00c0 l\u2019approche d\u2019un quatri\u00e8me hiver de guerre, les Nations Unies s\u2019inqui\u00e8tent de l\u2019aggravation de la crise humanitaire. L\u2019organisation affirme avoir apport\u00e9 une aide \u00e0 <strong>3,8 millions de personnes depuis janvier<\/strong> et pr\u00e9pare un plan d\u2019urgence pour <strong>1,7 million d\u2019Ukrainiens durant la saison froide<\/strong>. Mais, pr\u00e9vient M. Jen\u010da, \u00ab un soutien accru, souple et pr\u00e9visible des donateurs est indispensable \u00bb.<\/p>\n<p>Une impasse diplomatique<\/p>\n<p>Sur le plan diplomatique, quelques signaux avaient nourri l\u2019espoir d\u2019une d\u00e9sescalade : la rencontre directe, mi-ao\u00fbt, entre Donald Trump et Vladimir Poutine en Alaska, suivie d\u2019un sommet \u00e0 Washington entre le pensionnaire de la Maison Blanche, Volodymyr Zelensky et plusieurs dirigeants europ\u00e9ens.\u00a0<\/p>\n<p>Mais les frappes russes de grande ampleur risquent de r\u00e9duire ces efforts \u00e0 n\u00e9ant. M. Jen\u010da a exhort\u00e9 les parties \u00e0 \u00ab une d\u00e9sescalade imm\u00e9diate \u00bb et \u00e0 \u00ab redoubler d\u2019efforts pour cr\u00e9er les conditions d\u2019un processus diplomatique inclusif \u00bb.<\/p>\n<p>Le 25 ao\u00fbt, jour de la f\u00eate nationale ukrainienne, le pays c\u00e9l\u00e9brait les 34 ans de son ind\u00e9pendance de l&rsquo;ex-Union sovi\u00e9tique dans l\u2019ombre de \u00ab trois ans et demi de guerre \u00bb, a rappel\u00e9 le haut responsable onusien. \u00ab Nous r\u00e9it\u00e9rons l\u2019appel du Secr\u00e9taire g\u00e9n\u00e9ral \u00e0 un cessez-le-feu total, imm\u00e9diat et inconditionnel \u2013 un cessez-le-feu qui d\u00e9bouche sur une paix juste, globale et durable en Ukraine, garantissant pleinement la souverainet\u00e9, l\u2019ind\u00e9pendance et l\u2019int\u00e9grit\u00e9 territoriale du pays \u00bb.<\/p>\n","protected":false},"excerpt":{"rendered":"Dans la nuit du 27 au 28 ao\u00fbt, selon les autorit\u00e9s ukrainiennes, la Russie a lanc\u00e9 598 attaques&hellip;\n","protected":false},"author":2,"featured_media":361243,"comment_status":"","ping_status":"","sticky":false,"template":"","format":"standard","meta":{"footnotes":""},"categories":[1590],"tags":[11,1777,674,12,220],"class_list":{"0":"post-361242","1":"post","2":"type-post","3":"status-publish","4":"format-standard","5":"has-post-thumbnail","7":"category-ukraine","8":"tag-actualites","9":"tag-eu","10":"tag-europe","11":"tag-news","12":"tag-ukraine"},"share_on_mastodon":{"url":"https:\/\/pubeurope.com\/@fr\/115135831515529388","error":""},"_links":{"self":[{"href":"https:\/\/www.europesays.com\/fr\/wp-json\/wp\/v2\/posts\/361242","targetHints":{"allow":["GET"]}}],"collection":[{"href":"https:\/\/www.europesays.com\/fr\/wp-json\/wp\/v2\/posts"}],"about":[{"href":"https:\/\/www.europesays.com\/fr\/wp-json\/wp\/v2\/types\/post"}],"author":[{"embeddable":true,"href":"https:\/\/www.europesays.com\/fr\/wp-json\/wp\/v2\/users\/2"}],"replies":[{"embeddable":true,"href":"https:\/\/www.europesays.com\/fr\/wp-json\/wp\/v2\/comments?post=361242"}],"version-history":[{"count":0,"href":"https:\/\/www.europesays.com\/fr\/wp-json\/wp\/v2\/posts\/361242\/revisions"}],"wp:featuredmedia":[{"embeddable":true,"href":"https:\/\/www.europesays.com\/fr\/wp-json\/wp\/v2\/media\/361243"}],"wp:attachment":[{"href":"https:\/\/www.europesays.com\/fr\/wp-json\/wp\/v2\/media?parent=361242"}],"wp:term":[{"taxonomy":"category","embeddable":true,"href":"https:\/\/www.europesays.com\/fr\/wp-json\/wp\/v2\/categories?post=361242"},{"taxonomy":"post_tag","embeddable":true,"href":"https:\/\/www.europesays.com\/fr\/wp-json\/wp\/v2\/tags?post=361242"}],"curies":[{"name":"wp","href":"https:\/\/api.w.org\/{rel}","templated":true}]}}