{"id":361246,"date":"2025-09-02T17:16:15","date_gmt":"2025-09-02T17:16:15","guid":{"rendered":"https:\/\/www.europesays.com\/fr\/361246\/"},"modified":"2025-09-02T17:16:15","modified_gmt":"2025-09-02T17:16:15","slug":"allocation-sociale-unifiee-de-bayrou-le-royaume-uni-la-fait-et-ca-a-mal-fini","status":"publish","type":"post","link":"https:\/\/www.europesays.com\/fr\/361246\/","title":{"rendered":"Allocation sociale unifi\u00e9e de Bayrou : le Royaume-Uni l&rsquo;a fait&#8230; Et \u00e7a a mal fini"},"content":{"rendered":"<p>En mati\u00e8re de fusion des aides sociales, le gouvernement Bayrou serait bien avis\u00e9 de jeter un coup d\u2019\u0153il outre-Manche. D\u00e8s 2012, le Royaume-Uni a lanc\u00e9 son Universal Credit (UC) qui regroupe six allocations (allocation ch\u00f4mage, cr\u00e9dit d\u2019imp\u00f4t pour le retour \u00e0 l\u2019emploi, cr\u00e9dit d\u2019imp\u00f4t pour charge de famille, aide au logement, allocation invalidit\u00e9 et prestation de soutien au revenu pour les personnes dispens\u00e9es de recherche d\u2019emploi). Mais sa mise en place s\u2019est av\u00e9r\u00e9e bien plus complexe et co\u00fbteuse que pr\u00e9vu, au point de n\u2019\u00eatre toujours pas termin\u00e9e, treize ans apr\u00e8s son lancement&#8230;.<\/p>\n","protected":false},"excerpt":{"rendered":"En mati\u00e8re de fusion des aides sociales, le gouvernement Bayrou serait bien avis\u00e9 de jeter un coup d\u2019\u0153il&hellip;\n","protected":false},"author":2,"featured_media":361247,"comment_status":"","ping_status":"","sticky":false,"template":"","format":"standard","meta":{"footnotes":""},"categories":[1588],"tags":[11,49669,1777,674,12,24960,13852,473,1853,1851,1850,1852],"class_list":{"0":"post-361246","1":"post","2":"type-post","3":"status-publish","4":"format-standard","5":"has-post-thumbnail","7":"category-royaume-uni","8":"tag-actualites","9":"tag-aide-au-logement","10":"tag-eu","11":"tag-europe","12":"tag-news","13":"tag-pauvretu00e9","14":"tag-protection-sociale","15":"tag-royaume-uni","16":"tag-royaume-uni-de-grande-bretagne-et-dirlande-du-nord","17":"tag-uk","18":"tag-united-kingdom","19":"tag-united-kingdom-of-great-britain-and-northern-ireland"},"share_on_mastodon":{"url":"https:\/\/pubeurope.com\/@fr\/115135839217017984","error":""},"_links":{"self":[{"href":"https:\/\/www.europesays.com\/fr\/wp-json\/wp\/v2\/posts\/361246","targetHints":{"allow":["GET"]}}],"collection":[{"href":"https:\/\/www.europesays.com\/fr\/wp-json\/wp\/v2\/posts"}],"about":[{"href":"https:\/\/www.europesays.com\/fr\/wp-json\/wp\/v2\/types\/post"}],"author":[{"embeddable":true,"href":"https:\/\/www.europesays.com\/fr\/wp-json\/wp\/v2\/users\/2"}],"replies":[{"embeddable":true,"href":"https:\/\/www.europesays.com\/fr\/wp-json\/wp\/v2\/comments?post=361246"}],"version-history":[{"count":0,"href":"https:\/\/www.europesays.com\/fr\/wp-json\/wp\/v2\/posts\/361246\/revisions"}],"wp:featuredmedia":[{"embeddable":true,"href":"https:\/\/www.europesays.com\/fr\/wp-json\/wp\/v2\/media\/361247"}],"wp:attachment":[{"href":"https:\/\/www.europesays.com\/fr\/wp-json\/wp\/v2\/media?parent=361246"}],"wp:term":[{"taxonomy":"category","embeddable":true,"href":"https:\/\/www.europesays.com\/fr\/wp-json\/wp\/v2\/categories?post=361246"},{"taxonomy":"post_tag","embeddable":true,"href":"https:\/\/www.europesays.com\/fr\/wp-json\/wp\/v2\/tags?post=361246"}],"curies":[{"name":"wp","href":"https:\/\/api.w.org\/{rel}","templated":true}]}}